{"id":5306,"date":"2021-04-05T22:00:59","date_gmt":"2021-04-05T20:00:59","guid":{"rendered":"http:\/\/agora.xtec.cat\/iesgerbert\/?p=5306"},"modified":"2021-04-05T22:09:21","modified_gmt":"2021-04-05T20:09:21","slug":"en-memoria-deduard-casserras-gasol-1963-2021","status":"publish","type":"post","link":"https:\/\/agora.xtec.cat\/iesgerbert\/general\/en-memoria-deduard-casserras-gasol-1963-2021\/","title":{"rendered":"EN MEM\u00d2RIA D\u2019EDUARD CASSERRAS GASOL (1963-2021)"},"content":{"rendered":"<p class=\"western\" lang=\"ca-ES\" style=\"text-align: justify;\">Ja fa uns dies que ens han dit que has perdut la salut, per\u00f2 no ens en sabem avenir. Com hem de fer tots un dia o altre, has tancat el cercle, massa aviat al nostre parer.<\/p>\n<p class=\"western\" lang=\"ca-ES\" style=\"text-align: justify;\">Els teus companys i companyes, col\u00b7laboradors i deixebles de l\u2019institut Gerbert d\u2019Aurillac no et podrem oblidar. Despr\u00e9s d\u2019un temps com a professor de filosofia, vas marxar als Serveis Centrals del Departament d\u2019Ensenyament, des d\u2019on vas tornar al cap de poc per assumir la direcci\u00f3 de l\u2019institut. I tots vam veure que assumir responsabilitats era la teva missi\u00f3 en aquesta feina, a vegades tan ingrata, d\u2019educar persones.<\/p>\n<p class=\"western\" lang=\"ca-ES\" style=\"text-align: justify;\">De seguida vam veure els canvis: estaves preparat per a la tasca (ja feia anys que havies dirigit l\u2019institut Quercus), tenies clar qu\u00e8 era el que volies i com ho havies de fer. D\u2019entrada, vas triar el millor equip possible i, al cap de poc temps milloraven els resultats i la majoria d\u2019aquells indicadors que tenies tan clars. El missatge final \u00e9s que calia millorar la qualitat en el servei sense perdre de vista l\u2019equitat, \u00e9s a dir, l\u2019ess\u00e8ncia d\u2019una bona escola p\u00fablica: donar el millor i posar-lo a l\u2019abast de tothom.<\/p>\n<p class=\"western\" lang=\"ca-ES\" style=\"text-align: justify;\">De la vostra gesti\u00f3, a la que tu dedicaves hores i hores, en van sorgir intercanvis d\u2019idiomes, millores en el tractament de la diversitat, en els resultats d\u2019ESO i de batxillerat&#8230; I v\u00e0reu perseguir incansablement els objectius proposats, el cicle de FP que va arribar m\u00e9s tard, el batxillerat internacional que al final nom\u00e9s fa un centre p\u00fablic a Catalunya i, sobretot el batxibac. Vas tenir la visi\u00f3 que seria un est\u00edmul interessant per al centre, la vas compartir i avui collim els fruits d\u2019aquella visi\u00f3 tan avan\u00e7ada al seu temps. Avui som el centre amb el batxibac m\u00e9s veter\u00e0 del Serveis Territorials a la Catalunya Central i un exemple a seguir en aquest batxillerat d\u2019excel\u00b7l\u00e8ncia.<\/p>\n<p class=\"western\" lang=\"ca-ES\" style=\"text-align: justify;\">Gr\u00e0cies a aquella visi\u00f3 que vau tenir en la intimitat de l\u2019equip que dirigies, avui tenim un dels centres de secund\u00e0ria m\u00e9s ben valorat, del que en treuen profit, a vegades sense saber-ho, els alumnes de la zona.<\/p>\n<p class=\"western\" lang=\"ca-ES\" style=\"text-align: justify;\">La teva feina no ha esta en va, vas anar molt m\u00e9s enll\u00e0 de la teva obligaci\u00f3 i ara en gaudim les conseq\u00fc\u00e8ncies. En vida, hem procurat recon\u00e8ixer el teu llegat, per\u00f2 ara ho cridem als quatre vents sense que ens puguis renyar per la teva tossuda mod\u00e8stia.<\/p>\n<p class=\"western\" lang=\"ca-ES\" style=\"text-align: justify;\">Descansa en pau, Eduard!<\/p>\n<figure id=\"attachment_5305\" aria-describedby=\"caption-attachment-5305\" style=\"width: 472px\" class=\"wp-caption alignnone\"><a href=\"https:\/\/agora.xtec.cat\/iesgerbert\/wp-content\/uploads\/usu668\/2021\/04\/imatge.jpg\"><img loading=\"lazy\" decoding=\"async\" class=\"size-large wp-image-5305\" src=\"https:\/\/agora.xtec.cat\/iesgerbert\/wp-content\/uploads\/usu668\/2021\/04\/imatge-472x1024.jpg\" alt=\"\" width=\"472\" height=\"1024\" \/><\/a><figcaption id=\"caption-attachment-5305\" class=\"wp-caption-text\">OLYMPUS DIGITAL CAMERA<\/figcaption><\/figure>\n","protected":false},"excerpt":{"rendered":"<p>Ja fa uns dies que ens han dit que has perdut la salut, per\u00f2 no ens en sabem avenir. Com hem de fer tots un dia o altre, has tancat el cercle, massa aviat al nostre parer. Els teus companys i companyes, col\u00b7laboradors i deixebles de l\u2019institut Gerbert d\u2019Aurillac no et podrem oblidar. Despr\u00e9s d\u2019un temps com a professor de filosofia, vas marxar als Serveis Centrals del Departament d\u2019Ensenyament, des d\u2019on vas tornar al cap de poc per assumir la direcci\u00f3 de l\u2019institut. <\/p>\n","protected":false},"author":6,"featured_media":5308,"comment_status":"open","ping_status":"closed","sticky":false,"template":"","format":"standard","meta":{"_bbp_topic_count":0,"_bbp_reply_count":0,"_bbp_total_topic_count":0,"_bbp_total_reply_count":0,"_bbp_voice_count":0,"_bbp_anonymous_reply_count":0,"_bbp_topic_count_hidden":0,"_bbp_reply_count_hidden":0,"_bbp_forum_subforum_count":0,"site-sidebar-layout":"default","site-content-layout":"","ast-site-content-layout":"","site-content-style":"default","site-sidebar-style":"default","ast-global-header-display":"","ast-banner-title-visibility":"","ast-main-header-display":"","ast-hfb-above-header-display":"","ast-hfb-below-header-display":"","ast-hfb-mobile-header-display":"","site-post-title":"","ast-breadcrumbs-content":"","ast-featured-img":"","footer-sml-layout":"","theme-transparent-header-meta":"","adv-header-id-meta":"","stick-header-meta":"","header-above-stick-meta":"","header-main-stick-meta":"","header-below-stick-meta":"","astra-migrate-meta-layouts":"default","ast-page-background-enabled":"default","ast-page-background-meta":{"desktop":{"background-color":"var(--ast-global-color-4)","background-image":"","background-repeat":"repeat","background-position":"center center","background-size":"auto","background-attachment":"scroll","background-type":"","background-media":"","overlay-type":"","overlay-color":"","overlay-opacity":"","overlay-gradient":""},"tablet":{"background-color":"","background-image":"","background-repeat":"repeat","background-position":"center center","background-size":"auto","background-attachment":"scroll","background-type":"","background-media":"","overlay-type":"","overlay-color":"","overlay-opacity":"","overlay-gradient":""},"mobile":{"background-color":"","background-image":"","background-repeat":"repeat","background-position":"center center","background-size":"auto","background-attachment":"scroll","background-type":"","background-media":"","overlay-type":"","overlay-color":"","overlay-opacity":"","overlay-gradient":""}},"ast-content-background-meta":{"desktop":{"background-color":"var(--ast-global-color-5)","background-image":"","background-repeat":"repeat","background-position":"center center","background-size":"auto","background-attachment":"scroll","background-type":"","background-media":"","overlay-type":"","overlay-color":"","overlay-opacity":"","overlay-gradient":""},"tablet":{"background-color":"var(--ast-global-color-5)","background-image":"","background-repeat":"repeat","background-position":"center center","background-size":"auto","background-attachment":"scroll","background-type":"","background-media":"","overlay-type":"","overlay-color":"","overlay-opacity":"","overlay-gradient":""},"mobile":{"background-color":"var(--ast-global-color-5)","background-image":"","background-repeat":"repeat","background-position":"center center","background-size":"auto","background-attachment":"scroll","background-type":"","background-media":"","overlay-type":"","overlay-color":"","overlay-opacity":"","overlay-gradient":""}},"footnotes":""},"categories":[31,8,3,1,30,29],"tags":[],"class_list":["post-5306","post","type-post","status-publish","format-standard","has-post-thumbnail","hentry","category-afa","category-batxillerat","category-eso","category-general","category-programa-formacio-insercio","category-portada"],"post_mailing_queue_ids":[],"_links":{"self":[{"href":"https:\/\/agora.xtec.cat\/iesgerbert\/wp-json\/wp\/v2\/posts\/5306","targetHints":{"allow":["GET"]}}],"collection":[{"href":"https:\/\/agora.xtec.cat\/iesgerbert\/wp-json\/wp\/v2\/posts"}],"about":[{"href":"https:\/\/agora.xtec.cat\/iesgerbert\/wp-json\/wp\/v2\/types\/post"}],"author":[{"embeddable":true,"href":"https:\/\/agora.xtec.cat\/iesgerbert\/wp-json\/wp\/v2\/users\/6"}],"replies":[{"embeddable":true,"href":"https:\/\/agora.xtec.cat\/iesgerbert\/wp-json\/wp\/v2\/comments?post=5306"}],"version-history":[{"count":3,"href":"https:\/\/agora.xtec.cat\/iesgerbert\/wp-json\/wp\/v2\/posts\/5306\/revisions"}],"predecessor-version":[{"id":5310,"href":"https:\/\/agora.xtec.cat\/iesgerbert\/wp-json\/wp\/v2\/posts\/5306\/revisions\/5310"}],"wp:featuredmedia":[{"embeddable":true,"href":"https:\/\/agora.xtec.cat\/iesgerbert\/wp-json\/wp\/v2\/media\/5308"}],"wp:attachment":[{"href":"https:\/\/agora.xtec.cat\/iesgerbert\/wp-json\/wp\/v2\/media?parent=5306"}],"wp:term":[{"taxonomy":"category","embeddable":true,"href":"https:\/\/agora.xtec.cat\/iesgerbert\/wp-json\/wp\/v2\/categories?post=5306"},{"taxonomy":"post_tag","embeddable":true,"href":"https:\/\/agora.xtec.cat\/iesgerbert\/wp-json\/wp\/v2\/tags?post=5306"}],"curies":[{"name":"wp","href":"https:\/\/api.w.org\/{rel}","templated":true}]}}