{"id":5169,"date":"2021-03-11T12:26:09","date_gmt":"2021-03-11T11:26:09","guid":{"rendered":"http:\/\/agora.xtec.cat\/iesgerbert\/?p=5169"},"modified":"2021-03-12T17:12:41","modified_gmt":"2021-03-12T16:12:41","slug":"xerrada-dorientacio-de-cicles-formatius-a-4t-deso","status":"publish","type":"post","link":"https:\/\/agora.xtec.cat\/iesgerbert\/general\/xerrada-dorientacio-de-cicles-formatius-a-4t-deso\/","title":{"rendered":"XERRADA D&#8217;ORIENTACI\u00d3 DE CICLES FORMATIUS A 4t D&#8217;ESO"},"content":{"rendered":"<p style=\"text-align: justify;\">Aquest passat dilluns dia 8 de mar\u00e7, Antoni Montiel, professor de FP i membre del grup d&#8217;orientaci\u00f3 de cicles formatius de la Catalunya Central, va fer una s\u00e8rie de xerrades als grups de 4t d&#8217;ESO del centre. Entre d&#8217;altres coses va explicar qu\u00e8 \u00e9s la Formaci\u00f3 Professional i com s&#8217;organitza. Tamb\u00e9 va comentar quina \u00e9s l&#8217;oferta de cicles formatius de la nostra zona i les grans possibilitats d&#8217;inserci\u00f3 laboral que ofereixen aquests estudis. Es va centrar especialment en els estudis de grau mitj\u00e0, ja que la xerrada estava enfocada als alumnes de 4t d&#8217;ESO. Per altra banda, la possibilitat d&#8217;estudiar i treballar al mateix temps i de forma remunerada a trav\u00e9s de la formaci\u00f3 dual, que tots els cicles podran oferir a partir del curs 21-22.\u00a0 Moltes gr\u00e0cies Toni per la xerrada!<\/p>\n<p>&nbsp;<\/p>\n<p><strong>Enlla\u00e7os d&#8217;inter\u00e8s per consultar els estudis de FP:<\/strong><\/p>\n<p><strong>Fira de l\u2019Estudiant:<\/strong> del 14 al 18 d\u2019abril del 2021 en format virtual<\/p>\n<p><strong>Jornades de portes obertes<\/strong> dels diversos centres<\/p>\n<p><strong>Web Estudiar a Catalunya:<\/strong> <a href=\"http:\/\/queestudiar.gencat.cat\/ca\/index.html\">http:\/\/queestudiar.gencat.cat\/ca\/index.html<\/a><\/p>\n<p><strong>Web FP Dual:<\/strong> <a href=\"https:\/\/agora.xtec.cat\/fpdual\/\">https:\/\/agora.xtec.cat\/fpdual\/<\/a><\/p>\n<p><a href=\"https:\/\/agora.xtec.cat\/iesgerbert\/wp-content\/uploads\/usu668\/2021\/03\/IMG-20210310-WA0011-1.jpg\"><img loading=\"lazy\" decoding=\"async\" class=\"alignnone wp-image-5167\" src=\"https:\/\/agora.xtec.cat\/iesgerbert\/wp-content\/uploads\/usu668\/2021\/03\/IMG-20210310-WA0011-1-1024x768.jpg\" alt=\"\" width=\"424\" height=\"318\" srcset=\"https:\/\/agora.xtec.cat\/iesgerbert\/wp-content\/uploads\/usu668\/2021\/03\/IMG-20210310-WA0011-1-1024x768.jpg 1024w, https:\/\/agora.xtec.cat\/iesgerbert\/wp-content\/uploads\/usu668\/2021\/03\/IMG-20210310-WA0011-1-300x225.jpg 300w, https:\/\/agora.xtec.cat\/iesgerbert\/wp-content\/uploads\/usu668\/2021\/03\/IMG-20210310-WA0011-1-768x576.jpg 768w, https:\/\/agora.xtec.cat\/iesgerbert\/wp-content\/uploads\/usu668\/2021\/03\/IMG-20210310-WA0011-1-200x150.jpg 200w, https:\/\/agora.xtec.cat\/iesgerbert\/wp-content\/uploads\/usu668\/2021\/03\/IMG-20210310-WA0011-1.jpg 2000w\" sizes=\"auto, (max-width: 424px) 100vw, 424px\" \/> <\/a><a href=\"https:\/\/agora.xtec.cat\/iesgerbert\/wp-content\/uploads\/usu668\/2021\/03\/IMG-20210310-WA0010.jpg\"><img loading=\"lazy\" decoding=\"async\" class=\"alignnone wp-image-5166\" src=\"https:\/\/agora.xtec.cat\/iesgerbert\/wp-content\/uploads\/usu668\/2021\/03\/IMG-20210310-WA0010-1024x768.jpg\" alt=\"\" width=\"425\" height=\"319\" srcset=\"https:\/\/agora.xtec.cat\/iesgerbert\/wp-content\/uploads\/usu668\/2021\/03\/IMG-20210310-WA0010-1024x768.jpg 1024w, https:\/\/agora.xtec.cat\/iesgerbert\/wp-content\/uploads\/usu668\/2021\/03\/IMG-20210310-WA0010-300x225.jpg 300w, https:\/\/agora.xtec.cat\/iesgerbert\/wp-content\/uploads\/usu668\/2021\/03\/IMG-20210310-WA0010-768x576.jpg 768w, https:\/\/agora.xtec.cat\/iesgerbert\/wp-content\/uploads\/usu668\/2021\/03\/IMG-20210310-WA0010-200x150.jpg 200w, https:\/\/agora.xtec.cat\/iesgerbert\/wp-content\/uploads\/usu668\/2021\/03\/IMG-20210310-WA0010.jpg 2000w\" sizes=\"auto, (max-width: 425px) 100vw, 425px\" \/><\/a><\/p>\n<p><a href=\"https:\/\/agora.xtec.cat\/iesgerbert\/wp-content\/uploads\/usu668\/2021\/03\/IMG-20210310-WA0010.jpg\"><img loading=\"lazy\" decoding=\"async\" class=\"alignnone wp-image-5166\" src=\"https:\/\/agora.xtec.cat\/iesgerbert\/wp-content\/uploads\/usu668\/2021\/03\/IMG-20210310-WA0010-1024x768.jpg\" alt=\"\" width=\"784\" height=\"588\" srcset=\"https:\/\/agora.xtec.cat\/iesgerbert\/wp-content\/uploads\/usu668\/2021\/03\/IMG-20210310-WA0010-1024x768.jpg 1024w, https:\/\/agora.xtec.cat\/iesgerbert\/wp-content\/uploads\/usu668\/2021\/03\/IMG-20210310-WA0010-300x225.jpg 300w, https:\/\/agora.xtec.cat\/iesgerbert\/wp-content\/uploads\/usu668\/2021\/03\/IMG-20210310-WA0010-768x576.jpg 768w, https:\/\/agora.xtec.cat\/iesgerbert\/wp-content\/uploads\/usu668\/2021\/03\/IMG-20210310-WA0010-200x150.jpg 200w, https:\/\/agora.xtec.cat\/iesgerbert\/wp-content\/uploads\/usu668\/2021\/03\/IMG-20210310-WA0010.jpg 2000w\" sizes=\"auto, (max-width: 784px) 100vw, 784px\" \/><\/a><\/p>\n<p>&nbsp;<\/p>\n","protected":false},"excerpt":{"rendered":"<p>Aquest passat dilluns dia 8 de mar\u00e7, Antoni Montiel, professor de FP i membre del grup d&#8217;orientaci\u00f3 de cicles formatius de la Catalunya Central, va fer una s\u00e8rie de xerrades als grups de 4t d&#8217;ESO del centre. Entre d&#8217;altres coses va explicar qu\u00e8 \u00e9s la Formaci\u00f3 Professional i com s&#8217;organitza. Tamb\u00e9 va comentar quina \u00e9s l&#8217;oferta de cicles formatius de la nostra zona i les grans possibilitats d&#8217;inserci\u00f3 laboral que ofereixen aquests estudis. Es va centrar especialment en els estudis de grau mitj\u00e0, ja que la xerrada estava enfocada als alumnes de 4t d&#8217;ESO. <\/p>\n","protected":false},"author":6,"featured_media":5167,"comment_status":"open","ping_status":"closed","sticky":false,"template":"","format":"standard","meta":{"_bbp_topic_count":0,"_bbp_reply_count":0,"_bbp_total_topic_count":0,"_bbp_total_reply_count":0,"_bbp_voice_count":0,"_bbp_anonymous_reply_count":0,"_bbp_topic_count_hidden":0,"_bbp_reply_count_hidden":0,"_bbp_forum_subforum_count":0,"site-sidebar-layout":"default","site-content-layout":"","ast-site-content-layout":"","site-content-style":"default","site-sidebar-style":"default","ast-global-header-display":"","ast-banner-title-visibility":"","ast-main-header-display":"","ast-hfb-above-header-display":"","ast-hfb-below-header-display":"","ast-hfb-mobile-header-display":"","site-post-title":"","ast-breadcrumbs-content":"","ast-featured-img":"","footer-sml-layout":"","theme-transparent-header-meta":"","adv-header-id-meta":"","stick-header-meta":"","header-above-stick-meta":"","header-main-stick-meta":"","header-below-stick-meta":"","astra-migrate-meta-layouts":"default","ast-page-background-enabled":"default","ast-page-background-meta":{"desktop":{"background-color":"var(--ast-global-color-4)","background-image":"","background-repeat":"repeat","background-position":"center center","background-size":"auto","background-attachment":"scroll","background-type":"","background-media":"","overlay-type":"","overlay-color":"","overlay-opacity":"","overlay-gradient":""},"tablet":{"background-color":"","background-image":"","background-repeat":"repeat","background-position":"center center","background-size":"auto","background-attachment":"scroll","background-type":"","background-media":"","overlay-type":"","overlay-color":"","overlay-opacity":"","overlay-gradient":""},"mobile":{"background-color":"","background-image":"","background-repeat":"repeat","background-position":"center center","background-size":"auto","background-attachment":"scroll","background-type":"","background-media":"","overlay-type":"","overlay-color":"","overlay-opacity":"","overlay-gradient":""}},"ast-content-background-meta":{"desktop":{"background-color":"var(--ast-global-color-5)","background-image":"","background-repeat":"repeat","background-position":"center center","background-size":"auto","background-attachment":"scroll","background-type":"","background-media":"","overlay-type":"","overlay-color":"","overlay-opacity":"","overlay-gradient":""},"tablet":{"background-color":"var(--ast-global-color-5)","background-image":"","background-repeat":"repeat","background-position":"center center","background-size":"auto","background-attachment":"scroll","background-type":"","background-media":"","overlay-type":"","overlay-color":"","overlay-opacity":"","overlay-gradient":""},"mobile":{"background-color":"var(--ast-global-color-5)","background-image":"","background-repeat":"repeat","background-position":"center center","background-size":"auto","background-attachment":"scroll","background-type":"","background-media":"","overlay-type":"","overlay-color":"","overlay-opacity":"","overlay-gradient":""}},"footnotes":""},"categories":[31,8,3,1,30,29],"tags":[],"class_list":["post-5169","post","type-post","status-publish","format-standard","has-post-thumbnail","hentry","category-afa","category-batxillerat","category-eso","category-general","category-programa-formacio-insercio","category-portada"],"post_mailing_queue_ids":[],"_links":{"self":[{"href":"https:\/\/agora.xtec.cat\/iesgerbert\/wp-json\/wp\/v2\/posts\/5169","targetHints":{"allow":["GET"]}}],"collection":[{"href":"https:\/\/agora.xtec.cat\/iesgerbert\/wp-json\/wp\/v2\/posts"}],"about":[{"href":"https:\/\/agora.xtec.cat\/iesgerbert\/wp-json\/wp\/v2\/types\/post"}],"author":[{"embeddable":true,"href":"https:\/\/agora.xtec.cat\/iesgerbert\/wp-json\/wp\/v2\/users\/6"}],"replies":[{"embeddable":true,"href":"https:\/\/agora.xtec.cat\/iesgerbert\/wp-json\/wp\/v2\/comments?post=5169"}],"version-history":[{"count":3,"href":"https:\/\/agora.xtec.cat\/iesgerbert\/wp-json\/wp\/v2\/posts\/5169\/revisions"}],"predecessor-version":[{"id":5188,"href":"https:\/\/agora.xtec.cat\/iesgerbert\/wp-json\/wp\/v2\/posts\/5169\/revisions\/5188"}],"wp:featuredmedia":[{"embeddable":true,"href":"https:\/\/agora.xtec.cat\/iesgerbert\/wp-json\/wp\/v2\/media\/5167"}],"wp:attachment":[{"href":"https:\/\/agora.xtec.cat\/iesgerbert\/wp-json\/wp\/v2\/media?parent=5169"}],"wp:term":[{"taxonomy":"category","embeddable":true,"href":"https:\/\/agora.xtec.cat\/iesgerbert\/wp-json\/wp\/v2\/categories?post=5169"},{"taxonomy":"post_tag","embeddable":true,"href":"https:\/\/agora.xtec.cat\/iesgerbert\/wp-json\/wp\/v2\/tags?post=5169"}],"curies":[{"name":"wp","href":"https:\/\/api.w.org\/{rel}","templated":true}]}}