{"id":5142,"date":"2021-03-11T09:53:43","date_gmt":"2021-03-11T08:53:43","guid":{"rendered":"http:\/\/agora.xtec.cat\/iesgerbert\/?p=5142"},"modified":"2021-03-12T17:15:21","modified_gmt":"2021-03-12T16:15:21","slug":"en-temps-de-canvis-a-l-institut","status":"publish","type":"post","link":"https:\/\/agora.xtec.cat\/iesgerbert\/general\/en-temps-de-canvis-a-l-institut\/","title":{"rendered":"TEMPS DE CANVIS AL CENTRE"},"content":{"rendered":"<p style=\"text-align: justify;\">Aquestes darreres setmanes han estat de les m\u00e9s dures en la gesti\u00f3 de les conseq\u00fc\u00e8ncies de la pand\u00e8mia a l\u2019institut, per\u00f2 tot i aix\u00ed, ens volem enfilar una mica a l\u2019arbre que ens tapa la visi\u00f3 del bosc i veure els canvis m\u00e9s profunds que afecten la nostra societat, al costat d\u2019aquesta male\u00efda pand\u00e8mia, que no deixa de marcar la nostra vida actual, per\u00f2 que confiem que desaparegui a curt termini i deixi d\u2019afectar les nostres vides, molt especialment la dels alumnes i adolescents que han vist dificultat el seu desenvolupament ps\u00edquic i emocional.<\/p>\n<p style=\"text-align: justify;\">Aix\u00ed, en aquest article del mes de mar\u00e7, just en el vint\u00e8 aniversari de la inauguraci\u00f3 de l\u2019edifici de l\u2019institut per part de la consellera d\u2019Ensenyament Carme Laura Gil, volem tractar de l\u2019assoliment de la igualtat com a canvi profund de la societat i de la gesti\u00f3 del brot de COVID a l\u2019institut, com a crisi temporal que ha calgut afrontar.<\/p>\n<p style=\"text-align: justify;\"><b>Celebraci\u00f3 del Dia Internacional de les Dones <\/b><\/p>\n<p style=\"text-align: justify;\">Al llarg del passat dilluns 8 de mar\u00e7 a l\u2019institut s\u2019ha dut a terme un seguit d\u2019actes per conscienciar a l\u2019alumnat de la import\u00e0ncia de l\u2019assoliment de la igualtat efectiva d\u2019oportunitats entre les persones de diferents g\u00e8neres.<\/p>\n<p style=\"text-align: justify;\">A primers de mes, l\u2019institut va lliurar a l\u2019Ajuntament el conjunt de cartolines amb produccions art\u00edstiques que avui decoren la fa\u00e7ana amb el tema de la desigualtat en l\u2019esport. La tria del tema ha estat un encert, com ho demostra el fet que diverses professores i molts alumnes s\u2019hi ha posat seriosament en molt poc temps, de manera que s\u2019ha realitzat un conjunt de produccions art\u00edstiques notables entre cal\u00b7ligrames (coordinats per les professores de l\u2019\u00e0mbit de lleng\u00fces), poemes gr\u00e0fics, infografies i dibuixos, amb la col\u00b7laboraci\u00f3 de les professores de ci\u00e8ncies socials i d\u2019educaci\u00f3 visual i pl\u00e0stica.<\/p>\n<p style=\"text-align: justify;\">Per comen\u00e7ar la jornada, s\u2019han penjat als vidres d\u2019acc\u00e9s a l\u2019institut la resta de cartolines amb produccions art\u00edstiques fetes per alumnes sobre la desigualtat en l\u2019esport que no es van portar a l\u2019Ajuntament. A mig mat\u00ed, s\u2019ha celebrat un acte reivindicatiu per separat (les mesures per la pand\u00e8mia ens hi obliguen) amb els grups d\u2019ESO i de Batxillerat, en el decurs del qual un grup d\u2019alumnes de 4t han fet una representaci\u00f3 en la que es posaven en la pell de dones que han patit tot tipus d\u2019abusos i discriminacions o que han estat assassinades. En paral\u00b7lel, des del departament de Lleng\u00fces s\u2019ha muntat una parada de llibres que tracten sobre la desigualtat de g\u00e8nere des de diversos punts de vista -abusos, difer\u00e8ncia salarial&#8230;- i s\u2019han posat a disposici\u00f3 de l\u2019alumnat que els vulgui llegir, com un servei \u201ctem\u00e0tic\u201d m\u00e9s de la biblioteca escolar.<\/p>\n<p style=\"text-align: justify;\"><b>Gesti\u00f3 del brot de COVID<\/b><\/p>\n<p style=\"text-align: justify;\">Com \u00e9s p\u00fablic gr\u00e0cies al portal de transpar\u00e8ncia de l\u2019evoluci\u00f3 de la pand\u00e8mia en els centres educatius, el \u201ctra\u00e7acovid\u201d, l\u2019institut ha estat v\u00edctima de la difusi\u00f3 d\u2019un brot de l\u2019anomenada soca o variant brit\u00e0nica de la malaltia.<\/p>\n<p style=\"text-align: justify;\">El febrer havia estat un mes relativament tranquil en el que fa a l\u2019afectaci\u00f3 de la malaltia, tant al poble com al centre, per\u00f2 al llarg de la darrera setmana van apar\u00e8ixer els primers casos d\u2019aquesta variant que es caracteritza per ser m\u00e9s contagiosa. A mesura que diversos alumnes donaven positiu en els resultats dels testos PCR, les autoritats de la Unitat de Vigil\u00e0ncia Epidemiol\u00f2gica ens van anar tancant diversos grups o classes i, en detectar-se que eren de la soca brit\u00e0nica, aquests confinaments es van allargar fins als 14 dies. En el moment m\u00e9s dur del brot, hi va haver fins a 10 grups confinats alhora, pr\u00e0cticament la meitat del centre. Ara, un cop ha passat la \u201ccresta de l\u2019onada\u201d, ens queden 4 grups confinats, nom\u00e9s 1 d\u2019aquesta mateixa setmana.<\/p>\n<p style=\"text-align: justify;\">Aquesta situaci\u00f3 a l\u2019institut ha generat un estat d\u2019opini\u00f3 entre algunes persones de Sant Fruit\u00f3s que reclamaven el tancament del centre com a manera d\u2019aturar la transmissi\u00f3 de la malaltia. Ben al contrari, les autoritats sanit\u00e0ries i educatives que tenen el poder sobre el tancament de l\u2019institut, han manifestat repetidament que les mesures sanit\u00e0ries que apliquem eren m\u00e9s que correctes i que en aquest sentit, l\u2019institut actua m\u00e9s com a mur de contenci\u00f3 de la malaltia que no com a agent difusor.<\/p>\n<p style=\"text-align: justify;\">Les dades que t\u00e9 el Departament de Salut indiquen clarament que el brot ha estat local, de tot el poble, amb una major incid\u00e8ncia en els grups de mitjana edat i que els centres educatius no han estat m\u00e9s que un reflex d\u2019aquesta situaci\u00f3.<\/p>\n<p style=\"text-align: justify;\">En definitiva, amb la normalitzaci\u00f3 de la situaci\u00f3 que estem comen\u00e7ant a veure i amb l\u2019esperan\u00e7a que la difusi\u00f3 de les vacunes podran capgirar la situaci\u00f3 de pand\u00e8mia, avancem amb la certesa que el m\u00e9s important \u00e9s el manteniment del servei educatiu, que implica la concentraci\u00f3 del jovent del poble en entorns segurs, higi\u00e8nics i controlats com s\u00f3n el conjunt de centres educatius de Sant Fruit\u00f3s de Bages.<\/p>\n<p><strong>Institut Gerbert d\u2019Aurillac<\/strong><\/p>\n<p>&nbsp;<\/p>\n<p><strong>A continuaci\u00f3, algunes imatges d&#8217;aquell 10 de mar\u00e7 de 2001, dia en qu\u00e8 es va inaugurar l&#8217;edifici de l&#8217;institut.<\/strong><\/p>\n<p><a href=\"https:\/\/agora.xtec.cat\/iesgerbert\/wp-content\/uploads\/usu668\/2021\/03\/Inauguraci\u00f33.jpg\"><img loading=\"lazy\" decoding=\"async\" class=\"alignnone wp-image-5152\" src=\"https:\/\/agora.xtec.cat\/iesgerbert\/wp-content\/uploads\/usu668\/2021\/03\/Inauguraci\u00f33.jpg\" alt=\"\" width=\"420\" height=\"314\" srcset=\"https:\/\/agora.xtec.cat\/iesgerbert\/wp-content\/uploads\/usu668\/2021\/03\/Inauguraci\u00f33.jpg 699w, https:\/\/agora.xtec.cat\/iesgerbert\/wp-content\/uploads\/usu668\/2021\/03\/Inauguraci\u00f33-300x224.jpg 300w, https:\/\/agora.xtec.cat\/iesgerbert\/wp-content\/uploads\/usu668\/2021\/03\/Inauguraci\u00f33-200x150.jpg 200w\" sizes=\"auto, (max-width: 420px) 100vw, 420px\" \/>\u00a0 <\/a><a href=\"https:\/\/agora.xtec.cat\/iesgerbert\/wp-content\/uploads\/usu668\/2021\/03\/Inauguraci\u00f31.jpg\"><img loading=\"lazy\" decoding=\"async\" class=\"alignnone wp-image-5151\" src=\"https:\/\/agora.xtec.cat\/iesgerbert\/wp-content\/uploads\/usu668\/2021\/03\/Inauguraci\u00f31.jpg\" alt=\"\" width=\"421\" height=\"313\" srcset=\"https:\/\/agora.xtec.cat\/iesgerbert\/wp-content\/uploads\/usu668\/2021\/03\/Inauguraci\u00f31.jpg 701w, https:\/\/agora.xtec.cat\/iesgerbert\/wp-content\/uploads\/usu668\/2021\/03\/Inauguraci\u00f31-300x223.jpg 300w, https:\/\/agora.xtec.cat\/iesgerbert\/wp-content\/uploads\/usu668\/2021\/03\/Inauguraci\u00f31-200x150.jpg 200w\" sizes=\"auto, (max-width: 421px) 100vw, 421px\" \/><\/a><\/p>\n<p><a href=\"https:\/\/agora.xtec.cat\/iesgerbert\/wp-content\/uploads\/usu668\/2021\/03\/Inauguraci\u00f32.jpg\"><img loading=\"lazy\" decoding=\"async\" class=\"alignnone wp-image-5150\" src=\"https:\/\/agora.xtec.cat\/iesgerbert\/wp-content\/uploads\/usu668\/2021\/03\/Inauguraci\u00f32.jpg\" alt=\"\" width=\"426\" height=\"317\" srcset=\"https:\/\/agora.xtec.cat\/iesgerbert\/wp-content\/uploads\/usu668\/2021\/03\/Inauguraci\u00f32.jpg 701w, https:\/\/agora.xtec.cat\/iesgerbert\/wp-content\/uploads\/usu668\/2021\/03\/Inauguraci\u00f32-300x223.jpg 300w, https:\/\/agora.xtec.cat\/iesgerbert\/wp-content\/uploads\/usu668\/2021\/03\/Inauguraci\u00f32-200x150.jpg 200w\" sizes=\"auto, (max-width: 426px) 100vw, 426px\" \/> <\/a><a href=\"https:\/\/agora.xtec.cat\/iesgerbert\/wp-content\/uploads\/usu668\/2021\/03\/Inauguraci\u00f34.jpg\"><img loading=\"lazy\" decoding=\"async\" class=\"alignnone wp-image-5149\" src=\"https:\/\/agora.xtec.cat\/iesgerbert\/wp-content\/uploads\/usu668\/2021\/03\/Inauguraci\u00f34.jpg\" alt=\"\" width=\"420\" height=\"313\" srcset=\"https:\/\/agora.xtec.cat\/iesgerbert\/wp-content\/uploads\/usu668\/2021\/03\/Inauguraci\u00f34.jpg 705w, https:\/\/agora.xtec.cat\/iesgerbert\/wp-content\/uploads\/usu668\/2021\/03\/Inauguraci\u00f34-300x224.jpg 300w, https:\/\/agora.xtec.cat\/iesgerbert\/wp-content\/uploads\/usu668\/2021\/03\/Inauguraci\u00f34-200x150.jpg 200w\" sizes=\"auto, (max-width: 420px) 100vw, 420px\" \/><\/a><\/p>\n<p><a href=\"https:\/\/agora.xtec.cat\/iesgerbert\/wp-content\/uploads\/usu668\/2021\/03\/Inauguraci\u00f36.jpg\"><img loading=\"lazy\" decoding=\"async\" class=\"alignnone wp-image-5155\" src=\"https:\/\/agora.xtec.cat\/iesgerbert\/wp-content\/uploads\/usu668\/2021\/03\/Inauguraci\u00f36.jpg\" alt=\"\" width=\"433\" height=\"284\" srcset=\"https:\/\/agora.xtec.cat\/iesgerbert\/wp-content\/uploads\/usu668\/2021\/03\/Inauguraci\u00f36.jpg 888w, https:\/\/agora.xtec.cat\/iesgerbert\/wp-content\/uploads\/usu668\/2021\/03\/Inauguraci\u00f36-300x197.jpg 300w, https:\/\/agora.xtec.cat\/iesgerbert\/wp-content\/uploads\/usu668\/2021\/03\/Inauguraci\u00f36-768x503.jpg 768w\" sizes=\"auto, (max-width: 433px) 100vw, 433px\" \/> <\/a><a href=\"https:\/\/agora.xtec.cat\/iesgerbert\/wp-content\/uploads\/usu668\/2021\/03\/Inauguraci\u00f314.jpg\"><img loading=\"lazy\" decoding=\"async\" class=\"alignnone wp-image-5154\" src=\"https:\/\/agora.xtec.cat\/iesgerbert\/wp-content\/uploads\/usu668\/2021\/03\/Inauguraci\u00f314.jpg\" alt=\"\" width=\"411\" height=\"271\" srcset=\"https:\/\/agora.xtec.cat\/iesgerbert\/wp-content\/uploads\/usu668\/2021\/03\/Inauguraci\u00f314.jpg 891w, https:\/\/agora.xtec.cat\/iesgerbert\/wp-content\/uploads\/usu668\/2021\/03\/Inauguraci\u00f314-300x198.jpg 300w, https:\/\/agora.xtec.cat\/iesgerbert\/wp-content\/uploads\/usu668\/2021\/03\/Inauguraci\u00f314-768x507.jpg 768w\" sizes=\"auto, (max-width: 411px) 100vw, 411px\" \/><\/a><\/p>\n<p><a href=\"https:\/\/agora.xtec.cat\/iesgerbert\/wp-content\/uploads\/usu668\/2021\/03\/Inauguraci\u00f38-1.jpg\"><img loading=\"lazy\" decoding=\"async\" class=\"alignnone wp-image-5156\" src=\"https:\/\/agora.xtec.cat\/iesgerbert\/wp-content\/uploads\/usu668\/2021\/03\/Inauguraci\u00f38-1.jpg\" alt=\"\" width=\"422\" height=\"281\" srcset=\"https:\/\/agora.xtec.cat\/iesgerbert\/wp-content\/uploads\/usu668\/2021\/03\/Inauguraci\u00f38-1.jpg 882w, https:\/\/agora.xtec.cat\/iesgerbert\/wp-content\/uploads\/usu668\/2021\/03\/Inauguraci\u00f38-1-300x200.jpg 300w, https:\/\/agora.xtec.cat\/iesgerbert\/wp-content\/uploads\/usu668\/2021\/03\/Inauguraci\u00f38-1-768x512.jpg 768w\" sizes=\"auto, (max-width: 422px) 100vw, 422px\" \/> <\/a><a href=\"https:\/\/agora.xtec.cat\/iesgerbert\/wp-content\/uploads\/usu668\/2021\/03\/Inauguraci\u00f39.jpg\"><img loading=\"lazy\" decoding=\"async\" class=\"alignnone wp-image-5157\" src=\"https:\/\/agora.xtec.cat\/iesgerbert\/wp-content\/uploads\/usu668\/2021\/03\/Inauguraci\u00f39.jpg\" alt=\"\" width=\"420\" height=\"279\" srcset=\"https:\/\/agora.xtec.cat\/iesgerbert\/wp-content\/uploads\/usu668\/2021\/03\/Inauguraci\u00f39.jpg 891w, https:\/\/agora.xtec.cat\/iesgerbert\/wp-content\/uploads\/usu668\/2021\/03\/Inauguraci\u00f39-300x199.jpg 300w, https:\/\/agora.xtec.cat\/iesgerbert\/wp-content\/uploads\/usu668\/2021\/03\/Inauguraci\u00f39-768x509.jpg 768w\" sizes=\"auto, (max-width: 420px) 100vw, 420px\" \/><\/a><\/p>\n<p>&nbsp;<\/p>\n<p><a href=\"https:\/\/agora.xtec.cat\/iesgerbert\/wp-content\/uploads\/usu668\/2021\/03\/Retall-Freq\u00fc\u00e8ncia-Inauguraci\u00f32.jpg\"><img loading=\"lazy\" decoding=\"async\" class=\"alignnone size-full wp-image-5153\" src=\"https:\/\/agora.xtec.cat\/iesgerbert\/wp-content\/uploads\/usu668\/2021\/03\/Retall-Freq\u00fc\u00e8ncia-Inauguraci\u00f32.jpg\" alt=\"\" width=\"750\" height=\"542\" srcset=\"https:\/\/agora.xtec.cat\/iesgerbert\/wp-content\/uploads\/usu668\/2021\/03\/Retall-Freq\u00fc\u00e8ncia-Inauguraci\u00f32.jpg 750w, https:\/\/agora.xtec.cat\/iesgerbert\/wp-content\/uploads\/usu668\/2021\/03\/Retall-Freq\u00fc\u00e8ncia-Inauguraci\u00f32-300x217.jpg 300w\" sizes=\"auto, (max-width: 750px) 100vw, 750px\" \/><\/a><\/p>\n","protected":false},"excerpt":{"rendered":"<p>Article del mes de mar\u00e7 de Llu\u00eds Vir\u00f3s, director de l&#8217;institut, a la revista Montpeit\u00e0, just en el vint\u00e8 aniversari de la inauguraci\u00f3 de l\u2019edifici de l\u2019institut per part de la consellera d\u2019Ensenyament Carme Laura Gil. Aquest escrit parla sobre l\u2019assoliment de la igualtat com a canvi profund de la societat i de la gesti\u00f3 del brot de COVID a l\u2019institut, com a crisi temporal que ha calgut afrontar.<\/p>\n","protected":false},"author":6,"featured_media":5152,"comment_status":"open","ping_status":"closed","sticky":false,"template":"","format":"standard","meta":{"_bbp_topic_count":0,"_bbp_reply_count":0,"_bbp_total_topic_count":0,"_bbp_total_reply_count":0,"_bbp_voice_count":0,"_bbp_anonymous_reply_count":0,"_bbp_topic_count_hidden":0,"_bbp_reply_count_hidden":0,"_bbp_forum_subforum_count":0,"site-sidebar-layout":"default","site-content-layout":"","ast-site-content-layout":"","site-content-style":"default","site-sidebar-style":"default","ast-global-header-display":"","ast-banner-title-visibility":"","ast-main-header-display":"","ast-hfb-above-header-display":"","ast-hfb-below-header-display":"","ast-hfb-mobile-header-display":"","site-post-title":"","ast-breadcrumbs-content":"","ast-featured-img":"","footer-sml-layout":"","theme-transparent-header-meta":"","adv-header-id-meta":"","stick-header-meta":"","header-above-stick-meta":"","header-main-stick-meta":"","header-below-stick-meta":"","astra-migrate-meta-layouts":"default","ast-page-background-enabled":"default","ast-page-background-meta":{"desktop":{"background-color":"var(--ast-global-color-4)","background-image":"","background-repeat":"repeat","background-position":"center center","background-size":"auto","background-attachment":"scroll","background-type":"","background-media":"","overlay-type":"","overlay-color":"","overlay-opacity":"","overlay-gradient":""},"tablet":{"background-color":"","background-image":"","background-repeat":"repeat","background-position":"center center","background-size":"auto","background-attachment":"scroll","background-type":"","background-media":"","overlay-type":"","overlay-color":"","overlay-opacity":"","overlay-gradient":""},"mobile":{"background-color":"","background-image":"","background-repeat":"repeat","background-position":"center center","background-size":"auto","background-attachment":"scroll","background-type":"","background-media":"","overlay-type":"","overlay-color":"","overlay-opacity":"","overlay-gradient":""}},"ast-content-background-meta":{"desktop":{"background-color":"var(--ast-global-color-5)","background-image":"","background-repeat":"repeat","background-position":"center center","background-size":"auto","background-attachment":"scroll","background-type":"","background-media":"","overlay-type":"","overlay-color":"","overlay-opacity":"","overlay-gradient":""},"tablet":{"background-color":"var(--ast-global-color-5)","background-image":"","background-repeat":"repeat","background-position":"center center","background-size":"auto","background-attachment":"scroll","background-type":"","background-media":"","overlay-type":"","overlay-color":"","overlay-opacity":"","overlay-gradient":""},"mobile":{"background-color":"var(--ast-global-color-5)","background-image":"","background-repeat":"repeat","background-position":"center center","background-size":"auto","background-attachment":"scroll","background-type":"","background-media":"","overlay-type":"","overlay-color":"","overlay-opacity":"","overlay-gradient":""}},"footnotes":""},"categories":[31,8,3,1,30,29],"tags":[],"class_list":["post-5142","post","type-post","status-publish","format-standard","has-post-thumbnail","hentry","category-afa","category-batxillerat","category-eso","category-general","category-programa-formacio-insercio","category-portada"],"post_mailing_queue_ids":[],"_links":{"self":[{"href":"https:\/\/agora.xtec.cat\/iesgerbert\/wp-json\/wp\/v2\/posts\/5142","targetHints":{"allow":["GET"]}}],"collection":[{"href":"https:\/\/agora.xtec.cat\/iesgerbert\/wp-json\/wp\/v2\/posts"}],"about":[{"href":"https:\/\/agora.xtec.cat\/iesgerbert\/wp-json\/wp\/v2\/types\/post"}],"author":[{"embeddable":true,"href":"https:\/\/agora.xtec.cat\/iesgerbert\/wp-json\/wp\/v2\/users\/6"}],"replies":[{"embeddable":true,"href":"https:\/\/agora.xtec.cat\/iesgerbert\/wp-json\/wp\/v2\/comments?post=5142"}],"version-history":[{"count":4,"href":"https:\/\/agora.xtec.cat\/iesgerbert\/wp-json\/wp\/v2\/posts\/5142\/revisions"}],"predecessor-version":[{"id":5189,"href":"https:\/\/agora.xtec.cat\/iesgerbert\/wp-json\/wp\/v2\/posts\/5142\/revisions\/5189"}],"wp:featuredmedia":[{"embeddable":true,"href":"https:\/\/agora.xtec.cat\/iesgerbert\/wp-json\/wp\/v2\/media\/5152"}],"wp:attachment":[{"href":"https:\/\/agora.xtec.cat\/iesgerbert\/wp-json\/wp\/v2\/media?parent=5142"}],"wp:term":[{"taxonomy":"category","embeddable":true,"href":"https:\/\/agora.xtec.cat\/iesgerbert\/wp-json\/wp\/v2\/categories?post=5142"},{"taxonomy":"post_tag","embeddable":true,"href":"https:\/\/agora.xtec.cat\/iesgerbert\/wp-json\/wp\/v2\/tags?post=5142"}],"curies":[{"name":"wp","href":"https:\/\/api.w.org\/{rel}","templated":true}]}}