{"id":4720,"date":"2020-12-01T13:09:03","date_gmt":"2020-12-01T12:09:03","guid":{"rendered":"http:\/\/agora.xtec.cat\/iesgerbert\/?p=4720"},"modified":"2020-12-01T21:54:58","modified_gmt":"2020-12-01T20:54:58","slug":"la-marato-al-gerbert","status":"publish","type":"post","link":"https:\/\/agora.xtec.cat\/iesgerbert\/general\/la-marato-al-gerbert\/","title":{"rendered":"LA MARAT\u00d3 AL GERBERT"},"content":{"rendered":"<p><a href=\"https:\/\/agora.xtec.cat\/iesgerbert\/wp-content\/uploads\/usu668\/2020\/12\/IMG-20201117-WA0006.jpg\"><img loading=\"lazy\" decoding=\"async\" class=\"alignnone wp-image-4719\" src=\"https:\/\/agora.xtec.cat\/iesgerbert\/wp-content\/uploads\/usu668\/2020\/12\/IMG-20201117-WA0006-922x1024.jpg\" alt=\"\" width=\"420\" height=\"467\" srcset=\"https:\/\/agora.xtec.cat\/iesgerbert\/wp-content\/uploads\/usu668\/2020\/12\/IMG-20201117-WA0006-922x1024.jpg 922w, https:\/\/agora.xtec.cat\/iesgerbert\/wp-content\/uploads\/usu668\/2020\/12\/IMG-20201117-WA0006-270x300.jpg 270w, https:\/\/agora.xtec.cat\/iesgerbert\/wp-content\/uploads\/usu668\/2020\/12\/IMG-20201117-WA0006-768x853.jpg 768w, https:\/\/agora.xtec.cat\/iesgerbert\/wp-content\/uploads\/usu668\/2020\/12\/IMG-20201117-WA0006.jpg 1843w\" sizes=\"auto, (max-width: 420px) 100vw, 420px\" \/> <\/a><a href=\"https:\/\/agora.xtec.cat\/iesgerbert\/wp-content\/uploads\/usu668\/2020\/12\/IMG-20201117-WA0005.jpg\"><img loading=\"lazy\" decoding=\"async\" class=\"alignnone wp-image-4718\" src=\"https:\/\/agora.xtec.cat\/iesgerbert\/wp-content\/uploads\/usu668\/2020\/12\/IMG-20201117-WA0005-1024x768.jpg\" alt=\"\" width=\"551\" height=\"413\" srcset=\"https:\/\/agora.xtec.cat\/iesgerbert\/wp-content\/uploads\/usu668\/2020\/12\/IMG-20201117-WA0005-1024x768.jpg 1024w, https:\/\/agora.xtec.cat\/iesgerbert\/wp-content\/uploads\/usu668\/2020\/12\/IMG-20201117-WA0005-300x225.jpg 300w, https:\/\/agora.xtec.cat\/iesgerbert\/wp-content\/uploads\/usu668\/2020\/12\/IMG-20201117-WA0005-768x576.jpg 768w, https:\/\/agora.xtec.cat\/iesgerbert\/wp-content\/uploads\/usu668\/2020\/12\/IMG-20201117-WA0005-200x150.jpg 200w, https:\/\/agora.xtec.cat\/iesgerbert\/wp-content\/uploads\/usu668\/2020\/12\/IMG-20201117-WA0005.jpg 1600w\" sizes=\"auto, (max-width: 551px) 100vw, 551px\" \/><\/a><\/p>\n<p style=\"text-align: justify;\" align=\"justify\">Els dies 17, 18, 19 i 20 de novembre, com cada curs, La Marat\u00f3 no ha fallat a la seva cita amb l\u2019institut. Aquest any ha tractat, com no podia ser d\u2019altra manera, de la Covid, aquesta malaltia infecciosa que ha canviat les nostres vides.<\/p>\n<p style=\"text-align: justify;\" align=\"justify\">Tot i el context de pand\u00e8mia, ens ha tocat reinventar-nos i no deixar de realitzar una activitat tan educativa per a tothom amb un format nou i que tot i els petits problemes t\u00e8cnics que ens hem pogut trobar, aix\u00ed com el confinament d\u2019alguns grups, hem solventat amb \u00e8xit.<\/p>\n<p style=\"text-align: justify;\" align=\"justify\">Han participats tots els cursos del nostre centre, des de primer d\u2019ESO, passant per batxillerat, fins al segon curs del nostre cicle formatiu.<\/p>\n<p style=\"text-align: justify;\" align=\"justify\">El v\u00eddeo introductori previ a l\u2019exposici\u00f3 i debat ha tocat la fibra de molts i moltes de nosaltres, ja sigui per experi\u00e8ncies personals pr\u00f2pies, de familiars, d\u2019amistats o de coneguts. De fet, aix\u00f2 \u00e9s el que pretenen aquest tipus de campanyes, sensibilitzar-nos i recaptar fons per a la investigaci\u00f3.<\/p>\n<p style=\"text-align: justify;\" align=\"justify\">Desitgem que la propera Marat\u00f3 la puguem fer en el format habitual i amb el virus ja controlat i que tot el que haurem passat ens hagi fet valorar tot molt m\u00e9s.<\/p>\n<p align=\"justify\">Imma Pons, coordinadora pedag\u00f2gica<\/p>\n","protected":false},"excerpt":{"rendered":"<p>Els dies 17, 18, 19 i 20 de novembre, com cada curs, La Marat\u00f3 no ha fallat a la seva cita amb l\u2019institut. Aquest any ha tractat, com no podia ser d\u2019altra manera, de la Covid, aquesta malaltia infecciosa que ha canviat les nostres vides. Tot i el context de pand\u00e8mia ,ens ha tocat reinventar-nos i no deixar de realitzar una activitat tan educativa per a tothom.<\/p>\n","protected":false},"author":6,"featured_media":4719,"comment_status":"open","ping_status":"closed","sticky":false,"template":"","format":"standard","meta":{"_bbp_topic_count":0,"_bbp_reply_count":0,"_bbp_total_topic_count":0,"_bbp_total_reply_count":0,"_bbp_voice_count":0,"_bbp_anonymous_reply_count":0,"_bbp_topic_count_hidden":0,"_bbp_reply_count_hidden":0,"_bbp_forum_subforum_count":0,"site-sidebar-layout":"default","site-content-layout":"","ast-site-content-layout":"","site-content-style":"default","site-sidebar-style":"default","ast-global-header-display":"","ast-banner-title-visibility":"","ast-main-header-display":"","ast-hfb-above-header-display":"","ast-hfb-below-header-display":"","ast-hfb-mobile-header-display":"","site-post-title":"","ast-breadcrumbs-content":"","ast-featured-img":"","footer-sml-layout":"","theme-transparent-header-meta":"","adv-header-id-meta":"","stick-header-meta":"","header-above-stick-meta":"","header-main-stick-meta":"","header-below-stick-meta":"","astra-migrate-meta-layouts":"default","ast-page-background-enabled":"default","ast-page-background-meta":{"desktop":{"background-color":"var(--ast-global-color-4)","background-image":"","background-repeat":"repeat","background-position":"center center","background-size":"auto","background-attachment":"scroll","background-type":"","background-media":"","overlay-type":"","overlay-color":"","overlay-opacity":"","overlay-gradient":""},"tablet":{"background-color":"","background-image":"","background-repeat":"repeat","background-position":"center center","background-size":"auto","background-attachment":"scroll","background-type":"","background-media":"","overlay-type":"","overlay-color":"","overlay-opacity":"","overlay-gradient":""},"mobile":{"background-color":"","background-image":"","background-repeat":"repeat","background-position":"center center","background-size":"auto","background-attachment":"scroll","background-type":"","background-media":"","overlay-type":"","overlay-color":"","overlay-opacity":"","overlay-gradient":""}},"ast-content-background-meta":{"desktop":{"background-color":"var(--ast-global-color-5)","background-image":"","background-repeat":"repeat","background-position":"center center","background-size":"auto","background-attachment":"scroll","background-type":"","background-media":"","overlay-type":"","overlay-color":"","overlay-opacity":"","overlay-gradient":""},"tablet":{"background-color":"var(--ast-global-color-5)","background-image":"","background-repeat":"repeat","background-position":"center center","background-size":"auto","background-attachment":"scroll","background-type":"","background-media":"","overlay-type":"","overlay-color":"","overlay-opacity":"","overlay-gradient":""},"mobile":{"background-color":"var(--ast-global-color-5)","background-image":"","background-repeat":"repeat","background-position":"center center","background-size":"auto","background-attachment":"scroll","background-type":"","background-media":"","overlay-type":"","overlay-color":"","overlay-opacity":"","overlay-gradient":""}},"footnotes":""},"categories":[31,8,3,1,30,29],"tags":[],"class_list":["post-4720","post","type-post","status-publish","format-standard","has-post-thumbnail","hentry","category-afa","category-batxillerat","category-eso","category-general","category-programa-formacio-insercio","category-portada"],"post_mailing_queue_ids":[],"_links":{"self":[{"href":"https:\/\/agora.xtec.cat\/iesgerbert\/wp-json\/wp\/v2\/posts\/4720","targetHints":{"allow":["GET"]}}],"collection":[{"href":"https:\/\/agora.xtec.cat\/iesgerbert\/wp-json\/wp\/v2\/posts"}],"about":[{"href":"https:\/\/agora.xtec.cat\/iesgerbert\/wp-json\/wp\/v2\/types\/post"}],"author":[{"embeddable":true,"href":"https:\/\/agora.xtec.cat\/iesgerbert\/wp-json\/wp\/v2\/users\/6"}],"replies":[{"embeddable":true,"href":"https:\/\/agora.xtec.cat\/iesgerbert\/wp-json\/wp\/v2\/comments?post=4720"}],"version-history":[{"count":3,"href":"https:\/\/agora.xtec.cat\/iesgerbert\/wp-json\/wp\/v2\/posts\/4720\/revisions"}],"predecessor-version":[{"id":4725,"href":"https:\/\/agora.xtec.cat\/iesgerbert\/wp-json\/wp\/v2\/posts\/4720\/revisions\/4725"}],"wp:featuredmedia":[{"embeddable":true,"href":"https:\/\/agora.xtec.cat\/iesgerbert\/wp-json\/wp\/v2\/media\/4719"}],"wp:attachment":[{"href":"https:\/\/agora.xtec.cat\/iesgerbert\/wp-json\/wp\/v2\/media?parent=4720"}],"wp:term":[{"taxonomy":"category","embeddable":true,"href":"https:\/\/agora.xtec.cat\/iesgerbert\/wp-json\/wp\/v2\/categories?post=4720"},{"taxonomy":"post_tag","embeddable":true,"href":"https:\/\/agora.xtec.cat\/iesgerbert\/wp-json\/wp\/v2\/tags?post=4720"}],"curies":[{"name":"wp","href":"https:\/\/api.w.org\/{rel}","templated":true}]}}