{"id":4676,"date":"2020-11-24T15:45:36","date_gmt":"2020-11-24T14:45:36","guid":{"rendered":"http:\/\/agora.xtec.cat\/iesgerbert\/?p=4676"},"modified":"2020-11-24T15:47:45","modified_gmt":"2020-11-24T14:47:45","slug":"dia-mundial-de-la-filosofia","status":"publish","type":"post","link":"https:\/\/agora.xtec.cat\/iesgerbert\/general\/dia-mundial-de-la-filosofia\/","title":{"rendered":"CELEBREM EL DIA MUNDIAL DE LA FILOSOFIA AL GERBERT"},"content":{"rendered":"<p style=\"text-align: justify;\">El passat dijous 19 de novembre es va celebrar el Dia Mundial de la Filosofia i, per tal de celebrar la import\u00e0ncia del pensament filos\u00f2fic i animar la comunitat educativa del Gerbert, des de l&#8217;\u00e0rea de filosofia es van viure les classes d&#8217;aquesta mat\u00e8ria d&#8217;una manera una mica diferent.<\/p>\n<p><a href=\"https:\/\/agora.xtec.cat\/iesgerbert\/wp-content\/uploads\/usu668\/2020\/11\/image4.jpeg\"><img loading=\"lazy\" decoding=\"async\" class=\"alignnone wp-image-4687\" src=\"https:\/\/agora.xtec.cat\/iesgerbert\/wp-content\/uploads\/usu668\/2020\/11\/image4.jpeg\" alt=\"\" width=\"544\" height=\"408\" srcset=\"https:\/\/agora.xtec.cat\/iesgerbert\/wp-content\/uploads\/usu668\/2020\/11\/image4.jpeg 640w, https:\/\/agora.xtec.cat\/iesgerbert\/wp-content\/uploads\/usu668\/2020\/11\/image4-300x225.jpeg 300w, https:\/\/agora.xtec.cat\/iesgerbert\/wp-content\/uploads\/usu668\/2020\/11\/image4-200x150.jpeg 200w\" sizes=\"auto, (max-width: 544px) 100vw, 544px\" \/> <\/a><a href=\"https:\/\/agora.xtec.cat\/iesgerbert\/wp-content\/uploads\/usu668\/2020\/11\/image3.jpeg\"><img loading=\"lazy\" decoding=\"async\" class=\"alignnone wp-image-4686\" src=\"https:\/\/agora.xtec.cat\/iesgerbert\/wp-content\/uploads\/usu668\/2020\/11\/image3.jpeg\" alt=\"\" width=\"270\" height=\"360\" \/><\/a><\/p>\n<p><a href=\"https:\/\/agora.xtec.cat\/iesgerbert\/wp-content\/uploads\/usu668\/2020\/11\/IMG_0615.jpg\"><img loading=\"lazy\" decoding=\"async\" class=\"alignnone wp-image-4682\" src=\"https:\/\/agora.xtec.cat\/iesgerbert\/wp-content\/uploads\/usu668\/2020\/11\/IMG_0615.jpg\" alt=\"\" width=\"406\" height=\"541\" \/> <\/a><a href=\"https:\/\/agora.xtec.cat\/iesgerbert\/wp-content\/uploads\/usu668\/2020\/11\/image1.jpeg\"><img loading=\"lazy\" decoding=\"async\" class=\"alignnone wp-image-4684\" src=\"https:\/\/agora.xtec.cat\/iesgerbert\/wp-content\/uploads\/usu668\/2020\/11\/image1.jpeg\" alt=\"\" width=\"407\" height=\"542\" \/><\/a><\/p>\n\r\n\t<div class=\"slideshow_container slideshow_container_style-light\" style=\"height: 300px; \" data-slideshow-id=\"4694\" data-style-name=\"style-light\" data-style-version=\"2.3.1\" >\r\n\r\n\t\t\t\t\t<div class=\"slideshow_loading_icon\"><\/div>\r\n\t\t\r\n\t\t<div class=\"slideshow_content\" style=\"display: none;\">\r\n\r\n\t\t\t<div class=\"slideshow_view\">\r\n\t\t\t\t<div class=\"slideshow_slide slideshow_slide_image\">\r\n\t\t\t\t\t\t\t\t\t\t\t<img src=\"https:\/\/agora.xtec.cat\/iesgerbert\/wp-content\/uploads\/usu668\/2020\/11\/IMG_0612.jpg\" alt=\"IMG_0612\" width=\"2016\" height=\"1512\" \/>\r\n\t\t\t\t\t\t\t\t\t\t<div class=\"slideshow_description_box slideshow_transparent\">\r\n\t\t\t\t\t\t<div class=\"slideshow_title\">IMG_0612<\/div>\t\t\t\t\t\t\t\t\t\t\t<\/div>\r\n\t\t\t\t<\/div>\r\n\r\n\t\t\t\t\t\t<div style=\"clear: both;\"><\/div><\/div><div class=\"slideshow_view\">\r\n\t\t\t\t<div class=\"slideshow_slide slideshow_slide_image\">\r\n\t\t\t\t\t\t\t\t\t\t\t<img src=\"https:\/\/agora.xtec.cat\/iesgerbert\/wp-content\/uploads\/usu668\/2020\/11\/1605869439596.jpg\" alt=\"1605869439596\" width=\"1000\" height=\"563\" \/>\r\n\t\t\t\t\t\t\t\t\t\t<div class=\"slideshow_description_box slideshow_transparent\">\r\n\t\t\t\t\t\t<div class=\"slideshow_title\">1605869439596<\/div>\t\t\t\t\t\t\t\t\t\t\t<\/div>\r\n\t\t\t\t<\/div>\r\n\r\n\t\t\t\t\t\t<div style=\"clear: both;\"><\/div><\/div><div class=\"slideshow_view\">\r\n\t\t\t\t<div class=\"slideshow_slide slideshow_slide_image\">\r\n\t\t\t\t\t\t\t\t\t\t\t<img src=\"https:\/\/agora.xtec.cat\/iesgerbert\/wp-content\/uploads\/usu668\/2020\/11\/1605869439650.jpg\" alt=\"1605869439650\" width=\"1000\" height=\"563\" \/>\r\n\t\t\t\t\t\t\t\t\t\t<div class=\"slideshow_description_box slideshow_transparent\">\r\n\t\t\t\t\t\t<div class=\"slideshow_title\">1605869439650<\/div>\t\t\t\t\t\t\t\t\t\t\t<\/div>\r\n\t\t\t\t<\/div>\r\n\r\n\t\t\t\t\t\t<div style=\"clear: both;\"><\/div><\/div><div class=\"slideshow_view\">\r\n\t\t\t\t<div class=\"slideshow_slide slideshow_slide_image\">\r\n\t\t\t\t\t\t\t\t\t\t\t<img src=\"https:\/\/agora.xtec.cat\/iesgerbert\/wp-content\/uploads\/usu668\/2020\/11\/1605869439695.jpg\" alt=\"1605869439695\" width=\"1000\" height=\"563\" \/>\r\n\t\t\t\t\t\t\t\t\t\t<div class=\"slideshow_description_box slideshow_transparent\">\r\n\t\t\t\t\t\t<div class=\"slideshow_title\">1605869439695<\/div>\t\t\t\t\t\t\t\t\t\t\t<\/div>\r\n\t\t\t\t<\/div>\r\n\r\n\t\t\t\t\t\t<div style=\"clear: both;\"><\/div><\/div><div class=\"slideshow_view\">\r\n\t\t\t\t<div class=\"slideshow_slide slideshow_slide_image\">\r\n\t\t\t\t\t\t\t\t\t\t\t<img src=\"https:\/\/agora.xtec.cat\/iesgerbert\/wp-content\/uploads\/usu668\/2020\/11\/1605869439747.jpg\" alt=\"1605869439747\" width=\"1000\" height=\"563\" \/>\r\n\t\t\t\t\t\t\t\t\t\t<div class=\"slideshow_description_box slideshow_transparent\">\r\n\t\t\t\t\t\t<div class=\"slideshow_title\">1605869439747<\/div>\t\t\t\t\t\t\t\t\t\t\t<\/div>\r\n\t\t\t\t<\/div>\r\n\r\n\t\t\t\t\t\t<div style=\"clear: both;\"><\/div><\/div><div class=\"slideshow_view\">\r\n\t\t\t\t<div class=\"slideshow_slide slideshow_slide_image\">\r\n\t\t\t\t\t\t\t\t\t\t\t<img src=\"https:\/\/agora.xtec.cat\/iesgerbert\/wp-content\/uploads\/usu668\/2020\/11\/1605869439848.jpg\" alt=\"1605869439848\" width=\"1000\" height=\"563\" \/>\r\n\t\t\t\t\t\t\t\t\t\t<div class=\"slideshow_description_box slideshow_transparent\">\r\n\t\t\t\t\t\t<div class=\"slideshow_title\">1605869439848<\/div>\t\t\t\t\t\t\t\t\t\t\t<\/div>\r\n\t\t\t\t<\/div>\r\n\r\n\t\t\t\t\t\t<div style=\"clear: both;\"><\/div><\/div>\r\n\t\t<\/div>\r\n\r\n\t\t<div class=\"slideshow_controlPanel slideshow_transparent\" style=\"display: none;\"><ul><li class=\"slideshow_togglePlay\" data-play-text=\"Visualitza\" data-pause-text=\"Pausa\"><\/li><\/ul><\/div>\r\n\r\n\t\t<div class=\"slideshow_button slideshow_previous slideshow_transparent\" role=\"button\" data-previous-text=\"Anterior\" style=\"display: none;\"><\/div>\r\n\t\t<div class=\"slideshow_button slideshow_next slideshow_transparent\" role=\"button\" data-next-text=\"Seg\u00fcent\" style=\"display: none;\"><\/div>\r\n\r\n\t\t<div class=\"slideshow_pagination\" style=\"display: none;\" data-go-to-text=\"V\u00e9s a la diapositiva\"><div class=\"slideshow_pagination_center\"><\/div><\/div>\r\n\r\n\t\t<!-- WordPress Slideshow Version 2.3.1 -->\r\n\r\n\t\t\t<\/div>\r\n\r\n\n<p style=\"text-align: justify;\">Segons la UNESCO, la filosofia proporciona les bases conceptuals dels principis i valors dels que depenen la pau mundial: la democr\u00e0cia, els drets humans, la just\u00edcia i la igualtat. I com afirma l&#8217;ONU, &#8220;La filosofia \u00e9s l&#8217;estudi de la naturalesa de la realitat i de l&#8217;exist\u00e8ncia, del que \u00e9s possible con\u00e8ixer, i del comportament correcte i incorrecte. Prov\u00e9 de la paraula grega <em>ph\u00edlosoph\u00eda<\/em>, que significa &#8220;l&#8217;amor a la saviesa&#8221;. Els principals objectius d&#8217;aquesta jornada s\u00f3n, tal i com s&#8217;especifica a la seva web oficial: <a href=\"https:\/\/www.un.org\/es\/observances\/philosophy-day\">https:\/\/www.un.org\/es\/observances\/philosophy-day<\/a>:<\/p>\n<ol style=\"list-style-type: upper-roman; text-align: justify;\">\n<li>Renovar el comprom\u00eds regional, subregional i internacional en favor de la filofia.<\/li>\n<li>Encoratjar l&#8217;an\u00e0lisi, la investigaci\u00f3 i els estudis filos\u00f2fics sobre els grans problemes contemporanis per respondre millor als reptes amb qu\u00e8 s&#8217;enfronta avui en dia la humanitat.<\/li>\n<li>Sensibilitzar l&#8217;opini\u00f3 p\u00fablica sobre la import\u00e0ncia de la filosofia i la seva utilitzaci\u00f3 cr\u00edtica en les eleccions que plantegen a m\u00faltiples societats els efectes de la mundialitzaci\u00f3 o la incorporaci\u00f3 a la modernitat.<\/li>\n<li>Fer un balan\u00e7 de la situaci\u00f3 de l&#8217;ensenyament de la filosofia al m\u00f3n, insistint particularment en les dificultats per al seu acc\u00e9s.<\/li>\n<li>Subratllar la import\u00e0ncia de la generalitzaci\u00f3 de l&#8217;ensenyament filos\u00f2fic per a les generacions futures.<\/li>\n<\/ol>\n<p style=\"text-align: justify;\">El Dia Internacional de la Filosofia at\u00e9n a l&#8217;Objectiu 4 de Proporcionar una educaci\u00f3 equitativa i inclusiva de qualitat, el qual pertany a l&#8217;Agenda 2030 per al Desenvolupament Sostenible. Aix\u00ed, aconsegueix centrar-se en el paper d&#8217;aquesta doctrina als centres educatius i en la societat a trav\u00e9s de la proposta de recerca, experimentaci\u00f3 i avaluaci\u00f3 de la pr\u00e0ctica filos\u00f2fica de les comunitats. La seva celebraci\u00f3 s&#8217;ext\u00e9n a escala mundial i es porta a terme el tercer dijous de novembre de cada any.<\/p>\n<p style=\"text-align: justify;\">Per tant, des del Gerbert es va celebrar el dia! I aquest curs 2020-2021 agafem-lo amb molta FILOSOFIA!<\/p>\n<p style=\"text-align: justify;\">Perqu\u00e8 la filosofia \u00e9s la base per la pau mundial, defensem-la i visquem-la!<\/p>\n<p style=\"text-align: justify;\"><strong>Sara Sitjes i Rosa Vancells, professores de filosofia del centre<\/strong><\/p>\n<p>&nbsp;<\/p>\n<p>&nbsp;<\/p>\n","protected":false},"excerpt":{"rendered":"<p>El passat dijous 19 de novembre es va celebrar el Dia Mundial de la Filosofia i, per tal de celebrar la import\u00e0ncia del pensament filos\u00f2fic i animar la comunitat educativa del Gerbert, des de l&#8217;\u00e0rea de filosofia es van viure les classes d&#8217;aquesta mat\u00e8ria d&#8217;una manera una mica diferent.\u00a0<\/p>\n","protected":false},"author":6,"featured_media":4687,"comment_status":"open","ping_status":"closed","sticky":false,"template":"","format":"standard","meta":{"_bbp_topic_count":0,"_bbp_reply_count":0,"_bbp_total_topic_count":0,"_bbp_total_reply_count":0,"_bbp_voice_count":0,"_bbp_anonymous_reply_count":0,"_bbp_topic_count_hidden":0,"_bbp_reply_count_hidden":0,"_bbp_forum_subforum_count":0,"site-sidebar-layout":"default","site-content-layout":"","ast-site-content-layout":"","site-content-style":"default","site-sidebar-style":"default","ast-global-header-display":"","ast-banner-title-visibility":"","ast-main-header-display":"","ast-hfb-above-header-display":"","ast-hfb-below-header-display":"","ast-hfb-mobile-header-display":"","site-post-title":"","ast-breadcrumbs-content":"","ast-featured-img":"","footer-sml-layout":"","theme-transparent-header-meta":"","adv-header-id-meta":"","stick-header-meta":"","header-above-stick-meta":"","header-main-stick-meta":"","header-below-stick-meta":"","astra-migrate-meta-layouts":"default","ast-page-background-enabled":"default","ast-page-background-meta":{"desktop":{"background-color":"var(--ast-global-color-4)","background-image":"","background-repeat":"repeat","background-position":"center center","background-size":"auto","background-attachment":"scroll","background-type":"","background-media":"","overlay-type":"","overlay-color":"","overlay-opacity":"","overlay-gradient":""},"tablet":{"background-color":"","background-image":"","background-repeat":"repeat","background-position":"center center","background-size":"auto","background-attachment":"scroll","background-type":"","background-media":"","overlay-type":"","overlay-color":"","overlay-opacity":"","overlay-gradient":""},"mobile":{"background-color":"","background-image":"","background-repeat":"repeat","background-position":"center center","background-size":"auto","background-attachment":"scroll","background-type":"","background-media":"","overlay-type":"","overlay-color":"","overlay-opacity":"","overlay-gradient":""}},"ast-content-background-meta":{"desktop":{"background-color":"var(--ast-global-color-5)","background-image":"","background-repeat":"repeat","background-position":"center center","background-size":"auto","background-attachment":"scroll","background-type":"","background-media":"","overlay-type":"","overlay-color":"","overlay-opacity":"","overlay-gradient":""},"tablet":{"background-color":"var(--ast-global-color-5)","background-image":"","background-repeat":"repeat","background-position":"center center","background-size":"auto","background-attachment":"scroll","background-type":"","background-media":"","overlay-type":"","overlay-color":"","overlay-opacity":"","overlay-gradient":""},"mobile":{"background-color":"var(--ast-global-color-5)","background-image":"","background-repeat":"repeat","background-position":"center center","background-size":"auto","background-attachment":"scroll","background-type":"","background-media":"","overlay-type":"","overlay-color":"","overlay-opacity":"","overlay-gradient":""}},"footnotes":""},"categories":[31,8,3,1,30,29],"tags":[],"class_list":["post-4676","post","type-post","status-publish","format-standard","has-post-thumbnail","hentry","category-afa","category-batxillerat","category-eso","category-general","category-programa-formacio-insercio","category-portada"],"post_mailing_queue_ids":[],"_links":{"self":[{"href":"https:\/\/agora.xtec.cat\/iesgerbert\/wp-json\/wp\/v2\/posts\/4676","targetHints":{"allow":["GET"]}}],"collection":[{"href":"https:\/\/agora.xtec.cat\/iesgerbert\/wp-json\/wp\/v2\/posts"}],"about":[{"href":"https:\/\/agora.xtec.cat\/iesgerbert\/wp-json\/wp\/v2\/types\/post"}],"author":[{"embeddable":true,"href":"https:\/\/agora.xtec.cat\/iesgerbert\/wp-json\/wp\/v2\/users\/6"}],"replies":[{"embeddable":true,"href":"https:\/\/agora.xtec.cat\/iesgerbert\/wp-json\/wp\/v2\/comments?post=4676"}],"version-history":[{"count":3,"href":"https:\/\/agora.xtec.cat\/iesgerbert\/wp-json\/wp\/v2\/posts\/4676\/revisions"}],"predecessor-version":[{"id":4699,"href":"https:\/\/agora.xtec.cat\/iesgerbert\/wp-json\/wp\/v2\/posts\/4676\/revisions\/4699"}],"wp:featuredmedia":[{"embeddable":true,"href":"https:\/\/agora.xtec.cat\/iesgerbert\/wp-json\/wp\/v2\/media\/4687"}],"wp:attachment":[{"href":"https:\/\/agora.xtec.cat\/iesgerbert\/wp-json\/wp\/v2\/media?parent=4676"}],"wp:term":[{"taxonomy":"category","embeddable":true,"href":"https:\/\/agora.xtec.cat\/iesgerbert\/wp-json\/wp\/v2\/categories?post=4676"},{"taxonomy":"post_tag","embeddable":true,"href":"https:\/\/agora.xtec.cat\/iesgerbert\/wp-json\/wp\/v2\/tags?post=4676"}],"curies":[{"name":"wp","href":"https:\/\/api.w.org\/{rel}","templated":true}]}}