{"id":4449,"date":"2020-10-08T07:50:58","date_gmt":"2020-10-08T05:50:58","guid":{"rendered":"http:\/\/agora.xtec.cat\/iesgerbert\/?p=4449"},"modified":"2020-12-06T19:39:42","modified_gmt":"2020-12-06T18:39:42","slug":"benvinguda-sarah","status":"publish","type":"post","link":"https:\/\/agora.xtec.cat\/iesgerbert\/general\/benvinguda-sarah\/","title":{"rendered":"BENVINGUDA, SARAH!"},"content":{"rendered":"<p dir=\"ltr\" style=\"text-align: justify;\">Gr\u00e0cies al programa del Ministeri d\u2019Educaci\u00f3 d\u2019Auxiliars de conversa, aquest curs comptem amb la col\u00b7laboraci\u00f3 de la Sarah Nabucet. Ens acompanyar\u00e0\u00a0 fins al mes de juny dos dies per setmana. Les professores de franc\u00e8s, i tot l\u2019equip docent, estem molt contents d\u2019haver obtingut aquest recurs, ja que els auxiliars de conversa enriqueixen la tasca docent aportant els seus punts de vista personals i s\u00f3n\u00a0 vehiculadors de la seva cultura. En el cas de la Sarah, estem segurs que tots aprendrem molt sobre la Bretagne, la seva regi\u00f3. Li donem la benvinguda i esperem que tots aprenguem molt amb ella.<\/p>\n<p dir=\"ltr\"><strong>Marina Bonilla, professora de Franc\u00e8s del centre<\/strong><\/p>\n<p dir=\"ltr\" style=\"text-align: justify;\">A continuaci\u00f3 podeu llegir un petit escrit de la Sarah i un v\u00eddeo de presentaci\u00f3.<\/p>\n<p dir=\"ltr\"><a href=\"https:\/\/photos.google.com\/share\/AF1QipOsu9EQcvLMk1uIMgc9eW6kvmVqn3ZuIf8lr3OCajdEAoDnnLp_gvDXXduUd5bW5A\/photo\/AF1QipO5hRVVSG5xytTbYMFIfR0AJ-9_0HuU9xdQ-fG_?key=V2JLQlFPeTZSUEJBWmNiOU5YZmZUdHZwN1lsNlFn\">V\u00eddeo presentaci\u00f3 Sarah<\/a><\/p>\n<p dir=\"ltr\" style=\"text-align: justify;\"><span style=\"color: #000080;\">Bonjour \u00e0 tous,<\/span><\/p>\n<p dir=\"ltr\" style=\"text-align: justify;\"><span style=\"color: #000080;\">Je suis tr\u00e8s contente d\u2019avoir l&#8217;opportunit\u00e9 de vivre cette exp\u00e9rience en tant qu\u2019assistante de fran\u00e7ais. J\u2019ai d\u00e9j\u00e0 eu la chance d\u2019avoir particip\u00e9 au programme Erasmus \u00e0 Valencia pendant six mois et je voulais revenir en Espagne, ce pays que j\u2019adore. Je vais pouvoir d\u00e9couvrir la Catalunya, sa culture et peut \u00eatre apprendre le catatan ! J&#8217;esp\u00e8re que cette ann\u00e9e va etre enrichissante tant pour les \u00e9l\u00e8ves que pour moi. Je veux qu\u2019ils gardent un bon souvenir de cette ann\u00e9e et que cet \u00e9change leur donne envie d\u2019apprendre le fran\u00e7ais !<\/span><\/p>\n<p dir=\"ltr\" style=\"text-align: justify;\"><strong>Sarah Nabucet<\/strong><\/p>\n<div class=\"yj6qo\" style=\"text-align: justify;\"><\/div>\n<div class=\"adL\"><\/div>\n","protected":false},"excerpt":{"rendered":"<p>Gr\u00e0cies al programa del Ministeri d\u2019Educaci\u00f3 d\u2019Auxiliars de conversa, aquest curs comptem amb la col\u00b7laboraci\u00f3 de la Sarah Nabucet. Ens acompanyar\u00e0\u00a0 fins al mes de juny dos dies per setmana. Li donem la benvinguda i esperem que tots aprenguem molt amb ella.<\/p>\n","protected":false},"author":6,"featured_media":4448,"comment_status":"open","ping_status":"closed","sticky":false,"template":"","format":"standard","meta":{"_bbp_topic_count":0,"_bbp_reply_count":0,"_bbp_total_topic_count":0,"_bbp_total_reply_count":0,"_bbp_voice_count":0,"_bbp_anonymous_reply_count":0,"_bbp_topic_count_hidden":0,"_bbp_reply_count_hidden":0,"_bbp_forum_subforum_count":0,"site-sidebar-layout":"default","site-content-layout":"","ast-site-content-layout":"","site-content-style":"default","site-sidebar-style":"default","ast-global-header-display":"","ast-banner-title-visibility":"","ast-main-header-display":"","ast-hfb-above-header-display":"","ast-hfb-below-header-display":"","ast-hfb-mobile-header-display":"","site-post-title":"","ast-breadcrumbs-content":"","ast-featured-img":"","footer-sml-layout":"","theme-transparent-header-meta":"","adv-header-id-meta":"","stick-header-meta":"","header-above-stick-meta":"","header-main-stick-meta":"","header-below-stick-meta":"","astra-migrate-meta-layouts":"default","ast-page-background-enabled":"default","ast-page-background-meta":{"desktop":{"background-color":"var(--ast-global-color-4)","background-image":"","background-repeat":"repeat","background-position":"center center","background-size":"auto","background-attachment":"scroll","background-type":"","background-media":"","overlay-type":"","overlay-color":"","overlay-opacity":"","overlay-gradient":""},"tablet":{"background-color":"","background-image":"","background-repeat":"repeat","background-position":"center center","background-size":"auto","background-attachment":"scroll","background-type":"","background-media":"","overlay-type":"","overlay-color":"","overlay-opacity":"","overlay-gradient":""},"mobile":{"background-color":"","background-image":"","background-repeat":"repeat","background-position":"center center","background-size":"auto","background-attachment":"scroll","background-type":"","background-media":"","overlay-type":"","overlay-color":"","overlay-opacity":"","overlay-gradient":""}},"ast-content-background-meta":{"desktop":{"background-color":"var(--ast-global-color-5)","background-image":"","background-repeat":"repeat","background-position":"center center","background-size":"auto","background-attachment":"scroll","background-type":"","background-media":"","overlay-type":"","overlay-color":"","overlay-opacity":"","overlay-gradient":""},"tablet":{"background-color":"var(--ast-global-color-5)","background-image":"","background-repeat":"repeat","background-position":"center center","background-size":"auto","background-attachment":"scroll","background-type":"","background-media":"","overlay-type":"","overlay-color":"","overlay-opacity":"","overlay-gradient":""},"mobile":{"background-color":"var(--ast-global-color-5)","background-image":"","background-repeat":"repeat","background-position":"center center","background-size":"auto","background-attachment":"scroll","background-type":"","background-media":"","overlay-type":"","overlay-color":"","overlay-opacity":"","overlay-gradient":""}},"footnotes":""},"categories":[31,8,3,1,30,29],"tags":[],"class_list":["post-4449","post","type-post","status-publish","format-standard","has-post-thumbnail","hentry","category-afa","category-batxillerat","category-eso","category-general","category-programa-formacio-insercio","category-portada"],"post_mailing_queue_ids":[],"_links":{"self":[{"href":"https:\/\/agora.xtec.cat\/iesgerbert\/wp-json\/wp\/v2\/posts\/4449","targetHints":{"allow":["GET"]}}],"collection":[{"href":"https:\/\/agora.xtec.cat\/iesgerbert\/wp-json\/wp\/v2\/posts"}],"about":[{"href":"https:\/\/agora.xtec.cat\/iesgerbert\/wp-json\/wp\/v2\/types\/post"}],"author":[{"embeddable":true,"href":"https:\/\/agora.xtec.cat\/iesgerbert\/wp-json\/wp\/v2\/users\/6"}],"replies":[{"embeddable":true,"href":"https:\/\/agora.xtec.cat\/iesgerbert\/wp-json\/wp\/v2\/comments?post=4449"}],"version-history":[{"count":4,"href":"https:\/\/agora.xtec.cat\/iesgerbert\/wp-json\/wp\/v2\/posts\/4449\/revisions"}],"predecessor-version":[{"id":4741,"href":"https:\/\/agora.xtec.cat\/iesgerbert\/wp-json\/wp\/v2\/posts\/4449\/revisions\/4741"}],"wp:featuredmedia":[{"embeddable":true,"href":"https:\/\/agora.xtec.cat\/iesgerbert\/wp-json\/wp\/v2\/media\/4448"}],"wp:attachment":[{"href":"https:\/\/agora.xtec.cat\/iesgerbert\/wp-json\/wp\/v2\/media?parent=4449"}],"wp:term":[{"taxonomy":"category","embeddable":true,"href":"https:\/\/agora.xtec.cat\/iesgerbert\/wp-json\/wp\/v2\/categories?post=4449"},{"taxonomy":"post_tag","embeddable":true,"href":"https:\/\/agora.xtec.cat\/iesgerbert\/wp-json\/wp\/v2\/tags?post=4449"}],"curies":[{"name":"wp","href":"https:\/\/api.w.org\/{rel}","templated":true}]}}