{"id":4337,"date":"2020-09-10T13:14:27","date_gmt":"2020-09-10T11:14:27","guid":{"rendered":"http:\/\/agora.xtec.cat\/iesgerbert\/?p=4337"},"modified":"2020-09-10T13:58:03","modified_gmt":"2020-09-10T11:58:03","slug":"el-proper-dilluns-comenca-el-curs-amb-lacollida-al-centre","status":"publish","type":"post","link":"https:\/\/agora.xtec.cat\/iesgerbert\/general\/el-proper-dilluns-comenca-el-curs-amb-lacollida-al-centre\/","title":{"rendered":"EL PROPER DILLUNS COMEN\u00c7A EL CURS AMB L&#8217;ACOLLIDA AL CENTRE"},"content":{"rendered":"<p style=\"text-align: justify;\">A causa de la incertesa i d&#8217;alguns canvis de criteri recents respecte a les mesures sanit\u00e0ries, recordeu que el proper <strong>dilluns 14 de setembre<\/strong> <strong>ser\u00e0<\/strong> <strong>el dia de presentaci\u00f3 del curs<\/strong>, en comptes de dijous 10, tal i com s&#8217;havia previst inicialment. Es respectar\u00e0 el seg\u00fcent horari:<\/p>\n<p style=\"text-align: justify;\">L\u2019alumnat de<strong> 2n d&#8217;ESO <\/strong>entrar\u00e0 per la porta d&#8217;acc\u00e9s habitual (ACC\u00c9S PLANTA BAIXA):<\/p>\n<ul style=\"text-align: justify;\">\n<li>A les 9:00h, 2n d&#8217;ESO A<\/li>\n<li>A les 9:10h, 2n d&#8217;ESO B<\/li>\n<li>A les 9:20h, 2n d&#8217;ESO C<\/li>\n<\/ul>\n<p style=\"text-align: justify;\">L\u2019alumnat de<strong> 1r de Batxillerat <\/strong>entrar\u00e0 per la porta d&#8217;emerg\u00e8ncia situada al darrera del gimn\u00e0s (ACC\u00c9S PLANTA 2):<\/p>\n<ul style=\"text-align: justify;\">\n<li>A les 9:00h, 1r de Batxillerat A<\/li>\n<li>A les 9:10h, 1r de Batxillerat B<\/li>\n<li>A\u00a0 les 9:20h, 1r de Batxillerat C<\/li>\n<\/ul>\n<p style=\"text-align: justify;\"><strong>1r d&#8217;ESO\u00a0<\/strong>entrar\u00e0 per la porta d&#8217;acc\u00e9s habitual (ACC\u00c9S PLANTA BAIXA):<\/p>\n<ul style=\"list-style-type: disc; text-align: justify;\">\n<li>A les 10:45h, 1r d&#8217;ESO A<\/li>\n<li>A les 10:55h, 1r d&#8217;ESO B<\/li>\n<li>A les 11:05h, 1r d&#8217;ESO C<\/li>\n<\/ul>\n<p style=\"text-align: justify;\"><strong>4t d&#8217;ESO <\/strong>entrar\u00e0\u00a0 per la porta corredera de serveis situada al costat del parc que hi ha a la punta de l&#8217;institut (ACC\u00c9S PLANTA 1) :<\/p>\n<ul style=\"text-align: justify;\">\n<li>A les 10:45h, 4t d&#8217;ESO A<\/li>\n<li>A les 10:55h, 4t d&#8217;ESO B<\/li>\n<li>A les 11:05h, 4t d&#8217;ESO C<\/li>\n<\/ul>\n<p style=\"text-align: justify;\"><strong>3r d&#8217;ESO\u00a0<\/strong>entrar\u00e0\u00a0per la porta corredera de serveis situada al costat del parc que hi ha a la punta de l&#8217;institut (ACC\u00c9S PLANTA 1):<\/p>\n<ul style=\"text-align: justify;\">\n<li>A les 12:30h, 3r d&#8217;ESO A<\/li>\n<li>A les 12:40h, 3r d&#8217;ESO B<\/li>\n<li>A les 12:50h, 3r d&#8217;ESO C<\/li>\n<\/ul>\n<p style=\"text-align: justify;\"><strong>2n de Batxillerat <\/strong>entrar\u00e0 per la porta d&#8217;emerg\u00e8ncia situada al darrera del gimn\u00e0s (ACC\u00c9S PLANTA 2) :<\/p>\n<ul style=\"list-style-type: disc; text-align: justify;\">\n<li>A les 12:30h, 2n de Batxillerat\u00a0 A<\/li>\n<li>A les 12:40h, 2n de Batxillerat\u00a0 B<\/li>\n<li>A les 12:50h, 2n de Batxillerat\u00a0 C (Batxibac)<\/li>\n<\/ul>\n<p style=\"text-align: justify;\">Properament us informarem tamb\u00e9 del grup al qual pertany cada alumne. El pl\u00e0nol amb les portes d&#8217;acc\u00e9s al centre es pot veure en el document &#8220;Pla d\u2019obertura del centre&#8221; a la cap\u00e7alera de la web.<\/p>\n<p style=\"text-align: justify;\">Recordar tamb\u00e9 que els\/les alumnes nom\u00e9s han de portar material per prendre nota de les indicacions dels tutors de grup (paper i llapis).<\/p>\n<p style=\"text-align: justify;\">El <strong>dilluns 14 no hi haur\u00e0 transport escolar<\/strong>, que funcionar\u00e0 amb normalitat a partir del dimarts 15 de setembre.<\/p>\n<p style=\"text-align: justify;\"><strong>Cap alumne\/a podr\u00e0 accedir al centre sense la declaraci\u00f3 responsable<\/strong>\u00a0signada pel pare, mare o tutor legal (s\u2019ha enviat\u00a0i la teniu tamb\u00e9 a la cap\u00e7alera de la p\u00e0gina web).<\/p>\n<p style=\"text-align: justify;\">A l&#8217;entrada, els alumnes es trobaran amb els tutors, que els acompanyaran a l&#8217;aula. Es comprovar\u00e0 que tot l&#8217;alumnat porti la\u00a0<strong>mascareta<\/strong>\u00a0<strong>obligat\u00f2ria<\/strong> i es renti les mans. A m\u00e9s, se&#8217;ls\u00a0prendr\u00e0 la febre i no podran entrar les persones amb temperatura superior a 37\u20195\u00ba.<\/p>\n<p style=\"text-align: justify;\">A banda del \u201cPla d\u2019obertura del centre\u201d que fixa el r\u00e8gim d&#8217;entrades i sortides i les principals mesures que s\u2019han pres per la situaci\u00f3 derivada de la Covid-19, teniu tamb\u00e9 a la cap\u00e7alera de la web els dos documents de Salut Escola adre\u00e7ats a les fam\u00edlies amb informacions sobre les mesures higi\u00e8niques i sanit\u00e0ries derivades de la pand\u00e8mia. Per altra banda, tamb\u00e9 trobareu les autoritzacions per a les entrades i sortides de l\u2019alumnat de Batxillerat i de 2n cicle d\u2019ESO.<\/p>\n<p style=\"text-align: justify;\"><strong>El dimarts 22 a les 19:00h hi haur\u00e0 les reunions telem\u00e0tiques amb les fam\u00edlies de tots els grups<\/strong>. Anteriorment, el tutor us haur\u00e0 enviat a trav\u00e9s del correu d&#8217;alumne de l&#8217;institut del vostre del vostre fill\/a la convocat\u00f2ria i l&#8217;enlla\u00e7.<\/p>\n<p>Us desitgem un molt bon curs a tots i totes. Estem segurs que tot anir\u00e0 b\u00e9 i que ens en sortirem!<\/p>\n","protected":false},"excerpt":{"rendered":"<p>A causa de la incertesa i d&#8217;alguns canvis de criteri recents respecte a les mesures sanit\u00e0ries, recordeu que el\u00a0proper dilluns 14 de setembre ser\u00e0 el dia de presentaci\u00f3 del curs, en comptes de dijous 10, tal i com s&#8217;havia previst inicialment. <\/p>\n","protected":false},"author":6,"featured_media":4339,"comment_status":"open","ping_status":"closed","sticky":false,"template":"","format":"standard","meta":{"_bbp_topic_count":0,"_bbp_reply_count":0,"_bbp_total_topic_count":0,"_bbp_total_reply_count":0,"_bbp_voice_count":0,"_bbp_anonymous_reply_count":0,"_bbp_topic_count_hidden":0,"_bbp_reply_count_hidden":0,"_bbp_forum_subforum_count":0,"site-sidebar-layout":"default","site-content-layout":"","ast-site-content-layout":"","site-content-style":"default","site-sidebar-style":"default","ast-global-header-display":"","ast-banner-title-visibility":"","ast-main-header-display":"","ast-hfb-above-header-display":"","ast-hfb-below-header-display":"","ast-hfb-mobile-header-display":"","site-post-title":"","ast-breadcrumbs-content":"","ast-featured-img":"","footer-sml-layout":"","theme-transparent-header-meta":"","adv-header-id-meta":"","stick-header-meta":"","header-above-stick-meta":"","header-main-stick-meta":"","header-below-stick-meta":"","astra-migrate-meta-layouts":"default","ast-page-background-enabled":"default","ast-page-background-meta":{"desktop":{"background-color":"var(--ast-global-color-4)","background-image":"","background-repeat":"repeat","background-position":"center center","background-size":"auto","background-attachment":"scroll","background-type":"","background-media":"","overlay-type":"","overlay-color":"","overlay-opacity":"","overlay-gradient":""},"tablet":{"background-color":"","background-image":"","background-repeat":"repeat","background-position":"center center","background-size":"auto","background-attachment":"scroll","background-type":"","background-media":"","overlay-type":"","overlay-color":"","overlay-opacity":"","overlay-gradient":""},"mobile":{"background-color":"","background-image":"","background-repeat":"repeat","background-position":"center center","background-size":"auto","background-attachment":"scroll","background-type":"","background-media":"","overlay-type":"","overlay-color":"","overlay-opacity":"","overlay-gradient":""}},"ast-content-background-meta":{"desktop":{"background-color":"var(--ast-global-color-5)","background-image":"","background-repeat":"repeat","background-position":"center center","background-size":"auto","background-attachment":"scroll","background-type":"","background-media":"","overlay-type":"","overlay-color":"","overlay-opacity":"","overlay-gradient":""},"tablet":{"background-color":"var(--ast-global-color-5)","background-image":"","background-repeat":"repeat","background-position":"center center","background-size":"auto","background-attachment":"scroll","background-type":"","background-media":"","overlay-type":"","overlay-color":"","overlay-opacity":"","overlay-gradient":""},"mobile":{"background-color":"var(--ast-global-color-5)","background-image":"","background-repeat":"repeat","background-position":"center center","background-size":"auto","background-attachment":"scroll","background-type":"","background-media":"","overlay-type":"","overlay-color":"","overlay-opacity":"","overlay-gradient":""}},"footnotes":""},"categories":[31,8,3,1,30,29],"tags":[],"class_list":["post-4337","post","type-post","status-publish","format-standard","has-post-thumbnail","hentry","category-afa","category-batxillerat","category-eso","category-general","category-programa-formacio-insercio","category-portada"],"post_mailing_queue_ids":[],"_links":{"self":[{"href":"https:\/\/agora.xtec.cat\/iesgerbert\/wp-json\/wp\/v2\/posts\/4337","targetHints":{"allow":["GET"]}}],"collection":[{"href":"https:\/\/agora.xtec.cat\/iesgerbert\/wp-json\/wp\/v2\/posts"}],"about":[{"href":"https:\/\/agora.xtec.cat\/iesgerbert\/wp-json\/wp\/v2\/types\/post"}],"author":[{"embeddable":true,"href":"https:\/\/agora.xtec.cat\/iesgerbert\/wp-json\/wp\/v2\/users\/6"}],"replies":[{"embeddable":true,"href":"https:\/\/agora.xtec.cat\/iesgerbert\/wp-json\/wp\/v2\/comments?post=4337"}],"version-history":[{"count":3,"href":"https:\/\/agora.xtec.cat\/iesgerbert\/wp-json\/wp\/v2\/posts\/4337\/revisions"}],"predecessor-version":[{"id":4345,"href":"https:\/\/agora.xtec.cat\/iesgerbert\/wp-json\/wp\/v2\/posts\/4337\/revisions\/4345"}],"wp:featuredmedia":[{"embeddable":true,"href":"https:\/\/agora.xtec.cat\/iesgerbert\/wp-json\/wp\/v2\/media\/4339"}],"wp:attachment":[{"href":"https:\/\/agora.xtec.cat\/iesgerbert\/wp-json\/wp\/v2\/media?parent=4337"}],"wp:term":[{"taxonomy":"category","embeddable":true,"href":"https:\/\/agora.xtec.cat\/iesgerbert\/wp-json\/wp\/v2\/categories?post=4337"},{"taxonomy":"post_tag","embeddable":true,"href":"https:\/\/agora.xtec.cat\/iesgerbert\/wp-json\/wp\/v2\/tags?post=4337"}],"curies":[{"name":"wp","href":"https:\/\/api.w.org\/{rel}","templated":true}]}}