{"id":4262,"date":"2020-07-23T21:35:06","date_gmt":"2020-07-23T19:35:06","guid":{"rendered":"http:\/\/agora.xtec.cat\/iesgerbert\/?p=4262"},"modified":"2020-07-23T21:36:54","modified_gmt":"2020-07-23T19:36:54","slug":"transformacio-digital-al-centre","status":"publish","type":"post","link":"https:\/\/agora.xtec.cat\/iesgerbert\/general\/transformacio-digital-al-centre\/","title":{"rendered":"TRANSFORMACI\u00d3 DIGITAL AL CENTRE"},"content":{"rendered":"<p class=\"normal\" style=\"text-align: justify;\"><span lang=\"ca\" style=\"font-size: 12.0pt; line-height: 115%;\">El passat 10 de juliol, representants del nostre institut van participar, de manera virtual, a la jornada de cloenda del pla de Transformaci\u00f3 Digital i de la Xarxa Territorial de Compet\u00e8ncia Digital.<\/span><\/p>\n<p class=\"normal\" style=\"text-align: justify;\"><span lang=\"ca\" style=\"font-size: 12.0pt; line-height: 115%;\">Al llarg del curs acad\u00e8mic 2019\/2020 el claustre de l\u2019Institut Gerbert d\u2019Aurillac ha estat treballant a l\u2019esmentat pla de Transformaci\u00f3 Digital mitjan\u00e7ant un curs de formaci\u00f3 interna. D\u2019entre els principals objectius d\u2019aquest pla es troba millorar la compet\u00e8ncia digital dels docents, aix\u00ed com promoure l\u2019\u00fas de noves metodologies d\u2019aula. Les circumst\u00e0ncies dels darrers mesos ens han fet veure que apostar per aquest tipus de formaci\u00f3 ha estat una elecci\u00f3 del tot encertada.<\/span><\/p>\n<p class=\"normal\" style=\"text-align: justify;\"><span lang=\"ca\" style=\"font-size: 12.0pt; line-height: 115%;\">D\u2019aquesta experi\u00e8ncia han sortit del nostre institut propostes molt interessants que han estat recollides pel Departament d\u2019Educaci\u00f3 de la Generalitat de Catalunya. Per aquest motiu i per la gran implicaci\u00f3 de tot el claustre de l\u2019Institut Gerbert d\u2019Aurillac, el nostre centre va ser seleccionat per participar en l\u2019esmentada jornada de cloenda.<\/span><\/p>\n<p class=\"normal\" style=\"text-align: justify;\"><span lang=\"ca\" style=\"font-size: 12.0pt; line-height: 115%;\">L\u2019Enhorabona a tots i totes per la feina feta.<\/span><\/p>\n<p>Eva Luj\u00e1n<\/p>\n<p>Professora<\/p>\n","protected":false},"excerpt":{"rendered":"<p>El passat 10 de juliol, representants del nostre institut van participar, de manera virtual, a la jornada de cloenda del pla de Transformaci\u00f3 Digital i de la Xarxa Territorial de Compet\u00e8ncia Digital. Al llarg del curs acad\u00e8mic 2019\/2020 el claustre de l\u2019Institut Gerbert d\u2019Aurillac ha estat treballant a l\u2019esmentat pla de Transformaci\u00f3 Digital mitjan\u00e7ant un [&hellip;]<\/p>\n","protected":false},"author":1,"featured_media":4261,"comment_status":"closed","ping_status":"closed","sticky":false,"template":"","format":"standard","meta":{"_bbp_topic_count":0,"_bbp_reply_count":0,"_bbp_total_topic_count":0,"_bbp_total_reply_count":0,"_bbp_voice_count":0,"_bbp_anonymous_reply_count":0,"_bbp_topic_count_hidden":0,"_bbp_reply_count_hidden":0,"_bbp_forum_subforum_count":0,"site-sidebar-layout":"default","site-content-layout":"","ast-site-content-layout":"","site-content-style":"default","site-sidebar-style":"default","ast-global-header-display":"","ast-banner-title-visibility":"","ast-main-header-display":"","ast-hfb-above-header-display":"","ast-hfb-below-header-display":"","ast-hfb-mobile-header-display":"","site-post-title":"","ast-breadcrumbs-content":"","ast-featured-img":"","footer-sml-layout":"","theme-transparent-header-meta":"","adv-header-id-meta":"","stick-header-meta":"","header-above-stick-meta":"","header-main-stick-meta":"","header-below-stick-meta":"","astra-migrate-meta-layouts":"default","ast-page-background-enabled":"default","ast-page-background-meta":{"desktop":{"background-color":"var(--ast-global-color-4)","background-image":"","background-repeat":"repeat","background-position":"center center","background-size":"auto","background-attachment":"scroll","background-type":"","background-media":"","overlay-type":"","overlay-color":"","overlay-opacity":"","overlay-gradient":""},"tablet":{"background-color":"","background-image":"","background-repeat":"repeat","background-position":"center center","background-size":"auto","background-attachment":"scroll","background-type":"","background-media":"","overlay-type":"","overlay-color":"","overlay-opacity":"","overlay-gradient":""},"mobile":{"background-color":"","background-image":"","background-repeat":"repeat","background-position":"center center","background-size":"auto","background-attachment":"scroll","background-type":"","background-media":"","overlay-type":"","overlay-color":"","overlay-opacity":"","overlay-gradient":""}},"ast-content-background-meta":{"desktop":{"background-color":"var(--ast-global-color-5)","background-image":"","background-repeat":"repeat","background-position":"center center","background-size":"auto","background-attachment":"scroll","background-type":"","background-media":"","overlay-type":"","overlay-color":"","overlay-opacity":"","overlay-gradient":""},"tablet":{"background-color":"var(--ast-global-color-5)","background-image":"","background-repeat":"repeat","background-position":"center center","background-size":"auto","background-attachment":"scroll","background-type":"","background-media":"","overlay-type":"","overlay-color":"","overlay-opacity":"","overlay-gradient":""},"mobile":{"background-color":"var(--ast-global-color-5)","background-image":"","background-repeat":"repeat","background-position":"center center","background-size":"auto","background-attachment":"scroll","background-type":"","background-media":"","overlay-type":"","overlay-color":"","overlay-opacity":"","overlay-gradient":""}},"footnotes":""},"categories":[31,1,29],"tags":[],"class_list":["post-4262","post","type-post","status-publish","format-standard","has-post-thumbnail","hentry","category-afa","category-general","category-portada"],"post_mailing_queue_ids":[],"_links":{"self":[{"href":"https:\/\/agora.xtec.cat\/iesgerbert\/wp-json\/wp\/v2\/posts\/4262","targetHints":{"allow":["GET"]}}],"collection":[{"href":"https:\/\/agora.xtec.cat\/iesgerbert\/wp-json\/wp\/v2\/posts"}],"about":[{"href":"https:\/\/agora.xtec.cat\/iesgerbert\/wp-json\/wp\/v2\/types\/post"}],"author":[{"embeddable":true,"href":"https:\/\/agora.xtec.cat\/iesgerbert\/wp-json\/wp\/v2\/users\/1"}],"replies":[{"embeddable":true,"href":"https:\/\/agora.xtec.cat\/iesgerbert\/wp-json\/wp\/v2\/comments?post=4262"}],"version-history":[{"count":3,"href":"https:\/\/agora.xtec.cat\/iesgerbert\/wp-json\/wp\/v2\/posts\/4262\/revisions"}],"predecessor-version":[{"id":4265,"href":"https:\/\/agora.xtec.cat\/iesgerbert\/wp-json\/wp\/v2\/posts\/4262\/revisions\/4265"}],"wp:featuredmedia":[{"embeddable":true,"href":"https:\/\/agora.xtec.cat\/iesgerbert\/wp-json\/wp\/v2\/media\/4261"}],"wp:attachment":[{"href":"https:\/\/agora.xtec.cat\/iesgerbert\/wp-json\/wp\/v2\/media?parent=4262"}],"wp:term":[{"taxonomy":"category","embeddable":true,"href":"https:\/\/agora.xtec.cat\/iesgerbert\/wp-json\/wp\/v2\/categories?post=4262"},{"taxonomy":"post_tag","embeddable":true,"href":"https:\/\/agora.xtec.cat\/iesgerbert\/wp-json\/wp\/v2\/tags?post=4262"}],"curies":[{"name":"wp","href":"https:\/\/api.w.org\/{rel}","templated":true}]}}