{"id":4049,"date":"2020-06-17T09:26:27","date_gmt":"2020-06-17T07:26:27","guid":{"rendered":"http:\/\/agora.xtec.cat\/iesgerbert\/?p=4049"},"modified":"2020-06-17T09:34:09","modified_gmt":"2020-06-17T07:34:09","slug":"visita-enoturistica-per-les-tines-de-la-vall-del-flequer","status":"publish","type":"post","link":"https:\/\/agora.xtec.cat\/iesgerbert\/general\/visita-enoturistica-per-les-tines-de-la-vall-del-flequer\/","title":{"rendered":"VISITA ENOTUR\u00cdSTICA PER LES TINES DE LA VALL DEL FLEQUER"},"content":{"rendered":"<p style=\"text-align: justify;\">Aquest dilluns professorat i alumnat de 1r del CFGS de M\u00e0rqueting i Publicitat van poder gaudir d&#8217;una ruta per les Tines de la Vall del Flequer. L&#8217;encarregat de fer de guia va ser l&#8217;alumne, Gon\u00e7al Portabella, que ha iniciat un projecte personal d&#8217;enoturisme. El seu projecte es diu <em>Catalan Cultural Tours<\/em>. Una primera versi\u00f3 del web es troba seguint el seg\u00fcent enlla\u00e7: <a href=\"http:\/\/catalanculturaltours.com\">http:\/\/catalanculturaltours.com<\/a>.<\/p>\n<p style=\"text-align: justify;\">El Gon\u00e7al ens va oferir la seva primera visita guiada gratu\u00efta per les Tines de la Vall del Flequer, entre el Pont de Vilomara i Rocafort. Una ruta circular que permet descobrir aquestes grans construccions de pedra, algunes a\u00efllades i d&#8217;altres agrupades, que servien per fer vi a tocar de la mateixa vinya, ja que el transport de ra\u00efm era molt complicat. Cal recordar que a mitjans del segle XIX, la zona del Bages era una gran productora de vi i tenia moltes hect\u00e0rees dedicades al cultiu de la vinya. A finals del segle XIX i principis del XX, la fil\u00b7loxera va matar els ceps i els bancals que ocupaven les vinyes van ser abandonats i el paisatge es va transformar en el bosc que es veu a dia d&#8217;avui.<\/p>\n<p>Despr\u00e9s del passeig per les vinyes, es va poder gaudir d&#8217;una activitat de tast a cegues a c\u00e0rrec del sommelier i professor del cicle, Jaume Pont, al Set\u00e8 Cel, a Manresa.<\/p>\n<p><a href=\"https:\/\/agora.xtec.cat\/iesgerbert\/wp-content\/uploads\/usu668\/2020\/06\/IMG_20200615_101142.jpg\"><img loading=\"lazy\" decoding=\"async\" class=\"alignnone wp-image-4044\" src=\"https:\/\/agora.xtec.cat\/iesgerbert\/wp-content\/uploads\/usu668\/2020\/06\/IMG_20200615_101142.jpg\" alt=\"\" width=\"392\" height=\"523\" srcset=\"https:\/\/agora.xtec.cat\/iesgerbert\/wp-content\/uploads\/usu668\/2020\/06\/IMG_20200615_101142.jpg 750w, https:\/\/agora.xtec.cat\/iesgerbert\/wp-content\/uploads\/usu668\/2020\/06\/IMG_20200615_101142-225x300.jpg 225w\" sizes=\"auto, (max-width: 392px) 100vw, 392px\" \/>\u00a0 <\/a><a href=\"https:\/\/agora.xtec.cat\/iesgerbert\/wp-content\/uploads\/usu668\/2020\/06\/IMG_20200615_095855.jpg\"><img loading=\"lazy\" decoding=\"async\" class=\"alignnone wp-image-4045\" src=\"https:\/\/agora.xtec.cat\/iesgerbert\/wp-content\/uploads\/usu668\/2020\/06\/IMG_20200615_095855.jpg\" alt=\"\" width=\"395\" height=\"527\" srcset=\"https:\/\/agora.xtec.cat\/iesgerbert\/wp-content\/uploads\/usu668\/2020\/06\/IMG_20200615_095855.jpg 750w, https:\/\/agora.xtec.cat\/iesgerbert\/wp-content\/uploads\/usu668\/2020\/06\/IMG_20200615_095855-225x300.jpg 225w\" sizes=\"auto, (max-width: 395px) 100vw, 395px\" \/><\/a><\/p>\n<p><a href=\"https:\/\/agora.xtec.cat\/iesgerbert\/wp-content\/uploads\/usu668\/2020\/06\/IMG_20200615_095817.jpg\"><img loading=\"lazy\" decoding=\"async\" class=\"alignnone wp-image-4046\" src=\"https:\/\/agora.xtec.cat\/iesgerbert\/wp-content\/uploads\/usu668\/2020\/06\/IMG_20200615_095817.jpg\" alt=\"\" width=\"396\" height=\"528\" srcset=\"https:\/\/agora.xtec.cat\/iesgerbert\/wp-content\/uploads\/usu668\/2020\/06\/IMG_20200615_095817.jpg 750w, https:\/\/agora.xtec.cat\/iesgerbert\/wp-content\/uploads\/usu668\/2020\/06\/IMG_20200615_095817-225x300.jpg 225w\" sizes=\"auto, (max-width: 396px) 100vw, 396px\" \/> <\/a><a href=\"https:\/\/agora.xtec.cat\/iesgerbert\/wp-content\/uploads\/usu668\/2020\/06\/IMG_20200615_104118.jpg\"><img loading=\"lazy\" decoding=\"async\" class=\"alignnone wp-image-4048\" src=\"https:\/\/agora.xtec.cat\/iesgerbert\/wp-content\/uploads\/usu668\/2020\/06\/IMG_20200615_104118.jpg\" alt=\"\" width=\"398\" height=\"530\" srcset=\"https:\/\/agora.xtec.cat\/iesgerbert\/wp-content\/uploads\/usu668\/2020\/06\/IMG_20200615_104118.jpg 750w, https:\/\/agora.xtec.cat\/iesgerbert\/wp-content\/uploads\/usu668\/2020\/06\/IMG_20200615_104118-225x300.jpg 225w\" sizes=\"auto, (max-width: 398px) 100vw, 398px\" \/><\/a><\/p>\n<div><a href=\"https:\/\/agora.xtec.cat\/iesgerbert\/wp-content\/uploads\/usu668\/2020\/06\/IMG_20200615_130314.jpg\"><img loading=\"lazy\" decoding=\"async\" class=\"alignnone wp-image-4053\" src=\"https:\/\/agora.xtec.cat\/iesgerbert\/wp-content\/uploads\/usu668\/2020\/06\/IMG_20200615_130314.jpg\" alt=\"\" width=\"390\" height=\"520\" srcset=\"https:\/\/agora.xtec.cat\/iesgerbert\/wp-content\/uploads\/usu668\/2020\/06\/IMG_20200615_130314.jpg 750w, https:\/\/agora.xtec.cat\/iesgerbert\/wp-content\/uploads\/usu668\/2020\/06\/IMG_20200615_130314-225x300.jpg 225w\" sizes=\"auto, (max-width: 390px) 100vw, 390px\" \/> <\/a><a href=\"https:\/\/agora.xtec.cat\/iesgerbert\/wp-content\/uploads\/usu668\/2020\/06\/IMG_20200615_130221.jpg\"><img loading=\"lazy\" decoding=\"async\" class=\"alignnone wp-image-4047\" src=\"https:\/\/agora.xtec.cat\/iesgerbert\/wp-content\/uploads\/usu668\/2020\/06\/IMG_20200615_130221.jpg\" alt=\"\" width=\"392\" height=\"523\" srcset=\"https:\/\/agora.xtec.cat\/iesgerbert\/wp-content\/uploads\/usu668\/2020\/06\/IMG_20200615_130221.jpg 750w, https:\/\/agora.xtec.cat\/iesgerbert\/wp-content\/uploads\/usu668\/2020\/06\/IMG_20200615_130221-225x300.jpg 225w\" sizes=\"auto, (max-width: 392px) 100vw, 392px\" \/><\/a><\/div>\n","protected":false},"excerpt":{"rendered":"<p>Aquest dilluns professorat i alumnat de 1r del CFGS de M\u00e0rqueting i Publicitat van poder gaudir d&#8217;una ruta per les Tines de la Vall del Flequer. L&#8217;encarregat de fer de guia va ser l&#8217;alumne, Gon\u00e7al Portabella, que ha iniciat un projecte personal d&#8217;enoturisme. El seu projecte es diu Catalan Cultural Tours. <\/p>\n","protected":false},"author":6,"featured_media":4044,"comment_status":"open","ping_status":"closed","sticky":false,"template":"","format":"standard","meta":{"_bbp_topic_count":0,"_bbp_reply_count":0,"_bbp_total_topic_count":0,"_bbp_total_reply_count":0,"_bbp_voice_count":0,"_bbp_anonymous_reply_count":0,"_bbp_topic_count_hidden":0,"_bbp_reply_count_hidden":0,"_bbp_forum_subforum_count":0,"site-sidebar-layout":"default","site-content-layout":"","ast-site-content-layout":"","site-content-style":"default","site-sidebar-style":"default","ast-global-header-display":"","ast-banner-title-visibility":"","ast-main-header-display":"","ast-hfb-above-header-display":"","ast-hfb-below-header-display":"","ast-hfb-mobile-header-display":"","site-post-title":"","ast-breadcrumbs-content":"","ast-featured-img":"","footer-sml-layout":"","theme-transparent-header-meta":"","adv-header-id-meta":"","stick-header-meta":"","header-above-stick-meta":"","header-main-stick-meta":"","header-below-stick-meta":"","astra-migrate-meta-layouts":"default","ast-page-background-enabled":"default","ast-page-background-meta":{"desktop":{"background-color":"var(--ast-global-color-4)","background-image":"","background-repeat":"repeat","background-position":"center center","background-size":"auto","background-attachment":"scroll","background-type":"","background-media":"","overlay-type":"","overlay-color":"","overlay-opacity":"","overlay-gradient":""},"tablet":{"background-color":"","background-image":"","background-repeat":"repeat","background-position":"center center","background-size":"auto","background-attachment":"scroll","background-type":"","background-media":"","overlay-type":"","overlay-color":"","overlay-opacity":"","overlay-gradient":""},"mobile":{"background-color":"","background-image":"","background-repeat":"repeat","background-position":"center center","background-size":"auto","background-attachment":"scroll","background-type":"","background-media":"","overlay-type":"","overlay-color":"","overlay-opacity":"","overlay-gradient":""}},"ast-content-background-meta":{"desktop":{"background-color":"var(--ast-global-color-5)","background-image":"","background-repeat":"repeat","background-position":"center center","background-size":"auto","background-attachment":"scroll","background-type":"","background-media":"","overlay-type":"","overlay-color":"","overlay-opacity":"","overlay-gradient":""},"tablet":{"background-color":"var(--ast-global-color-5)","background-image":"","background-repeat":"repeat","background-position":"center center","background-size":"auto","background-attachment":"scroll","background-type":"","background-media":"","overlay-type":"","overlay-color":"","overlay-opacity":"","overlay-gradient":""},"mobile":{"background-color":"var(--ast-global-color-5)","background-image":"","background-repeat":"repeat","background-position":"center center","background-size":"auto","background-attachment":"scroll","background-type":"","background-media":"","overlay-type":"","overlay-color":"","overlay-opacity":"","overlay-gradient":""}},"footnotes":""},"categories":[31,1,30,29],"tags":[],"class_list":["post-4049","post","type-post","status-publish","format-standard","has-post-thumbnail","hentry","category-afa","category-general","category-programa-formacio-insercio","category-portada"],"post_mailing_queue_ids":[],"_links":{"self":[{"href":"https:\/\/agora.xtec.cat\/iesgerbert\/wp-json\/wp\/v2\/posts\/4049","targetHints":{"allow":["GET"]}}],"collection":[{"href":"https:\/\/agora.xtec.cat\/iesgerbert\/wp-json\/wp\/v2\/posts"}],"about":[{"href":"https:\/\/agora.xtec.cat\/iesgerbert\/wp-json\/wp\/v2\/types\/post"}],"author":[{"embeddable":true,"href":"https:\/\/agora.xtec.cat\/iesgerbert\/wp-json\/wp\/v2\/users\/6"}],"replies":[{"embeddable":true,"href":"https:\/\/agora.xtec.cat\/iesgerbert\/wp-json\/wp\/v2\/comments?post=4049"}],"version-history":[{"count":3,"href":"https:\/\/agora.xtec.cat\/iesgerbert\/wp-json\/wp\/v2\/posts\/4049\/revisions"}],"predecessor-version":[{"id":4059,"href":"https:\/\/agora.xtec.cat\/iesgerbert\/wp-json\/wp\/v2\/posts\/4049\/revisions\/4059"}],"wp:featuredmedia":[{"embeddable":true,"href":"https:\/\/agora.xtec.cat\/iesgerbert\/wp-json\/wp\/v2\/media\/4044"}],"wp:attachment":[{"href":"https:\/\/agora.xtec.cat\/iesgerbert\/wp-json\/wp\/v2\/media?parent=4049"}],"wp:term":[{"taxonomy":"category","embeddable":true,"href":"https:\/\/agora.xtec.cat\/iesgerbert\/wp-json\/wp\/v2\/categories?post=4049"},{"taxonomy":"post_tag","embeddable":true,"href":"https:\/\/agora.xtec.cat\/iesgerbert\/wp-json\/wp\/v2\/tags?post=4049"}],"curies":[{"name":"wp","href":"https:\/\/api.w.org\/{rel}","templated":true}]}}