{"id":3554,"date":"2020-04-27T13:41:08","date_gmt":"2020-04-27T11:41:08","guid":{"rendered":"http:\/\/agora.xtec.cat\/iesgerbert\/?p=3554"},"modified":"2020-04-28T11:03:47","modified_gmt":"2020-04-28T09:03:47","slug":"concurs-creartec-sant-jordi-2020","status":"publish","type":"post","link":"https:\/\/agora.xtec.cat\/iesgerbert\/general\/concurs-creartec-sant-jordi-2020\/","title":{"rendered":"CONCURS CREARTEC SANT JORDI 2020"},"content":{"rendered":"<p style=\"text-align: justify;\">Benvolguts\/des:<\/p>\n<p style=\"text-align: justify;\">Aquest Sant Jordi confinat ens dona oportunitats culturals!<\/p>\n<p style=\"text-align: justify;\">Dins de les iniciatives que proposa l\u2019Ajuntament de Sant Fruit\u00f3s de Bages per aquest Sant Jordi 2020, el NexeJove us animem a participar en el concurs CreArTec Sant Jordi 2020.<\/p>\n<p style=\"text-align: justify;\"><strong>Qu\u00e8 \u00e9s el concurs CreArTec?<\/strong><\/p>\n<p style=\"text-align: justify;\">CreArTec \u00e9s un Programa de Creativitat, Art i Tecnologia de l\u2019\u00c0rea d\u2019Acci\u00f3 Juvenil i per aquest Sant Jordi confinat us proposem un concurs. Sigues el m\u00e0xim creatiu! Us proposem <strong>les seg\u00fcents categories i possibilitats: dibuix, prosa, poesia, <\/strong><strong>lletra original i lletra adaptada<\/strong>. Podeu enviar doncs dibuixos, imatges, textos, m\u00fasica, v\u00eddeos i en qualsevol composici\u00f3, format i forma.<\/p>\n<p style=\"text-align: justify;\"><strong>Qu\u00e8 hi guanyem?<\/strong><\/p>\n<p style=\"text-align: justify;\"><strong>El primer de tot \u00e9s que la cultura aquest Sant Jordi no s\u2019aturar\u00e0. Per\u00f2 a m\u00e9s a <\/strong><strong>m\u00e9s, els primers 150 participants rebran un val de 20 euros per a bescanviar per <\/strong><strong>llibres a la llibreria Ferrer del municipi,<\/strong> a partir del pr\u00f2xim 1 de juny.<\/p>\n<p style=\"text-align: justify;\">M\u00e9s endavant, seran seleccionades les millors creacions de cada categoria per a fer-ne una exposici\u00f3.<\/p>\n<p style=\"text-align: justify;\"><strong>Qui pot participar?<\/strong><\/p>\n<p style=\"text-align: justify;\">Poden participar-hi <strong>els i les joves de 13 i 18 anys (empadronats al municipi <\/strong><strong>nascuts entre els anys 2001 i el 2006 ambd\u00f3s inclosos).<\/strong><\/p>\n<p style=\"text-align: justify;\"><strong>Fins quant tinc temps?<\/strong><\/p>\n<p style=\"text-align: justify;\">Hi pots participar <strong>del 23 al 10 de maig de 2020.<\/strong><\/p>\n<p style=\"text-align: justify;\"><strong>Com ho he de fer?<\/strong><\/p>\n<p style=\"text-align: justify;\">Per a participar-hi has d<strong>\u2019enviar la teva creaci\u00f3 a trav\u00e9s del formulari que <\/strong><strong>trobar\u00e0s en aquest enlla\u00e7 i tamb\u00e9 al web de l\u2019Ajuntament (www.santfruitos.cat) <\/strong><strong>i a les xarxes socials del NexeJove.<\/strong><\/p>\n<p style=\"text-align: justify;\">All\u00e0 podr\u00e0s adjuntar el teu treball, que <strong>no pot superar els 100 Mb de pes i el nom<\/strong><br \/>\n<strong>del qual ha de tenir el seg\u00fcent format: Cognom_Nom _categoria (per exemple:<\/strong><br \/>\n<strong>Carulla_Jordi_Dibuix.jpg).<\/strong><\/p>\n<p style=\"text-align: justify;\"><strong>Pots presentar fins a 5 obres<\/strong>, per\u00f2 tan sols es donar\u00e0 un val per participant.<\/p>\n<p style=\"text-align: justify;\">Un cop enviat el formulari, rebr\u00e0s un correu electr\u00f2nic amb el teu n\u00famero de participant. <strong>A partir del dia 1 de juny, donant aquest n\u00famero a la Llibreria Ferrer <\/strong><strong>podr\u00e0s gaudir del val de 20\u20ac en llibres!<\/strong><\/p>\n<p style=\"text-align: justify;\"><strong>Espai NexeJove, Ajuntament de Sant Fruit\u00f3s de Bages<\/strong><\/p>\n","protected":false},"excerpt":{"rendered":"<p>Benvolguts\/des: Aquest Sant Jordi confinat ens dona oportunitats culturals! Dins de les iniciatives que proposa l\u2019Ajuntament de Sant Fruit\u00f3s de Bages per aquest Sant Jordi 2020, el NexeJove us animem a participar en el concurs CreArTec Sant Jordi 2020. Qu\u00e8 \u00e9s el concurs CreArTec? CreArTec \u00e9s un Programa de Creativitat, Art i Tecnologia de l\u2019\u00c0rea [&hellip;]<\/p>\n","protected":false},"author":1,"featured_media":3555,"comment_status":"closed","ping_status":"closed","sticky":false,"template":"","format":"standard","meta":{"_bbp_topic_count":0,"_bbp_reply_count":0,"_bbp_total_topic_count":0,"_bbp_total_reply_count":0,"_bbp_voice_count":0,"_bbp_anonymous_reply_count":0,"_bbp_topic_count_hidden":0,"_bbp_reply_count_hidden":0,"_bbp_forum_subforum_count":0,"site-sidebar-layout":"default","site-content-layout":"","ast-site-content-layout":"","site-content-style":"default","site-sidebar-style":"default","ast-global-header-display":"","ast-banner-title-visibility":"","ast-main-header-display":"","ast-hfb-above-header-display":"","ast-hfb-below-header-display":"","ast-hfb-mobile-header-display":"","site-post-title":"","ast-breadcrumbs-content":"","ast-featured-img":"","footer-sml-layout":"","theme-transparent-header-meta":"","adv-header-id-meta":"","stick-header-meta":"","header-above-stick-meta":"","header-main-stick-meta":"","header-below-stick-meta":"","astra-migrate-meta-layouts":"default","ast-page-background-enabled":"default","ast-page-background-meta":{"desktop":{"background-color":"var(--ast-global-color-4)","background-image":"","background-repeat":"repeat","background-position":"center center","background-size":"auto","background-attachment":"scroll","background-type":"","background-media":"","overlay-type":"","overlay-color":"","overlay-opacity":"","overlay-gradient":""},"tablet":{"background-color":"","background-image":"","background-repeat":"repeat","background-position":"center center","background-size":"auto","background-attachment":"scroll","background-type":"","background-media":"","overlay-type":"","overlay-color":"","overlay-opacity":"","overlay-gradient":""},"mobile":{"background-color":"","background-image":"","background-repeat":"repeat","background-position":"center center","background-size":"auto","background-attachment":"scroll","background-type":"","background-media":"","overlay-type":"","overlay-color":"","overlay-opacity":"","overlay-gradient":""}},"ast-content-background-meta":{"desktop":{"background-color":"var(--ast-global-color-5)","background-image":"","background-repeat":"repeat","background-position":"center center","background-size":"auto","background-attachment":"scroll","background-type":"","background-media":"","overlay-type":"","overlay-color":"","overlay-opacity":"","overlay-gradient":""},"tablet":{"background-color":"var(--ast-global-color-5)","background-image":"","background-repeat":"repeat","background-position":"center center","background-size":"auto","background-attachment":"scroll","background-type":"","background-media":"","overlay-type":"","overlay-color":"","overlay-opacity":"","overlay-gradient":""},"mobile":{"background-color":"var(--ast-global-color-5)","background-image":"","background-repeat":"repeat","background-position":"center center","background-size":"auto","background-attachment":"scroll","background-type":"","background-media":"","overlay-type":"","overlay-color":"","overlay-opacity":"","overlay-gradient":""}},"footnotes":""},"categories":[31,99,8,1,29],"tags":[],"class_list":["post-3554","post","type-post","status-publish","format-standard","has-post-thumbnail","hentry","category-afa","category-batxibac","category-batxillerat","category-general","category-portada"],"post_mailing_queue_ids":[],"_links":{"self":[{"href":"https:\/\/agora.xtec.cat\/iesgerbert\/wp-json\/wp\/v2\/posts\/3554","targetHints":{"allow":["GET"]}}],"collection":[{"href":"https:\/\/agora.xtec.cat\/iesgerbert\/wp-json\/wp\/v2\/posts"}],"about":[{"href":"https:\/\/agora.xtec.cat\/iesgerbert\/wp-json\/wp\/v2\/types\/post"}],"author":[{"embeddable":true,"href":"https:\/\/agora.xtec.cat\/iesgerbert\/wp-json\/wp\/v2\/users\/1"}],"replies":[{"embeddable":true,"href":"https:\/\/agora.xtec.cat\/iesgerbert\/wp-json\/wp\/v2\/comments?post=3554"}],"version-history":[{"count":3,"href":"https:\/\/agora.xtec.cat\/iesgerbert\/wp-json\/wp\/v2\/posts\/3554\/revisions"}],"predecessor-version":[{"id":3567,"href":"https:\/\/agora.xtec.cat\/iesgerbert\/wp-json\/wp\/v2\/posts\/3554\/revisions\/3567"}],"wp:featuredmedia":[{"embeddable":true,"href":"https:\/\/agora.xtec.cat\/iesgerbert\/wp-json\/wp\/v2\/media\/3555"}],"wp:attachment":[{"href":"https:\/\/agora.xtec.cat\/iesgerbert\/wp-json\/wp\/v2\/media?parent=3554"}],"wp:term":[{"taxonomy":"category","embeddable":true,"href":"https:\/\/agora.xtec.cat\/iesgerbert\/wp-json\/wp\/v2\/categories?post=3554"},{"taxonomy":"post_tag","embeddable":true,"href":"https:\/\/agora.xtec.cat\/iesgerbert\/wp-json\/wp\/v2\/tags?post=3554"}],"curies":[{"name":"wp","href":"https:\/\/api.w.org\/{rel}","templated":true}]}}