{"id":3426,"date":"2020-03-18T12:27:49","date_gmt":"2020-03-18T11:27:49","guid":{"rendered":"http:\/\/agora.xtec.cat\/iesgerbert\/?p=3426"},"modified":"2020-03-18T13:03:26","modified_gmt":"2020-03-18T12:03:26","slug":"darreres-informacions-del-departament-deducacio","status":"publish","type":"post","link":"https:\/\/agora.xtec.cat\/iesgerbert\/general\/darreres-informacions-del-departament-deducacio\/","title":{"rendered":"DARRERES INFORMACIONS DEL DEPARTAMENT D&#8217;EDUCACI\u00d3"},"content":{"rendered":"<p style=\"text-align: justify;\"><b>INFORMACIONS DERIVADES DE LA REUNI\u00d3 VIRTUAL AMB LES DIRECCIONS TERRITORIALS D\u2019EDUCACI\u00d3 DEL DIA 17 DE MAR\u00c7\u00a0<\/b><\/p>\n<p style=\"text-align: justify;\"><span style=\"font-weight: 400;\">Despr\u00e9s d\u2019abordar els temes que en aquests moments s\u00f3n d\u2019inter\u00e8s pels centres educatius i per al funcionament del sistema, podem informar del seg\u00fcent:\u00a0<\/span><\/p>\n<p style=\"text-align: justify;\"><span style=\"font-weight: 400;\">&#8211; Molts centres, a trav\u00e9s de diversos canals, estan mantenint la comunicaci\u00f3 amb les fam\u00edlies i l\u2019alumnat per tal d\u2019afavorir el manteniment de l\u2019activitat educativa durant el confinament. El Departament d&#8217;Educaci\u00f3 valora molt positivament aquestes iniciatives, sempre que no es proposin activitats avaluables on-line que puguin suposar un greuge comparatiu donades les diferents condicions d\u2019acc\u00e9s a la tecnologia per part de les fam\u00edlies. \u00c9s per aix\u00f2 que les activitats que els centres proposin per treballar a casa aquests dies han d\u2019estar pensades per mantenir la curiositat per aprendre i treballar de forma aut\u00f2noma, i en fam\u00edlia, temes que puguin ser interessants des del punt de vista educatiu. Insistim que convidar als alumnes a aprofitar determinats recursos educatius i culturals que hi ha a la xarxa o la televisi\u00f3, tamb\u00e9 aportar-ne de propis, \u00e9s molt positiu sempre que aquestes activitats no suposin una tasca subjecta a avaluaci\u00f3. En aquest sentit, s\u2019han publicat unes orientacions al portal xtec. Anirem aprofundint en aquesta q\u00fcesti\u00f3 i donant tota la informaci\u00f3 necess\u00e0ria.\u00a0<\/span><\/p>\n<p style=\"text-align: justify;\"><span style=\"font-weight: 400;\">&#8211; Pel que fa als docents, tamb\u00e9 s\u2019han publicat uns recursos per al professorat.\u00a0<\/span><\/p>\n<p style=\"text-align: justify;\"><span style=\"font-weight: 400;\">&#8211; Es confirma que queden suspesos tots els terminis administratius, sense excepci\u00f3. Aix\u00f2 afecta a diversos procediments com, per exemple, la inscripci\u00f3 per a la prova d\u2019acc\u00e9s als cicles formatius. Es treballa en diversos escenaris i possibilitats en relaci\u00f3 a aquests procediments. Tan bon punt es pugui comunicar algun canvi, es far\u00e0. S\u2019ajorna la preinscripci\u00f3 escolar del segon cicle d\u2019infantil, prim\u00e0ria i secund\u00e0ria fins que es pugui garantir la seva realitzaci\u00f3 en condicions de normalitat.\u00a0<\/span><\/p>\n<p style=\"text-align: justify;\"><span style=\"font-weight: 400;\">&#8211; Tamb\u00e9 queden suspeses les obres de reforma, ampliaci\u00f3 i construcci\u00f3 de centres, tot tipus d\u2019obres. Quan es puguin obrir els centres educatius, s\u2019aniran ajustant els calendaris per a la realitzaci\u00f3 de les obres.\u00a0<\/span><\/p>\n<p style=\"text-align: justify;\"><span style=\"font-weight: 400;\">&#8211; Les proves de selectivitat queden ajornades fins al mes de juliol.\u00a0<\/span><\/p>\n<p style=\"text-align: justify;\"><span style=\"font-weight: 400;\">&#8211; S\u2019est\u00e0 treballant per a minimitzar l\u2019impacte sobre les empreses que gestionen menjadors, neteja, transport, monitoratge, int\u00e8rprets de llenguatge de signes, UEC, etc. a trav\u00e9s de mesures en relaci\u00f3 a la contractaci\u00f3. En aquest sentit, el Govern ha aprovat un Decret llei on s\u2019estableix la suspensi\u00f3 de l\u2019execuci\u00f3 d\u2019aquests contractes per\u00f2 es mant\u00e9 el pagament.\u00a0<\/span><\/p>\n<p style=\"text-align: justify;\"><span style=\"font-weight: 400;\">&#8211; Les targetes moneder es comen\u00e7aran a distribuir a partir dels propers 2 o 3 dies, a trav\u00e9s dels Ajuntaments i dels Consells Comarcals. Es carregar\u00e0 a cada fam\u00edlia l&#8217;import de la prestaci\u00f3 di\u00e0ria pel total de dies que duri el tancament. Els dos departaments estan acabant d\u2019ultimar l\u2019operatiu que pugui fer possible el lliurament a les fam\u00edlies i properament es concretaran les instruccions definitives. El punt de recollida ser\u00e0 a trav\u00e9s dels Ajuntaments; pot ser que demanem a les direccions que validin la relaci\u00f3 d\u2019alumnes beneficiaris de beca menjador de cada centre.\u00a0<\/span><\/p>\n<p style=\"text-align: justify;\"><span style=\"font-weight: 400;\">&#8211; Han arribat q\u00fcestions sobre animals que hi ha en alguns centres educatius. S\u2019ent\u00e9n que els que no es poden tenir a les cases dels docents o les fam\u00edlies, s\u2019hauran d\u2019alimentar. En aquests casos, una persona designada pel centre, complint les mesures de seguretat establertes, podr\u00e0 anar a alimentar aquests animals.\u00a0<\/span><\/p>\n<p style=\"text-align: justify;\"><span style=\"font-weight: 400;\">&#8211; Hi ha altres temes que queden pendents perqu\u00e8 s\u2019estan treballant; segona avaluaci\u00f3, proves de compet\u00e8ncies b\u00e0siques de 6\u00e8, es donar\u00e0 resposta a mesura que es puguin prendre decisions.\u00a0<\/span><\/p>\n<p style=\"text-align: justify;\"><span style=\"font-weight: 400;\">Dolors Collell Surinyach\u00a0<\/span><\/p>\n<p style=\"text-align: justify;\"><span style=\"font-weight: 400;\">Directora dels SSTT d\u2019Educaci\u00f3 a la Catalunya central\u00a0<\/span><\/p>\n","protected":false},"excerpt":{"rendered":"<p>Informacions derivades de la reuni\u00f3 virtual amb les direccions territorials d&#8217;Educaci\u00f3 del dia 17 de mar\u00e7. Despr\u00e9s d\u2019abordar els temes que en aquests moments s\u00f3n d\u2019inter\u00e8s pels centres educatius i per al funcionament del sistema, podem informar del seg\u00fcent<\/p>\n","protected":false},"author":6,"featured_media":3414,"comment_status":"open","ping_status":"closed","sticky":false,"template":"","format":"standard","meta":{"_bbp_topic_count":0,"_bbp_reply_count":0,"_bbp_total_topic_count":0,"_bbp_total_reply_count":0,"_bbp_voice_count":0,"_bbp_anonymous_reply_count":0,"_bbp_topic_count_hidden":0,"_bbp_reply_count_hidden":0,"_bbp_forum_subforum_count":0,"site-sidebar-layout":"default","site-content-layout":"","ast-site-content-layout":"","site-content-style":"default","site-sidebar-style":"default","ast-global-header-display":"","ast-banner-title-visibility":"","ast-main-header-display":"","ast-hfb-above-header-display":"","ast-hfb-below-header-display":"","ast-hfb-mobile-header-display":"","site-post-title":"","ast-breadcrumbs-content":"","ast-featured-img":"","footer-sml-layout":"","theme-transparent-header-meta":"","adv-header-id-meta":"","stick-header-meta":"","header-above-stick-meta":"","header-main-stick-meta":"","header-below-stick-meta":"","astra-migrate-meta-layouts":"default","ast-page-background-enabled":"default","ast-page-background-meta":{"desktop":{"background-color":"var(--ast-global-color-4)","background-image":"","background-repeat":"repeat","background-position":"center center","background-size":"auto","background-attachment":"scroll","background-type":"","background-media":"","overlay-type":"","overlay-color":"","overlay-opacity":"","overlay-gradient":""},"tablet":{"background-color":"","background-image":"","background-repeat":"repeat","background-position":"center center","background-size":"auto","background-attachment":"scroll","background-type":"","background-media":"","overlay-type":"","overlay-color":"","overlay-opacity":"","overlay-gradient":""},"mobile":{"background-color":"","background-image":"","background-repeat":"repeat","background-position":"center center","background-size":"auto","background-attachment":"scroll","background-type":"","background-media":"","overlay-type":"","overlay-color":"","overlay-opacity":"","overlay-gradient":""}},"ast-content-background-meta":{"desktop":{"background-color":"var(--ast-global-color-5)","background-image":"","background-repeat":"repeat","background-position":"center center","background-size":"auto","background-attachment":"scroll","background-type":"","background-media":"","overlay-type":"","overlay-color":"","overlay-opacity":"","overlay-gradient":""},"tablet":{"background-color":"var(--ast-global-color-5)","background-image":"","background-repeat":"repeat","background-position":"center center","background-size":"auto","background-attachment":"scroll","background-type":"","background-media":"","overlay-type":"","overlay-color":"","overlay-opacity":"","overlay-gradient":""},"mobile":{"background-color":"var(--ast-global-color-5)","background-image":"","background-repeat":"repeat","background-position":"center center","background-size":"auto","background-attachment":"scroll","background-type":"","background-media":"","overlay-type":"","overlay-color":"","overlay-opacity":"","overlay-gradient":""}},"footnotes":""},"categories":[31,8,3,1,30,29],"tags":[],"class_list":["post-3426","post","type-post","status-publish","format-standard","has-post-thumbnail","hentry","category-afa","category-batxillerat","category-eso","category-general","category-programa-formacio-insercio","category-portada"],"post_mailing_queue_ids":[],"_links":{"self":[{"href":"https:\/\/agora.xtec.cat\/iesgerbert\/wp-json\/wp\/v2\/posts\/3426","targetHints":{"allow":["GET"]}}],"collection":[{"href":"https:\/\/agora.xtec.cat\/iesgerbert\/wp-json\/wp\/v2\/posts"}],"about":[{"href":"https:\/\/agora.xtec.cat\/iesgerbert\/wp-json\/wp\/v2\/types\/post"}],"author":[{"embeddable":true,"href":"https:\/\/agora.xtec.cat\/iesgerbert\/wp-json\/wp\/v2\/users\/6"}],"replies":[{"embeddable":true,"href":"https:\/\/agora.xtec.cat\/iesgerbert\/wp-json\/wp\/v2\/comments?post=3426"}],"version-history":[{"count":3,"href":"https:\/\/agora.xtec.cat\/iesgerbert\/wp-json\/wp\/v2\/posts\/3426\/revisions"}],"predecessor-version":[{"id":3432,"href":"https:\/\/agora.xtec.cat\/iesgerbert\/wp-json\/wp\/v2\/posts\/3426\/revisions\/3432"}],"wp:featuredmedia":[{"embeddable":true,"href":"https:\/\/agora.xtec.cat\/iesgerbert\/wp-json\/wp\/v2\/media\/3414"}],"wp:attachment":[{"href":"https:\/\/agora.xtec.cat\/iesgerbert\/wp-json\/wp\/v2\/media?parent=3426"}],"wp:term":[{"taxonomy":"category","embeddable":true,"href":"https:\/\/agora.xtec.cat\/iesgerbert\/wp-json\/wp\/v2\/categories?post=3426"},{"taxonomy":"post_tag","embeddable":true,"href":"https:\/\/agora.xtec.cat\/iesgerbert\/wp-json\/wp\/v2\/tags?post=3426"}],"curies":[{"name":"wp","href":"https:\/\/api.w.org\/{rel}","templated":true}]}}