{"id":2859,"date":"2020-02-08T13:12:39","date_gmt":"2020-02-08T12:12:39","guid":{"rendered":"http:\/\/agora.xtec.cat\/iesgerbert\/?p=2859"},"modified":"2020-02-09T21:19:59","modified_gmt":"2020-02-09T20:19:59","slug":"controles-exposicions-i-tallers","status":"publish","type":"post","link":"https:\/\/agora.xtec.cat\/iesgerbert\/general\/controles-exposicions-i-tallers\/","title":{"rendered":"CONTROLES? EXPOSICIONS I TALLERS"},"content":{"rendered":"<p style=\"text-align: justify;\">El programa <em>Controles?<\/em> forma part del conjunt de recursos de prevenci\u00f3 que ofereix l\u2019\u00c0rea de Cohesi\u00f3 Social, Ciutadania i Benestar de la Diputaci\u00f3 de Barcelona als ajuntaments de la prov\u00edncia.<\/p>\n<p style=\"text-align: justify;\">Mitjan\u00e7ant la interacci\u00f3 i les noves tecnologies, els adolescents podran visitar l\u2019exposici\u00f3, a la Biblioteca de Sant Fruit\u00f3s, que els proposa una reflexi\u00f3 cr\u00edtica i constructiva entorn alguns dels elements relacionats amb les drogues, com prevenir-ne el seu consum i el bon \u00fas de les \u201cpantalles\u201d.<\/p>\n<p style=\"text-align: justify;\">Els t\u00e8cnics en prevenci\u00f3 de drogodepend\u00e8ncies oferiran informaci\u00f3 sobre els components i els efectes de quatre subst\u00e0ncies: l\u2019alcohol, el tabac, les begudes energ\u00e8tiques i el c\u00e0nnabis. Tamb\u00e9 es proposar\u00e0 un debat reflexiu entorn els elements que influencien l\u2019actitud (amics i amigues, xarxes socials, publicitat), i es fomentar\u00e0 la capacitat d\u2019introspecci\u00f3 per tal de millorar l\u2019autoconeixement i practicar el proc\u00e9s de la presa de decisions.<\/p>\n<p style=\"text-align: justify;\">De forma complement\u00e0ria a l\u2019exposici\u00f3, el programa Controles? proposa diverses activitats de suport a la visita, per a realitzar a l\u2019aula, que permeten treballar de forma m\u00e9s completa el programa. Tot l\u2019alumnat del nostre centre anir\u00e0 passant per aquesta exposici\u00f3 i realitzar\u00e0 els tallers complementaris a l\u2019aula.<\/p>\n<p style=\"text-align: justify;\">El passat dijous 6 de febrer l\u2019alumnat de segon de Batxillerat A i B va visitar l&#8217;exposici\u00f3,\u00a0 va poder exposar els seus dubtes i contrastar els seus coneixements sobre les drogues i les conseq\u00fc\u00e8ncies del seu consum. Gr\u00e0cies a la Queralt i al Fran van poder assistir a una xerrada molt participativa i amena que va finalitzar amb dues improvisacions teatrals dels alumnes, una sobre alcohol i l&#8217;altra sobre drogues.<\/p>\n<p style=\"text-align: justify;\">\r\n\t<div class=\"slideshow_container slideshow_container_style-light\" style=\"height: 300px; \" data-slideshow-id=\"2852\" data-style-name=\"style-light\" data-style-version=\"2.3.1\" >\r\n\r\n\t\t\t\t\t<div class=\"slideshow_loading_icon\"><\/div>\r\n\t\t\r\n\t\t<div class=\"slideshow_content\" style=\"display: none;\">\r\n\r\n\t\t\t<div class=\"slideshow_view\">\r\n\t\t\t\t<div class=\"slideshow_slide slideshow_slide_image\">\r\n\t\t\t\t\t\t\t\t\t\t\t<img src=\"https:\/\/agora.xtec.cat\/iesgerbert\/wp-content\/uploads\/usu668\/2020\/02\/Controles-2.jpg\" alt=\"Controles 2\" width=\"1600\" height=\"1200\" \/>\r\n\t\t\t\t\t\t\t\t\t\t<div class=\"slideshow_description_box slideshow_transparent\">\r\n\t\t\t\t\t\t<div class=\"slideshow_title\">Controles 2<\/div>\t\t\t\t\t\t\t\t\t\t\t<\/div>\r\n\t\t\t\t<\/div>\r\n\r\n\t\t\t\t\t\t<div style=\"clear: both;\"><\/div><\/div><div class=\"slideshow_view\">\r\n\t\t\t\t<div class=\"slideshow_slide slideshow_slide_image\">\r\n\t\t\t\t\t\t\t\t\t\t\t<img src=\"https:\/\/agora.xtec.cat\/iesgerbert\/wp-content\/uploads\/usu668\/2020\/02\/Controles-3.jpg\" alt=\"Controles 3\" width=\"1600\" height=\"1200\" \/>\r\n\t\t\t\t\t\t\t\t\t\t<div class=\"slideshow_description_box slideshow_transparent\">\r\n\t\t\t\t\t\t<div class=\"slideshow_title\">Controles 3<\/div>\t\t\t\t\t\t\t\t\t\t\t<\/div>\r\n\t\t\t\t<\/div>\r\n\r\n\t\t\t\t\t\t<div style=\"clear: both;\"><\/div><\/div><div class=\"slideshow_view\">\r\n\t\t\t\t<div class=\"slideshow_slide slideshow_slide_image\">\r\n\t\t\t\t\t\t\t\t\t\t\t<img src=\"https:\/\/agora.xtec.cat\/iesgerbert\/wp-content\/uploads\/usu668\/2020\/02\/Controles-4.jpg\" alt=\"Controles 4\" width=\"1600\" height=\"1200\" \/>\r\n\t\t\t\t\t\t\t\t\t\t<div class=\"slideshow_description_box slideshow_transparent\">\r\n\t\t\t\t\t\t<div class=\"slideshow_title\">Controles 4<\/div>\t\t\t\t\t\t\t\t\t\t\t<\/div>\r\n\t\t\t\t<\/div>\r\n\r\n\t\t\t\t\t\t<div style=\"clear: both;\"><\/div><\/div><div class=\"slideshow_view\">\r\n\t\t\t\t<div class=\"slideshow_slide slideshow_slide_image\">\r\n\t\t\t\t\t\t\t\t\t\t\t<img src=\"https:\/\/agora.xtec.cat\/iesgerbert\/wp-content\/uploads\/usu668\/2020\/02\/Controles-1.jpg\" alt=\"Controles 1\" width=\"1600\" height=\"1200\" \/>\r\n\t\t\t\t\t\t\t\t\t\t<div class=\"slideshow_description_box slideshow_transparent\">\r\n\t\t\t\t\t\t<div class=\"slideshow_title\">Controles 1<\/div>\t\t\t\t\t\t\t\t\t\t\t<\/div>\r\n\t\t\t\t<\/div>\r\n\r\n\t\t\t\t\t\t<div style=\"clear: both;\"><\/div><\/div>\r\n\t\t<\/div>\r\n\r\n\t\t<div class=\"slideshow_controlPanel slideshow_transparent\" style=\"display: none;\"><ul><li class=\"slideshow_togglePlay\" data-play-text=\"Visualitza\" data-pause-text=\"Pausa\"><\/li><\/ul><\/div>\r\n\r\n\t\t<div class=\"slideshow_button slideshow_previous slideshow_transparent\" role=\"button\" data-previous-text=\"Anterior\" style=\"display: none;\"><\/div>\r\n\t\t<div class=\"slideshow_button slideshow_next slideshow_transparent\" role=\"button\" data-next-text=\"Seg\u00fcent\" style=\"display: none;\"><\/div>\r\n\r\n\t\t<div class=\"slideshow_pagination\" style=\"display: none;\" data-go-to-text=\"V\u00e9s a la diapositiva\"><div class=\"slideshow_pagination_center\"><\/div><\/div>\r\n\r\n\t\t<!-- WordPress Slideshow Version 2.3.1 -->\r\n\r\n\t\t\t<\/div>\r\n\r\n<\/p>\n","protected":false},"excerpt":{"rendered":"<p>El programa Controles? forma part del conjunt de recursos de prevenci\u00f3 que ofereix l\u2019\u00c0rea de Cohesi\u00f3 Social, Ciutadania i Benestar de la Diputaci\u00f3 de Barcelona als ajuntaments de la prov\u00edncia. Mitjan\u00e7ant la interacci\u00f3 i les noves tecnologies, els adolescents podran visitar l\u2019exposici\u00f3, a la Biblioteca de Sant Fruit\u00f3s, que els proposa una reflexi\u00f3 cr\u00edtica i [&hellip;]<\/p>\n","protected":false},"author":1,"featured_media":2842,"comment_status":"closed","ping_status":"closed","sticky":false,"template":"","format":"standard","meta":{"_bbp_topic_count":0,"_bbp_reply_count":0,"_bbp_total_topic_count":0,"_bbp_total_reply_count":0,"_bbp_voice_count":0,"_bbp_anonymous_reply_count":0,"_bbp_topic_count_hidden":0,"_bbp_reply_count_hidden":0,"_bbp_forum_subforum_count":0,"site-sidebar-layout":"default","site-content-layout":"","ast-site-content-layout":"","site-content-style":"default","site-sidebar-style":"default","ast-global-header-display":"","ast-banner-title-visibility":"","ast-main-header-display":"","ast-hfb-above-header-display":"","ast-hfb-below-header-display":"","ast-hfb-mobile-header-display":"","site-post-title":"","ast-breadcrumbs-content":"","ast-featured-img":"","footer-sml-layout":"","theme-transparent-header-meta":"","adv-header-id-meta":"","stick-header-meta":"","header-above-stick-meta":"","header-main-stick-meta":"","header-below-stick-meta":"","astra-migrate-meta-layouts":"default","ast-page-background-enabled":"default","ast-page-background-meta":{"desktop":{"background-color":"var(--ast-global-color-4)","background-image":"","background-repeat":"repeat","background-position":"center center","background-size":"auto","background-attachment":"scroll","background-type":"","background-media":"","overlay-type":"","overlay-color":"","overlay-opacity":"","overlay-gradient":""},"tablet":{"background-color":"","background-image":"","background-repeat":"repeat","background-position":"center center","background-size":"auto","background-attachment":"scroll","background-type":"","background-media":"","overlay-type":"","overlay-color":"","overlay-opacity":"","overlay-gradient":""},"mobile":{"background-color":"","background-image":"","background-repeat":"repeat","background-position":"center center","background-size":"auto","background-attachment":"scroll","background-type":"","background-media":"","overlay-type":"","overlay-color":"","overlay-opacity":"","overlay-gradient":""}},"ast-content-background-meta":{"desktop":{"background-color":"var(--ast-global-color-5)","background-image":"","background-repeat":"repeat","background-position":"center center","background-size":"auto","background-attachment":"scroll","background-type":"","background-media":"","overlay-type":"","overlay-color":"","overlay-opacity":"","overlay-gradient":""},"tablet":{"background-color":"var(--ast-global-color-5)","background-image":"","background-repeat":"repeat","background-position":"center center","background-size":"auto","background-attachment":"scroll","background-type":"","background-media":"","overlay-type":"","overlay-color":"","overlay-opacity":"","overlay-gradient":""},"mobile":{"background-color":"var(--ast-global-color-5)","background-image":"","background-repeat":"repeat","background-position":"center center","background-size":"auto","background-attachment":"scroll","background-type":"","background-media":"","overlay-type":"","overlay-color":"","overlay-opacity":"","overlay-gradient":""}},"footnotes":""},"categories":[31,8,3,1,30,29],"tags":[],"class_list":["post-2859","post","type-post","status-publish","format-standard","has-post-thumbnail","hentry","category-afa","category-batxillerat","category-eso","category-general","category-programa-formacio-insercio","category-portada"],"post_mailing_queue_ids":[],"_links":{"self":[{"href":"https:\/\/agora.xtec.cat\/iesgerbert\/wp-json\/wp\/v2\/posts\/2859","targetHints":{"allow":["GET"]}}],"collection":[{"href":"https:\/\/agora.xtec.cat\/iesgerbert\/wp-json\/wp\/v2\/posts"}],"about":[{"href":"https:\/\/agora.xtec.cat\/iesgerbert\/wp-json\/wp\/v2\/types\/post"}],"author":[{"embeddable":true,"href":"https:\/\/agora.xtec.cat\/iesgerbert\/wp-json\/wp\/v2\/users\/1"}],"replies":[{"embeddable":true,"href":"https:\/\/agora.xtec.cat\/iesgerbert\/wp-json\/wp\/v2\/comments?post=2859"}],"version-history":[{"count":4,"href":"https:\/\/agora.xtec.cat\/iesgerbert\/wp-json\/wp\/v2\/posts\/2859\/revisions"}],"predecessor-version":[{"id":3085,"href":"https:\/\/agora.xtec.cat\/iesgerbert\/wp-json\/wp\/v2\/posts\/2859\/revisions\/3085"}],"wp:featuredmedia":[{"embeddable":true,"href":"https:\/\/agora.xtec.cat\/iesgerbert\/wp-json\/wp\/v2\/media\/2842"}],"wp:attachment":[{"href":"https:\/\/agora.xtec.cat\/iesgerbert\/wp-json\/wp\/v2\/media?parent=2859"}],"wp:term":[{"taxonomy":"category","embeddable":true,"href":"https:\/\/agora.xtec.cat\/iesgerbert\/wp-json\/wp\/v2\/categories?post=2859"},{"taxonomy":"post_tag","embeddable":true,"href":"https:\/\/agora.xtec.cat\/iesgerbert\/wp-json\/wp\/v2\/tags?post=2859"}],"curies":[{"name":"wp","href":"https:\/\/api.w.org\/{rel}","templated":true}]}}