{"id":2657,"date":"2020-01-29T13:24:06","date_gmt":"2020-01-29T12:24:06","guid":{"rendered":"http:\/\/agora.xtec.cat\/iesgerbert\/?p=2657"},"modified":"2020-02-05T10:47:25","modified_gmt":"2020-02-05T09:47:25","slug":"dia-internacional-en-memoria-de-les-victimes-de-lholocaust","status":"publish","type":"post","link":"https:\/\/agora.xtec.cat\/iesgerbert\/general\/dia-internacional-en-memoria-de-les-victimes-de-lholocaust\/","title":{"rendered":"DIA INTERNACIONAL EN MEM\u00d2RIA DE LES V\u00cdCTIMES DE L&#8217;HOLOCAUST"},"content":{"rendered":"<p style=\"text-align: justify;\"><span style=\"font-weight: 400;\">El dilluns 27 de gener, els\/les alumnes de 1r de Batxillerat de la mat\u00e8ria d&#8217;Hist\u00f2ria del M\u00f3n, varen participar en els actes d&#8217;homenatge del DIA INTERNACIONAL EN MEM\u00d2RIA DE LES V\u00cdCTIMES DE L&#8217;HOLOCAUST. Es van inaugurar dues exposicions; una al Museu Comarcal i l&#8217;altra a l&#8217;edifici d&#8217;Arts i Oficis de Manresa:<\/span><b> Camps: Camins de Pau i Rostres del Mediterrani.<\/b><span style=\"font-weight: 400;\"> En un dels actes, les nostres alumnes; Eva Camps, Mireia Guerrero, Marta Caparr\u00f3s i J\u00falia Pardillo varen cantar i tocar les Corrandes d&#8217;exili.<\/span><\/p>\n<p style=\"text-align: justify;\"><span style=\"font-weight: 400;\">En la primera exposici\u00f3, s&#8217;hi exposen fotografies dels alumnes que varen viatjar el curs passat al camp de concentraci\u00f3 de Mauthausen.<\/span><\/p>\n<p style=\"text-align: justify;\"><strong>Vict\u00f2ria Soler, cap del departament de Ci\u00e8ncies Socials de l&#8217;institut<\/strong><\/p>\n<p>https:\/\/www.facebook.com\/AjuntamentManresa\/videos\/839726553135837\/<\/p>\n<p>&nbsp;<\/p>\n<p><a href=\"https:\/\/agora.xtec.cat\/iesgerbert\/wp-content\/uploads\/usu668\/2020\/01\/IMG-20200129-WA0001.jpg\"><img loading=\"lazy\" decoding=\"async\" class=\"alignnone wp-image-2667\" src=\"https:\/\/agora.xtec.cat\/iesgerbert\/wp-content\/uploads\/usu668\/2020\/01\/IMG-20200129-WA0001-768x1024.jpg\" alt=\"\" width=\"315\" height=\"421\" srcset=\"https:\/\/agora.xtec.cat\/iesgerbert\/wp-content\/uploads\/usu668\/2020\/01\/IMG-20200129-WA0001.jpg 768w, https:\/\/agora.xtec.cat\/iesgerbert\/wp-content\/uploads\/usu668\/2020\/01\/IMG-20200129-WA0001-225x300.jpg 225w\" sizes=\"auto, (max-width: 315px) 100vw, 315px\" \/>\u00a0<\/a><\/p>\n<p><a href=\"https:\/\/agora.xtec.cat\/iesgerbert\/wp-content\/uploads\/usu668\/2020\/01\/IMG-20200129-WA0002.jpg\"><img loading=\"lazy\" decoding=\"async\" class=\"alignnone wp-image-2666\" src=\"https:\/\/agora.xtec.cat\/iesgerbert\/wp-content\/uploads\/usu668\/2020\/01\/IMG-20200129-WA0002-1024x472.jpg\" alt=\"\" width=\"497\" height=\"229\" srcset=\"https:\/\/agora.xtec.cat\/iesgerbert\/wp-content\/uploads\/usu668\/2020\/01\/IMG-20200129-WA0002-1024x472.jpg 1024w, https:\/\/agora.xtec.cat\/iesgerbert\/wp-content\/uploads\/usu668\/2020\/01\/IMG-20200129-WA0002-300x138.jpg 300w, https:\/\/agora.xtec.cat\/iesgerbert\/wp-content\/uploads\/usu668\/2020\/01\/IMG-20200129-WA0002-768x354.jpg 768w, https:\/\/agora.xtec.cat\/iesgerbert\/wp-content\/uploads\/usu668\/2020\/01\/IMG-20200129-WA0002.jpg 1600w\" sizes=\"auto, (max-width: 497px) 100vw, 497px\" \/><\/a><\/p>\n<p><a href=\"https:\/\/agora.xtec.cat\/iesgerbert\/wp-content\/uploads\/usu668\/2020\/02\/Foto-Regi\u00f37-1.jpg\"><img loading=\"lazy\" decoding=\"async\" class=\"alignnone size-full wp-image-2753\" src=\"https:\/\/agora.xtec.cat\/iesgerbert\/wp-content\/uploads\/usu668\/2020\/02\/Foto-Regi\u00f37-1.jpg\" alt=\"\" width=\"800\" height=\"452\" srcset=\"https:\/\/agora.xtec.cat\/iesgerbert\/wp-content\/uploads\/usu668\/2020\/02\/Foto-Regi\u00f37-1.jpg 800w, https:\/\/agora.xtec.cat\/iesgerbert\/wp-content\/uploads\/usu668\/2020\/02\/Foto-Regi\u00f37-1-300x170.jpg 300w, https:\/\/agora.xtec.cat\/iesgerbert\/wp-content\/uploads\/usu668\/2020\/02\/Foto-Regi\u00f37-1-768x434.jpg 768w\" sizes=\"auto, (max-width: 800px) 100vw, 800px\" \/><\/a><\/p>\n","protected":false},"excerpt":{"rendered":"<p>El dilluns 27 de gener, els\/les alumnes de 1r de Batxillerat de la mat\u00e8ria d&#8217;Hist\u00f2ria del M\u00f3n, varen participar en les actes d&#8217;homenatge del DIA INTERNACIONAL EN MEM\u00d2RIA DE LES V\u00cdCTIMES DE L&#8217;HOLOCAUST. Es van inaugurar dues exposicions; Camps: Camins de Pau i Rostres del Mediterrani. <\/p>\n","protected":false},"author":6,"featured_media":2667,"comment_status":"open","ping_status":"closed","sticky":false,"template":"","format":"standard","meta":{"_bbp_topic_count":0,"_bbp_reply_count":0,"_bbp_total_topic_count":0,"_bbp_total_reply_count":0,"_bbp_voice_count":0,"_bbp_anonymous_reply_count":0,"_bbp_topic_count_hidden":0,"_bbp_reply_count_hidden":0,"_bbp_forum_subforum_count":0,"site-sidebar-layout":"default","site-content-layout":"","ast-site-content-layout":"","site-content-style":"default","site-sidebar-style":"default","ast-global-header-display":"","ast-banner-title-visibility":"","ast-main-header-display":"","ast-hfb-above-header-display":"","ast-hfb-below-header-display":"","ast-hfb-mobile-header-display":"","site-post-title":"","ast-breadcrumbs-content":"","ast-featured-img":"","footer-sml-layout":"","theme-transparent-header-meta":"","adv-header-id-meta":"","stick-header-meta":"","header-above-stick-meta":"","header-main-stick-meta":"","header-below-stick-meta":"","astra-migrate-meta-layouts":"default","ast-page-background-enabled":"default","ast-page-background-meta":{"desktop":{"background-color":"var(--ast-global-color-4)","background-image":"","background-repeat":"repeat","background-position":"center center","background-size":"auto","background-attachment":"scroll","background-type":"","background-media":"","overlay-type":"","overlay-color":"","overlay-opacity":"","overlay-gradient":""},"tablet":{"background-color":"","background-image":"","background-repeat":"repeat","background-position":"center center","background-size":"auto","background-attachment":"scroll","background-type":"","background-media":"","overlay-type":"","overlay-color":"","overlay-opacity":"","overlay-gradient":""},"mobile":{"background-color":"","background-image":"","background-repeat":"repeat","background-position":"center center","background-size":"auto","background-attachment":"scroll","background-type":"","background-media":"","overlay-type":"","overlay-color":"","overlay-opacity":"","overlay-gradient":""}},"ast-content-background-meta":{"desktop":{"background-color":"var(--ast-global-color-5)","background-image":"","background-repeat":"repeat","background-position":"center center","background-size":"auto","background-attachment":"scroll","background-type":"","background-media":"","overlay-type":"","overlay-color":"","overlay-opacity":"","overlay-gradient":""},"tablet":{"background-color":"var(--ast-global-color-5)","background-image":"","background-repeat":"repeat","background-position":"center center","background-size":"auto","background-attachment":"scroll","background-type":"","background-media":"","overlay-type":"","overlay-color":"","overlay-opacity":"","overlay-gradient":""},"mobile":{"background-color":"var(--ast-global-color-5)","background-image":"","background-repeat":"repeat","background-position":"center center","background-size":"auto","background-attachment":"scroll","background-type":"","background-media":"","overlay-type":"","overlay-color":"","overlay-opacity":"","overlay-gradient":""}},"footnotes":""},"categories":[31,8,1,29],"tags":[],"class_list":["post-2657","post","type-post","status-publish","format-standard","has-post-thumbnail","hentry","category-afa","category-batxillerat","category-general","category-portada"],"post_mailing_queue_ids":[],"_links":{"self":[{"href":"https:\/\/agora.xtec.cat\/iesgerbert\/wp-json\/wp\/v2\/posts\/2657","targetHints":{"allow":["GET"]}}],"collection":[{"href":"https:\/\/agora.xtec.cat\/iesgerbert\/wp-json\/wp\/v2\/posts"}],"about":[{"href":"https:\/\/agora.xtec.cat\/iesgerbert\/wp-json\/wp\/v2\/types\/post"}],"author":[{"embeddable":true,"href":"https:\/\/agora.xtec.cat\/iesgerbert\/wp-json\/wp\/v2\/users\/6"}],"replies":[{"embeddable":true,"href":"https:\/\/agora.xtec.cat\/iesgerbert\/wp-json\/wp\/v2\/comments?post=2657"}],"version-history":[{"count":3,"href":"https:\/\/agora.xtec.cat\/iesgerbert\/wp-json\/wp\/v2\/posts\/2657\/revisions"}],"predecessor-version":[{"id":2675,"href":"https:\/\/agora.xtec.cat\/iesgerbert\/wp-json\/wp\/v2\/posts\/2657\/revisions\/2675"}],"wp:featuredmedia":[{"embeddable":true,"href":"https:\/\/agora.xtec.cat\/iesgerbert\/wp-json\/wp\/v2\/media\/2667"}],"wp:attachment":[{"href":"https:\/\/agora.xtec.cat\/iesgerbert\/wp-json\/wp\/v2\/media?parent=2657"}],"wp:term":[{"taxonomy":"category","embeddable":true,"href":"https:\/\/agora.xtec.cat\/iesgerbert\/wp-json\/wp\/v2\/categories?post=2657"},{"taxonomy":"post_tag","embeddable":true,"href":"https:\/\/agora.xtec.cat\/iesgerbert\/wp-json\/wp\/v2\/tags?post=2657"}],"curies":[{"name":"wp","href":"https:\/\/api.w.org\/{rel}","templated":true}]}}