{"id":2357,"date":"2019-12-17T11:46:55","date_gmt":"2019-12-17T10:46:55","guid":{"rendered":"http:\/\/agora.xtec.cat\/iesgerbert\/?p=2357"},"modified":"2019-12-17T11:46:55","modified_gmt":"2019-12-17T10:46:55","slug":"les-accions-del-gerbert-per-a-leliminacio-de-la-violencia-envers-les-dones","status":"publish","type":"post","link":"https:\/\/agora.xtec.cat\/iesgerbert\/general\/les-accions-del-gerbert-per-a-leliminacio-de-la-violencia-envers-les-dones\/","title":{"rendered":"LES ACCIONS DEL GERBERT PER A L&#8217;ELIMINACI\u00d3 DE LA VIOL\u00c8NCIA ENVERS LES DONES"},"content":{"rendered":"<p><a href=\"https:\/\/agora.xtec.cat\/iesgerbert\/wp-content\/uploads\/usu668\/2019\/12\/02-mural-viol\u00e8ncia-1.jpg\"><img loading=\"lazy\" decoding=\"async\" class=\"size-full wp-image-2360\" src=\"https:\/\/agora.xtec.cat\/iesgerbert\/wp-content\/uploads\/usu668\/2019\/12\/02-mural-viol\u00e8ncia-1.jpg\" alt=\"\" width=\"576\" height=\"432\" srcset=\"https:\/\/agora.xtec.cat\/iesgerbert\/wp-content\/uploads\/usu668\/2019\/12\/02-mural-viol\u00e8ncia-1.jpg 576w, https:\/\/agora.xtec.cat\/iesgerbert\/wp-content\/uploads\/usu668\/2019\/12\/02-mural-viol\u00e8ncia-1-300x225.jpg 300w, https:\/\/agora.xtec.cat\/iesgerbert\/wp-content\/uploads\/usu668\/2019\/12\/02-mural-viol\u00e8ncia-1-200x150.jpg 200w\" sizes=\"auto, (max-width: 576px) 100vw, 576px\" \/><\/a><\/p>\n<p align=\"justify\">El passat dilluns 25 de novembre es va celebrar el Dia Mundial per a l\u2019Eliminaci\u00f3 de la Viol\u00e8ncia contra les Dones. Aquest fenomen forma part de l\u2019anomenada viol\u00e8ncia de g\u00e8nere i \u00e9s una de les grans xacres de la societat actual. La viol\u00e8ncia contra les dones, a m\u00e9s, s\u2019exerceix sovint en l\u2019\u00e0mbit familiar i sol passar desapercebuda per a la resta de la societat. Per tot aix\u00f2, cal que els centres educatius que acollim joves i adolescents tractem obertament aquesta problem\u00e0tica i que organitzem accions tant per sensibilitzar com per conscienciar el nostre alumnat.<\/p>\n<p align=\"justify\">En aquest sentit, per tal d\u2019expressar el rebuig de la comunitat educativa i condemnar qualsevol tipus de viol\u00e8ncia de g\u00e8nere, a l\u2019institut hem fet dues activitats que, a m\u00e9s, estan relacionades amb l\u2019art, una d\u2019espor\u00e0dica per al mateix dia 25 i una altra pensada per durar en el temps.<\/p>\n<p align=\"justify\">La primera va consistir en l\u2019acte de lectura del manifest institucional redactat conjuntament per la Generalitat, les Diputacions catalanes, l\u2019Ajuntament de Barcelona, les associacions de Municipis. Enguany, aquest document remarca les viol\u00e8ncies sexuals i les seves causes. Com diu el manifest: \u201cuna agressi\u00f3 sexual a una dona no \u00e9s un fet puntual, sin\u00f3 una expressi\u00f3 m\u00e9s de l&#8217;estructura patriarcal, una agressi\u00f3 contra totes nosaltres, contra totes les dones. Aquesta viol\u00e8ncia funciona de forma alli\u00e7onadora, ens socialitza en la por i ens llen\u00e7a un missatge ben clar, sobretot dirigit a les dones m\u00e9s joves: volen controlar i sotmetre la vida de les dones\u201d. Mentre les alumnes Luna Pujadas, Aida Vilches i Ruth Duarte llegien el manifest, la resta de l\u2019alumnat de l\u2019institut va realitzar una <i>performance<\/i> art\u00edstica consistent en col\u00b7locar-se al pati de l\u2019entrada formant el s\u00edmbol femen\u00ed, que nom\u00e9s era visible des d\u2019una certa al\u00e7ada.<\/p>\n<p align=\"justify\">La segona activitat ha estat la pintada d\u2019un mural sobre el tema ideat per l\u2019artista Clara Oliveras, amb la col\u00b7laboraci\u00f3 del Nexe Jove de l\u2019Ajuntament de Sant Fruit\u00f3s. La pintora hi est\u00e0 treballant ajudada per l\u2019alumnat de l\u2019aula oberta i per alumnes i exalumnes del col\u00b7lectiu feminista \u201cMai sense veu\u201d. L\u2019obra agafa com a met\u00e0fora un iceberg, que t\u00e9 una part \u201cvisible\u201d i una altra \u201cd\u2019invisible\u201d que serveix per mostrar les dues cares de la viol\u00e8ncia contra les dones. En la imatge es veu justament com aquesta viol\u00e8ncia \u201cinvisible\u201d, formada per la pressi\u00f3 est\u00e8tica, el maltractament psicol\u00f2gic o la difer\u00e8ncia salarial, \u00e9s la m\u00e9s gran i moltes persones l\u2019accepten com a fets normalitzats. En el fons, per\u00f2, no \u00e9s m\u00e9s que la fonamentaci\u00f3 de la viol\u00e8ncia visible, com s\u00f3n les violacions o les pallisses, que \u00e9s l\u2019\u00fanica que es denuncia p\u00fablicament. Felicitem a l\u2019artista Clara Oliveras per la concepci\u00f3 i la realitzaci\u00f3 del mural i agra\u00efm la col\u00b7laboraci\u00f3 del Nexe i dels alumnes i exalumnes que hi ha participat.<\/p>\n<p align=\"justify\">Una altra de les accions habituals contra la viol\u00e8ncia de g\u00e8nere \u00e9s el conjunt de debats que s\u2019han fet aquestes darreres setmanes a les classes de tutoria, que formen part del Pla d\u2019Acci\u00f3 Tutorial de l\u2019institut. Els debats ordenats i respectuosos sempre s\u00f3n educatius i permeten l\u2019intercanvi d\u2019impressions i la discussi\u00f3 de punts de vista diferents que, en el fons, reflecteixen les idees de les diferents fam\u00edlies dels alumnes.<\/p>\n<p align=\"justify\">Finalment, durant el mes de novembre ens ha arribat una subvenci\u00f3 del \u201c<span lang=\"es-ES\">Pacto de Estado contra la violencia de g\u00e9ner<\/span>o\u201d depenent del <span lang=\"es-ES\">Ministerio de la Presidencia, Relaciones con las Cortes e Igualdad<\/span> per a la compra de llibres que ajudin a trencar el silenci associat a la viol\u00e8ncia masclista mitjan\u00e7ant la sensibilitzaci\u00f3 de la societat, especialment els adolescents, sobre el mal que produeix la desigualtat i les conductes violentes que s\u2019hi associen. Aquesta compra de llibres ha perm\u00e8s que hores d\u2019ara a tots els armariets de les biblioteques d\u2019aula hi hagi llibres que permetin reflexionar sobre les causes i conseq\u00fc\u00e8ncies d\u2019aquest tipus de viol\u00e8ncia.<\/p>\n<p align=\"justify\">Com que sovint la fam\u00edlia \u00e9s l\u2019escenari d\u2019aquesta viol\u00e8ncia, els centres d\u2019educaci\u00f3 secund\u00e0ria tenim un paper molt important tant en la sensibilitzaci\u00f3 com en la detecci\u00f3 d\u2019aquest fenomen social que cal eradicar si volem arribar a una societat m\u00e9s justa.<\/p>\n<p align=\"justify\"><strong>Institut Gerbert d&#8217;Aurillac<\/strong><\/p>\n","protected":false},"excerpt":{"rendered":"<p>El passat dilluns 25 de novembre es va celebrar el Dia Mundial per a l\u2019Eliminaci\u00f3 de la Viol\u00e8ncia contra les Dones. Aquest fenomen forma part de l\u2019anomenada viol\u00e8ncia de g\u00e8nere i \u00e9s una de les grans xacres de la societat actual. La viol\u00e8ncia contra les dones, a m\u00e9s, s\u2019exerceix sovint en l\u2019\u00e0mbit familiar i sol passar desapercebuda per a la resta de la societat. Per tot aix\u00f2, cal que els centres educatius que acollim joves i adolescents tractem obertament aquesta problem\u00e0tica i que organitzem accions tant per sensibilitzar com per conscienciar el nostre alumnat.En aquest sentit, per tal d\u2019expressar el rebuig de la comunitat educativa i condemnar qualsevol tipus de viol\u00e8ncia de g\u00e8nere, a l\u2019institut hem fet dues activitats que, a m\u00e9s, estan relacionades amb l\u2019art, una d\u2019espor\u00e0dica per al mateix dia 25 i una altra pensada per durar en el temps.<\/p>\n","protected":false},"author":6,"featured_media":2360,"comment_status":"open","ping_status":"closed","sticky":false,"template":"","format":"standard","meta":{"_bbp_topic_count":0,"_bbp_reply_count":0,"_bbp_total_topic_count":0,"_bbp_total_reply_count":0,"_bbp_voice_count":0,"_bbp_anonymous_reply_count":0,"_bbp_topic_count_hidden":0,"_bbp_reply_count_hidden":0,"_bbp_forum_subforum_count":0,"site-sidebar-layout":"default","site-content-layout":"","ast-site-content-layout":"","site-content-style":"default","site-sidebar-style":"default","ast-global-header-display":"","ast-banner-title-visibility":"","ast-main-header-display":"","ast-hfb-above-header-display":"","ast-hfb-below-header-display":"","ast-hfb-mobile-header-display":"","site-post-title":"","ast-breadcrumbs-content":"","ast-featured-img":"","footer-sml-layout":"","theme-transparent-header-meta":"","adv-header-id-meta":"","stick-header-meta":"","header-above-stick-meta":"","header-main-stick-meta":"","header-below-stick-meta":"","astra-migrate-meta-layouts":"default","ast-page-background-enabled":"default","ast-page-background-meta":{"desktop":{"background-color":"var(--ast-global-color-4)","background-image":"","background-repeat":"repeat","background-position":"center center","background-size":"auto","background-attachment":"scroll","background-type":"","background-media":"","overlay-type":"","overlay-color":"","overlay-opacity":"","overlay-gradient":""},"tablet":{"background-color":"","background-image":"","background-repeat":"repeat","background-position":"center center","background-size":"auto","background-attachment":"scroll","background-type":"","background-media":"","overlay-type":"","overlay-color":"","overlay-opacity":"","overlay-gradient":""},"mobile":{"background-color":"","background-image":"","background-repeat":"repeat","background-position":"center center","background-size":"auto","background-attachment":"scroll","background-type":"","background-media":"","overlay-type":"","overlay-color":"","overlay-opacity":"","overlay-gradient":""}},"ast-content-background-meta":{"desktop":{"background-color":"var(--ast-global-color-5)","background-image":"","background-repeat":"repeat","background-position":"center center","background-size":"auto","background-attachment":"scroll","background-type":"","background-media":"","overlay-type":"","overlay-color":"","overlay-opacity":"","overlay-gradient":""},"tablet":{"background-color":"var(--ast-global-color-5)","background-image":"","background-repeat":"repeat","background-position":"center center","background-size":"auto","background-attachment":"scroll","background-type":"","background-media":"","overlay-type":"","overlay-color":"","overlay-opacity":"","overlay-gradient":""},"mobile":{"background-color":"var(--ast-global-color-5)","background-image":"","background-repeat":"repeat","background-position":"center center","background-size":"auto","background-attachment":"scroll","background-type":"","background-media":"","overlay-type":"","overlay-color":"","overlay-opacity":"","overlay-gradient":""}},"footnotes":""},"categories":[31,1,29],"tags":[],"class_list":["post-2357","post","type-post","status-publish","format-standard","has-post-thumbnail","hentry","category-afa","category-general","category-portada"],"post_mailing_queue_ids":[],"_links":{"self":[{"href":"https:\/\/agora.xtec.cat\/iesgerbert\/wp-json\/wp\/v2\/posts\/2357","targetHints":{"allow":["GET"]}}],"collection":[{"href":"https:\/\/agora.xtec.cat\/iesgerbert\/wp-json\/wp\/v2\/posts"}],"about":[{"href":"https:\/\/agora.xtec.cat\/iesgerbert\/wp-json\/wp\/v2\/types\/post"}],"author":[{"embeddable":true,"href":"https:\/\/agora.xtec.cat\/iesgerbert\/wp-json\/wp\/v2\/users\/6"}],"replies":[{"embeddable":true,"href":"https:\/\/agora.xtec.cat\/iesgerbert\/wp-json\/wp\/v2\/comments?post=2357"}],"version-history":[{"count":2,"href":"https:\/\/agora.xtec.cat\/iesgerbert\/wp-json\/wp\/v2\/posts\/2357\/revisions"}],"predecessor-version":[{"id":2362,"href":"https:\/\/agora.xtec.cat\/iesgerbert\/wp-json\/wp\/v2\/posts\/2357\/revisions\/2362"}],"wp:featuredmedia":[{"embeddable":true,"href":"https:\/\/agora.xtec.cat\/iesgerbert\/wp-json\/wp\/v2\/media\/2360"}],"wp:attachment":[{"href":"https:\/\/agora.xtec.cat\/iesgerbert\/wp-json\/wp\/v2\/media?parent=2357"}],"wp:term":[{"taxonomy":"category","embeddable":true,"href":"https:\/\/agora.xtec.cat\/iesgerbert\/wp-json\/wp\/v2\/categories?post=2357"},{"taxonomy":"post_tag","embeddable":true,"href":"https:\/\/agora.xtec.cat\/iesgerbert\/wp-json\/wp\/v2\/tags?post=2357"}],"curies":[{"name":"wp","href":"https:\/\/api.w.org\/{rel}","templated":true}]}}