{"id":14582,"date":"2026-04-29T13:12:18","date_gmt":"2026-04-29T11:12:18","guid":{"rendered":"https:\/\/agora.xtec.cat\/iesgerbert\/?p=14582"},"modified":"2026-04-29T13:12:19","modified_gmt":"2026-04-29T11:12:19","slug":"visita-a-lajuntament-coneixem-els-serveis-per-a-lemancipacio-juvenil","status":"publish","type":"post","link":"https:\/\/agora.xtec.cat\/iesgerbert\/general\/visita-a-lajuntament-coneixem-els-serveis-per-a-lemancipacio-juvenil\/","title":{"rendered":"VISITA A L\u2019AJUNTAMENT: CONEIXEM ELS SERVEIS PER A L\u2019EMANCIPACI\u00d3 JUVENIL"},"content":{"rendered":"\n<p>El passat dimarts 28 d\u2019abril, l&#8217;alumnat del PFI va fer una sortida molt interessant per con\u00e8ixer els diferents serveis que ens ofereix el nostre ajuntament. L&#8217;objectiu era treballar l&#8217;entorn proper i descobrir recursos que ens ajudin en el cam\u00ed cap a l&#8217;emancipaci\u00f3 juvenil.<\/p>\n\n\n\n<p>La visita va comen\u00e7ar a la Sala de Plens, on l&#8217;alcalde ens va donar la benvinguda i ens va explicar com funciona el govern de l&#8217;ajuntament, els regidors, la presa de decisions i les eleccions municipals, un proc\u00e9s fonamental per entendre la democr\u00e0cia.<\/p>\n\n\n\n<p>Tot seguit, la Gemma Codina ens va mostrar el funcionament de l&#8217;empadronament, un tr\u00e0mit b\u00e0sic que qualsevol jove ha de con\u00e8ixer si vol viure de manera independent i que permet tenir acc\u00e9s als serveis municipals.<\/p>\n\n\n\n<p>Despr\u00e9s ens vam despla\u00e7ar al Nexe, on l&#8217;Andrea Aguilar i la Blanca Vila ens van parlar de tres \u00e0rees clau per als joves: els serveis d&#8217;informaci\u00f3 juvenil i les ajudes econ\u00f2miques, l&#8217;habitatge (on buscar pis i quines subvencions hi ha) i el servei d\u2019ocupaci\u00f3 local.&nbsp;<\/p>\n\n\n\n<p>Finalment, als Serveis Socials, la Mireia Subirana ens va explicar on podem trobar entitats per fer activitats d&#8217;aprenentatge servei (APS), com a projecte per al curs vinent entre el PFI i una entitat del poble.<\/p>\n\n\n\n<p>Va ser una jornada molt profitosa. Ara sabem on dirigir-nos quan necessitem informaci\u00f3, ajudes o orientaci\u00f3.<\/p>\n\n\n\n<p>Agra\u00efm a tots els professionals que ens van atendre i ens van acompanyar en aquesta visita i especialment a la Irene S\u00e1nchez, secretaria de l\u2019alcalde per organitzar aquesta visita per les entitats i serveis de St. Fruit\u00f3s.<\/p>\n\n\n\n<p><strong>Sandra S\u00e1nchez, tutora del PFI<\/strong><\/p>\n\n\n\n<div class=\"wp-block-getwid-images-slider has-arrows-inside has-dots-inside has-images-center has-cropped-images\"><div class=\"wp-block-getwid-images-slider__wrapper\" data-effect=\"slide\" data-slides-show=\"1\" data-slides-show-laptop=\"1\" data-slides-show-tablet=\"1\" data-slides-show-mobile=\"1\" data-slides-scroll=\"1\" data-autoplay=\"false\" data-pause-hover=\"false\" data-autoplay-speed=\"6000\" data-infinite=\"true\" data-animation-speed=\"800\" data-center-mode=\"false\" data-variable-width=\"false\" data-arrows=\"inside\" data-dots=\"inside\" data-spacing=\"none\"><div class=\"wp-block-getwid-images-slider__item\"><figure><img loading=\"lazy\" decoding=\"async\" width=\"1600\" height=\"1200\" src=\"https:\/\/agora.xtec.cat\/iesgerbert\/wp-content\/uploads\/usu668\/2026\/04\/WhatsApp-Image-2026-04-28-at-10.35.22-2.jpeg\" data-id=\"14584\" data-link=\"https:\/\/agora.xtec.cat\/iesgerbert\/?attachment_id=14584\" data-original-link=\"https:\/\/agora.xtec.cat\/iesgerbert\/wp-content\/uploads\/usu668\/2026\/04\/WhatsApp-Image-2026-04-28-at-10.35.22-2.jpeg\" class=\"wp-block-getwid-images-slider__image wp-image-14584\" srcset=\"https:\/\/agora.xtec.cat\/iesgerbert\/wp-content\/uploads\/usu668\/2026\/04\/WhatsApp-Image-2026-04-28-at-10.35.22-2.jpeg 1600w, https:\/\/agora.xtec.cat\/iesgerbert\/wp-content\/uploads\/usu668\/2026\/04\/WhatsApp-Image-2026-04-28-at-10.35.22-2-300x225.jpeg 300w, https:\/\/agora.xtec.cat\/iesgerbert\/wp-content\/uploads\/usu668\/2026\/04\/WhatsApp-Image-2026-04-28-at-10.35.22-2-1024x768.jpeg 1024w, https:\/\/agora.xtec.cat\/iesgerbert\/wp-content\/uploads\/usu668\/2026\/04\/WhatsApp-Image-2026-04-28-at-10.35.22-2-768x576.jpeg 768w, https:\/\/agora.xtec.cat\/iesgerbert\/wp-content\/uploads\/usu668\/2026\/04\/WhatsApp-Image-2026-04-28-at-10.35.22-2-1536x1152.jpeg 1536w\" sizes=\"auto, (max-width: 1600px) 100vw, 1600px\" \/><\/figure><\/div><div class=\"wp-block-getwid-images-slider__item\"><figure><img loading=\"lazy\" decoding=\"async\" width=\"1600\" height=\"1200\" src=\"https:\/\/agora.xtec.cat\/iesgerbert\/wp-content\/uploads\/usu668\/2026\/04\/WhatsApp-Image-2026-04-28-at-10.35.22-3.jpeg\" data-id=\"14583\" data-link=\"https:\/\/agora.xtec.cat\/iesgerbert\/?attachment_id=14583\" data-original-link=\"https:\/\/agora.xtec.cat\/iesgerbert\/wp-content\/uploads\/usu668\/2026\/04\/WhatsApp-Image-2026-04-28-at-10.35.22-3.jpeg\" class=\"wp-block-getwid-images-slider__image wp-image-14583\" srcset=\"https:\/\/agora.xtec.cat\/iesgerbert\/wp-content\/uploads\/usu668\/2026\/04\/WhatsApp-Image-2026-04-28-at-10.35.22-3.jpeg 1600w, https:\/\/agora.xtec.cat\/iesgerbert\/wp-content\/uploads\/usu668\/2026\/04\/WhatsApp-Image-2026-04-28-at-10.35.22-3-300x225.jpeg 300w, https:\/\/agora.xtec.cat\/iesgerbert\/wp-content\/uploads\/usu668\/2026\/04\/WhatsApp-Image-2026-04-28-at-10.35.22-3-1024x768.jpeg 1024w, https:\/\/agora.xtec.cat\/iesgerbert\/wp-content\/uploads\/usu668\/2026\/04\/WhatsApp-Image-2026-04-28-at-10.35.22-3-768x576.jpeg 768w, https:\/\/agora.xtec.cat\/iesgerbert\/wp-content\/uploads\/usu668\/2026\/04\/WhatsApp-Image-2026-04-28-at-10.35.22-3-1536x1152.jpeg 1536w\" sizes=\"auto, (max-width: 1600px) 100vw, 1600px\" \/><\/figure><\/div><div class=\"wp-block-getwid-images-slider__item\"><figure><img loading=\"lazy\" decoding=\"async\" width=\"1600\" height=\"1200\" src=\"https:\/\/agora.xtec.cat\/iesgerbert\/wp-content\/uploads\/usu668\/2026\/04\/WhatsApp-Image-2026-04-28-at-10.35.22-5.jpeg\" data-id=\"14586\" data-link=\"https:\/\/agora.xtec.cat\/iesgerbert\/?attachment_id=14586\" data-original-link=\"https:\/\/agora.xtec.cat\/iesgerbert\/wp-content\/uploads\/usu668\/2026\/04\/WhatsApp-Image-2026-04-28-at-10.35.22-5.jpeg\" class=\"wp-block-getwid-images-slider__image wp-image-14586\" srcset=\"https:\/\/agora.xtec.cat\/iesgerbert\/wp-content\/uploads\/usu668\/2026\/04\/WhatsApp-Image-2026-04-28-at-10.35.22-5.jpeg 1600w, https:\/\/agora.xtec.cat\/iesgerbert\/wp-content\/uploads\/usu668\/2026\/04\/WhatsApp-Image-2026-04-28-at-10.35.22-5-300x225.jpeg 300w, https:\/\/agora.xtec.cat\/iesgerbert\/wp-content\/uploads\/usu668\/2026\/04\/WhatsApp-Image-2026-04-28-at-10.35.22-5-1024x768.jpeg 1024w, https:\/\/agora.xtec.cat\/iesgerbert\/wp-content\/uploads\/usu668\/2026\/04\/WhatsApp-Image-2026-04-28-at-10.35.22-5-768x576.jpeg 768w, https:\/\/agora.xtec.cat\/iesgerbert\/wp-content\/uploads\/usu668\/2026\/04\/WhatsApp-Image-2026-04-28-at-10.35.22-5-1536x1152.jpeg 1536w\" sizes=\"auto, (max-width: 1600px) 100vw, 1600px\" \/><\/figure><\/div><div class=\"wp-block-getwid-images-slider__item\"><figure><img loading=\"lazy\" decoding=\"async\" width=\"1600\" height=\"1200\" src=\"https:\/\/agora.xtec.cat\/iesgerbert\/wp-content\/uploads\/usu668\/2026\/04\/WhatsApp-Image-2026-04-28-at-10.35.22-8.jpeg\" data-id=\"14585\" data-link=\"https:\/\/agora.xtec.cat\/iesgerbert\/?attachment_id=14585\" data-original-link=\"https:\/\/agora.xtec.cat\/iesgerbert\/wp-content\/uploads\/usu668\/2026\/04\/WhatsApp-Image-2026-04-28-at-10.35.22-8.jpeg\" class=\"wp-block-getwid-images-slider__image wp-image-14585\" srcset=\"https:\/\/agora.xtec.cat\/iesgerbert\/wp-content\/uploads\/usu668\/2026\/04\/WhatsApp-Image-2026-04-28-at-10.35.22-8.jpeg 1600w, https:\/\/agora.xtec.cat\/iesgerbert\/wp-content\/uploads\/usu668\/2026\/04\/WhatsApp-Image-2026-04-28-at-10.35.22-8-300x225.jpeg 300w, https:\/\/agora.xtec.cat\/iesgerbert\/wp-content\/uploads\/usu668\/2026\/04\/WhatsApp-Image-2026-04-28-at-10.35.22-8-1024x768.jpeg 1024w, https:\/\/agora.xtec.cat\/iesgerbert\/wp-content\/uploads\/usu668\/2026\/04\/WhatsApp-Image-2026-04-28-at-10.35.22-8-768x576.jpeg 768w, https:\/\/agora.xtec.cat\/iesgerbert\/wp-content\/uploads\/usu668\/2026\/04\/WhatsApp-Image-2026-04-28-at-10.35.22-8-1536x1152.jpeg 1536w\" sizes=\"auto, (max-width: 1600px) 100vw, 1600px\" \/><\/figure><\/div><\/div><\/div>\n","protected":false},"excerpt":{"rendered":"<p>El passat dimarts 28 d\u2019abril, l&#8217;alumnat del PFI va fer una sortida molt interessant per con\u00e8ixer els diferents serveis que ens ofereix el nostre ajuntament. L&#8217;objectiu era treballar l&#8217;entorn proper i descobrir recursos que ens ajudin en el cam\u00ed cap a l&#8217;emancipaci\u00f3 juvenil. La visita va comen\u00e7ar a la Sala de Plens, on l&#8217;alcalde ens [&hellip;]<\/p>\n","protected":false},"author":18,"featured_media":14583,"comment_status":"open","ping_status":"open","sticky":false,"template":"","format":"standard","meta":{"_bbp_topic_count":0,"_bbp_reply_count":0,"_bbp_total_topic_count":0,"_bbp_total_reply_count":0,"_bbp_voice_count":0,"_bbp_anonymous_reply_count":0,"_bbp_topic_count_hidden":0,"_bbp_reply_count_hidden":0,"_bbp_forum_subforum_count":0,"site-sidebar-layout":"default","site-content-layout":"","ast-site-content-layout":"default","site-content-style":"default","site-sidebar-style":"default","ast-global-header-display":"","ast-banner-title-visibility":"","ast-main-header-display":"","ast-hfb-above-header-display":"","ast-hfb-below-header-display":"","ast-hfb-mobile-header-display":"","site-post-title":"","ast-breadcrumbs-content":"","ast-featured-img":"","footer-sml-layout":"","theme-transparent-header-meta":"","adv-header-id-meta":"","stick-header-meta":"","header-above-stick-meta":"","header-main-stick-meta":"","header-below-stick-meta":"","astra-migrate-meta-layouts":"set","ast-page-background-enabled":"default","ast-page-background-meta":{"desktop":{"background-color":"var(--ast-global-color-4)","background-image":"","background-repeat":"repeat","background-position":"center center","background-size":"auto","background-attachment":"scroll","background-type":"","background-media":"","overlay-type":"","overlay-color":"","overlay-opacity":"","overlay-gradient":""},"tablet":{"background-color":"","background-image":"","background-repeat":"repeat","background-position":"center center","background-size":"auto","background-attachment":"scroll","background-type":"","background-media":"","overlay-type":"","overlay-color":"","overlay-opacity":"","overlay-gradient":""},"mobile":{"background-color":"","background-image":"","background-repeat":"repeat","background-position":"center center","background-size":"auto","background-attachment":"scroll","background-type":"","background-media":"","overlay-type":"","overlay-color":"","overlay-opacity":"","overlay-gradient":""}},"ast-content-background-meta":{"desktop":{"background-color":"var(--ast-global-color-5)","background-image":"","background-repeat":"repeat","background-position":"center center","background-size":"auto","background-attachment":"scroll","background-type":"","background-media":"","overlay-type":"","overlay-color":"","overlay-opacity":"","overlay-gradient":""},"tablet":{"background-color":"var(--ast-global-color-5)","background-image":"","background-repeat":"repeat","background-position":"center center","background-size":"auto","background-attachment":"scroll","background-type":"","background-media":"","overlay-type":"","overlay-color":"","overlay-opacity":"","overlay-gradient":""},"mobile":{"background-color":"var(--ast-global-color-5)","background-image":"","background-repeat":"repeat","background-position":"center center","background-size":"auto","background-attachment":"scroll","background-type":"","background-media":"","overlay-type":"","overlay-color":"","overlay-opacity":"","overlay-gradient":""}},"footnotes":""},"categories":[1,30,29],"tags":[],"class_list":["post-14582","post","type-post","status-publish","format-standard","has-post-thumbnail","hentry","category-general","category-programa-formacio-insercio","category-portada"],"post_mailing_queue_ids":[],"_links":{"self":[{"href":"https:\/\/agora.xtec.cat\/iesgerbert\/wp-json\/wp\/v2\/posts\/14582","targetHints":{"allow":["GET"]}}],"collection":[{"href":"https:\/\/agora.xtec.cat\/iesgerbert\/wp-json\/wp\/v2\/posts"}],"about":[{"href":"https:\/\/agora.xtec.cat\/iesgerbert\/wp-json\/wp\/v2\/types\/post"}],"author":[{"embeddable":true,"href":"https:\/\/agora.xtec.cat\/iesgerbert\/wp-json\/wp\/v2\/users\/18"}],"replies":[{"embeddable":true,"href":"https:\/\/agora.xtec.cat\/iesgerbert\/wp-json\/wp\/v2\/comments?post=14582"}],"version-history":[{"count":1,"href":"https:\/\/agora.xtec.cat\/iesgerbert\/wp-json\/wp\/v2\/posts\/14582\/revisions"}],"predecessor-version":[{"id":14587,"href":"https:\/\/agora.xtec.cat\/iesgerbert\/wp-json\/wp\/v2\/posts\/14582\/revisions\/14587"}],"wp:featuredmedia":[{"embeddable":true,"href":"https:\/\/agora.xtec.cat\/iesgerbert\/wp-json\/wp\/v2\/media\/14583"}],"wp:attachment":[{"href":"https:\/\/agora.xtec.cat\/iesgerbert\/wp-json\/wp\/v2\/media?parent=14582"}],"wp:term":[{"taxonomy":"category","embeddable":true,"href":"https:\/\/agora.xtec.cat\/iesgerbert\/wp-json\/wp\/v2\/categories?post=14582"},{"taxonomy":"post_tag","embeddable":true,"href":"https:\/\/agora.xtec.cat\/iesgerbert\/wp-json\/wp\/v2\/tags?post=14582"}],"curies":[{"name":"wp","href":"https:\/\/api.w.org\/{rel}","templated":true}]}}