{"id":14544,"date":"2026-04-28T13:48:14","date_gmt":"2026-04-28T11:48:14","guid":{"rendered":"https:\/\/agora.xtec.cat\/iesgerbert\/?p=14544"},"modified":"2026-04-28T13:49:29","modified_gmt":"2026-04-28T11:49:29","slug":"sant-jordi-al-gerbert-cultura-creativitat-i-tradicio","status":"publish","type":"post","link":"https:\/\/agora.xtec.cat\/iesgerbert\/general\/sant-jordi-al-gerbert-cultura-creativitat-i-tradicio\/","title":{"rendered":"SANT JORDI AL GERBERT: CULTURA, CREATIVITAT I TRADICI\u00d3"},"content":{"rendered":"\n<p>El 23 d\u2019abril, l\u2019Institut Gerbert d\u2019Aurillac va celebrar la diada de Sant Jordi amb un acte especial que va reunir el professorat i l\u2019alumnat a 4a hora a la pista del centre.<\/p>\n\n\n\n<p>La jornada es va iniciar amb un preg\u00f3 espl\u00e8ndid, a c\u00e0rrec de Biel Palacios i Abril Soler, alumnes de 3r d\u2019ESO, que van donar el tret de sortida a una celebraci\u00f3 plena de cultura, emoci\u00f3 i bon ambient <\/p>\n\n\n\n<p>Tot seguit, els alumnes de 1r d\u2019ESO van interpretar l\u2019himne del Gerbert, aportant un dels moments m\u00e9s emotius i representatius de la jornada <\/p>\n\n\n\n<p>Durant l\u2019acte es va dur a terme el lliurament dels diferents premis dels concursos literaris, de logotips, de poemes visuals i del concurs d\u2019aula neta, reconeixent l\u2019esfor\u00e7, la creativitat i el comprom\u00eds de l\u2019alumnat.<\/p>\n\n\n\n<hr class=\"wp-block-separator has-alpha-channel-opacity\"\/>\n\n\n\n<h3 class=\"wp-block-heading\"><strong>Premis del concurs literari<\/strong><\/h3>\n\n\n\n<p><strong>1r i 2n d\u2019ESO<\/strong><\/p>\n\n\n\n<ul class=\"wp-block-list\">\n<li>Catal\u00e0: Arlet Gasia, per la continuaci\u00f3 de <em>L\u2019Arbre dom\u00e8stic<\/em><\/li>\n\n\n\n<li>Castell\u00e0: \u00c8nia Mas, per la continuaci\u00f3 de <em>Hansel y Gretel<\/em><\/li>\n\n\n\n<li>Angl\u00e8s: Arlet Gasia, per <em>Ballet<\/em><\/li>\n\n\n\n<li>Franc\u00e8s: Daila Brito, per <em>Vague \u2013 L\u2019Onada<\/em><\/li>\n<\/ul>\n\n\n\n<p><strong>3r i 4t d\u2019ESO<\/strong><\/p>\n\n\n\n<ul class=\"wp-block-list\">\n<li>Catal\u00e0: Maria Wong, per la continuaci\u00f3 de <em>Tina Frankens<\/em><\/li>\n\n\n\n<li>Castell\u00e0: Ingrid Carneiro, per la continuaci\u00f3 de <em>La familia de Pascual Duarte: El privilegio de ser bueno<\/em><\/li>\n\n\n\n<li>Angl\u00e8s: Luc\u00eda P\u00e9rez, per <em>Blooming Grief \u2013 Dol que floreix<\/em><\/li>\n\n\n\n<li>Franc\u00e8s: Lindsay Hern\u00e1ndez, per <em>La Rose \u2013 La Rosa<\/em><\/li>\n\n\n\n<li>Alemany: Estefan\u00eda Dom\u00ednguez, per <em>Erdbeere CSOC \u2013 Maduixa<\/em><\/li>\n<\/ul>\n\n\n\n<p><strong>Batxillerat<\/strong><\/p>\n\n\n\n<ul class=\"wp-block-list\">\n<li>Catal\u00e0: Susana Rodr\u00edguez, per la continuaci\u00f3 de <em>La pell freda<\/em><\/li>\n\n\n\n<li>Castell\u00e0: Mario Sauceda, per la continuaci\u00f3 de <em>Un sue\u00f1o<\/em><\/li>\n\n\n\n<li>Angl\u00e8s: Lluc Vilanova, per la continuaci\u00f3 de <em>Metamorphosis de Kafka<\/em><\/li>\n\n\n\n<li>Franc\u00e8s: Martina Argent\u00f3, per la continuaci\u00f3 de <em>Marcel Proust<\/em><\/li>\n\n\n\n<li>Alemany: Aina Alonso, per <em>Das bin ich \u2013 Aquesta soc jo<\/em><\/li>\n<\/ul>\n\n\n\n<hr class=\"wp-block-separator has-alpha-channel-opacity\"\/>\n\n\n\n<h3 class=\"wp-block-heading\"><strong>Altres premis<\/strong><\/h3>\n\n\n\n<p><strong>Concurs de logotips<\/strong><\/p>\n\n\n\n<ul class=\"wp-block-list\">\n<li>Bernat Gomila (1r premi)<\/li>\n\n\n\n<li>Pere San Nicol\u00e0s (2n premi)<\/li>\n\n\n\n<li>Miquel Vall (3r premi)<\/li>\n<\/ul>\n\n\n\n<p><strong>Poemes visuals<\/strong><\/p>\n\n\n\n<ul class=\"wp-block-list\">\n<li>Cristian Estirado (3r ESO)<\/li>\n\n\n\n<li>Cyril Priego (2n Batxillerat)<\/li>\n\n\n\n<li>Albert L\u00f3pez (2n Batxillerat)<\/li>\n\n\n\n<li>Jubaib Ahmed (4t ESO)<\/li>\n<\/ul>\n\n\n\n<p><strong>Concurs aula neta<\/strong><\/p>\n\n\n\n<ul class=\"wp-block-list\">\n<li>1r d\u2019ESO C<\/li>\n<\/ul>\n\n\n\n<hr class=\"wp-block-separator has-alpha-channel-opacity\"\/>\n\n\n\n<p>La jornada tamb\u00e9 va incloure balls tradicionals amb bastons, la participaci\u00f3 de gegants i capgrossos i una actuaci\u00f3 musical de 3r d\u2019ESO que va posar el punt final a l\u2019acte.<\/p>\n\n\n\n<p>Sant Jordi \u00e9s una celebraci\u00f3 que va molt m\u00e9s enll\u00e0 de les roses i els llibres: \u00e9s un homenatge a la creativitat, la paraula i la conviv\u00e8ncia, que cada any omple el centre d\u2019emoci\u00f3 i vida.<\/p>\n","protected":false},"excerpt":{"rendered":"<p>El 23 d\u2019abril, l\u2019Institut Gerbert d\u2019Aurillac va celebrar la diada de Sant Jordi amb un acte especial que va reunir el professorat i l\u2019alumnat a 4a hora a la pista del centre. La jornada es va iniciar amb un preg\u00f3 espl\u00e8ndid, a c\u00e0rrec de Biel Palacios i Abril Soler, alumnes de 3r d\u2019ESO, que van [&hellip;]<\/p>\n","protected":false},"author":18,"featured_media":14568,"comment_status":"open","ping_status":"open","sticky":false,"template":"","format":"standard","meta":{"_bbp_topic_count":0,"_bbp_reply_count":0,"_bbp_total_topic_count":0,"_bbp_total_reply_count":0,"_bbp_voice_count":0,"_bbp_anonymous_reply_count":0,"_bbp_topic_count_hidden":0,"_bbp_reply_count_hidden":0,"_bbp_forum_subforum_count":0,"site-sidebar-layout":"default","site-content-layout":"","ast-site-content-layout":"default","site-content-style":"default","site-sidebar-style":"default","ast-global-header-display":"","ast-banner-title-visibility":"","ast-main-header-display":"","ast-hfb-above-header-display":"","ast-hfb-below-header-display":"","ast-hfb-mobile-header-display":"","site-post-title":"","ast-breadcrumbs-content":"","ast-featured-img":"","footer-sml-layout":"","theme-transparent-header-meta":"","adv-header-id-meta":"","stick-header-meta":"","header-above-stick-meta":"","header-main-stick-meta":"","header-below-stick-meta":"","astra-migrate-meta-layouts":"set","ast-page-background-enabled":"default","ast-page-background-meta":{"desktop":{"background-color":"var(--ast-global-color-4)","background-image":"","background-repeat":"repeat","background-position":"center center","background-size":"auto","background-attachment":"scroll","background-type":"","background-media":"","overlay-type":"","overlay-color":"","overlay-opacity":"","overlay-gradient":""},"tablet":{"background-color":"","background-image":"","background-repeat":"repeat","background-position":"center center","background-size":"auto","background-attachment":"scroll","background-type":"","background-media":"","overlay-type":"","overlay-color":"","overlay-opacity":"","overlay-gradient":""},"mobile":{"background-color":"","background-image":"","background-repeat":"repeat","background-position":"center center","background-size":"auto","background-attachment":"scroll","background-type":"","background-media":"","overlay-type":"","overlay-color":"","overlay-opacity":"","overlay-gradient":""}},"ast-content-background-meta":{"desktop":{"background-color":"var(--ast-global-color-5)","background-image":"","background-repeat":"repeat","background-position":"center center","background-size":"auto","background-attachment":"scroll","background-type":"","background-media":"","overlay-type":"","overlay-color":"","overlay-opacity":"","overlay-gradient":""},"tablet":{"background-color":"var(--ast-global-color-5)","background-image":"","background-repeat":"repeat","background-position":"center center","background-size":"auto","background-attachment":"scroll","background-type":"","background-media":"","overlay-type":"","overlay-color":"","overlay-opacity":"","overlay-gradient":""},"mobile":{"background-color":"var(--ast-global-color-5)","background-image":"","background-repeat":"repeat","background-position":"center center","background-size":"auto","background-attachment":"scroll","background-type":"","background-media":"","overlay-type":"","overlay-color":"","overlay-opacity":"","overlay-gradient":""}},"footnotes":""},"categories":[97,3,1,29],"tags":[],"class_list":["post-14544","post","type-post","status-publish","format-standard","has-post-thumbnail","hentry","category-1er-batx","category-eso","category-general","category-portada"],"post_mailing_queue_ids":[],"_links":{"self":[{"href":"https:\/\/agora.xtec.cat\/iesgerbert\/wp-json\/wp\/v2\/posts\/14544","targetHints":{"allow":["GET"]}}],"collection":[{"href":"https:\/\/agora.xtec.cat\/iesgerbert\/wp-json\/wp\/v2\/posts"}],"about":[{"href":"https:\/\/agora.xtec.cat\/iesgerbert\/wp-json\/wp\/v2\/types\/post"}],"author":[{"embeddable":true,"href":"https:\/\/agora.xtec.cat\/iesgerbert\/wp-json\/wp\/v2\/users\/18"}],"replies":[{"embeddable":true,"href":"https:\/\/agora.xtec.cat\/iesgerbert\/wp-json\/wp\/v2\/comments?post=14544"}],"version-history":[{"count":3,"href":"https:\/\/agora.xtec.cat\/iesgerbert\/wp-json\/wp\/v2\/posts\/14544\/revisions"}],"predecessor-version":[{"id":14570,"href":"https:\/\/agora.xtec.cat\/iesgerbert\/wp-json\/wp\/v2\/posts\/14544\/revisions\/14570"}],"wp:featuredmedia":[{"embeddable":true,"href":"https:\/\/agora.xtec.cat\/iesgerbert\/wp-json\/wp\/v2\/media\/14568"}],"wp:attachment":[{"href":"https:\/\/agora.xtec.cat\/iesgerbert\/wp-json\/wp\/v2\/media?parent=14544"}],"wp:term":[{"taxonomy":"category","embeddable":true,"href":"https:\/\/agora.xtec.cat\/iesgerbert\/wp-json\/wp\/v2\/categories?post=14544"},{"taxonomy":"post_tag","embeddable":true,"href":"https:\/\/agora.xtec.cat\/iesgerbert\/wp-json\/wp\/v2\/tags?post=14544"}],"curies":[{"name":"wp","href":"https:\/\/api.w.org\/{rel}","templated":true}]}}