{"id":14517,"date":"2026-04-17T12:00:08","date_gmt":"2026-04-17T10:00:08","guid":{"rendered":"https:\/\/agora.xtec.cat\/iesgerbert\/?p=14517"},"modified":"2026-04-17T12:01:07","modified_gmt":"2026-04-17T10:01:07","slug":"tot-a-punt-per-al-campionat-datletisme-del-bages-la-cronica-de-1r-deso","status":"publish","type":"post","link":"https:\/\/agora.xtec.cat\/iesgerbert\/general\/tot-a-punt-per-al-campionat-datletisme-del-bages-la-cronica-de-1r-deso\/","title":{"rendered":"TOT A PUNT PER AL CAMPIONAT D&#8217;ATLETISME DEL BAGES: LA CR\u00d2NICA DE 1r D&#8217;ESO"},"content":{"rendered":"\n<p>Presentem aquesta cr\u00f2nica elaborada per l&#8217;alumnat de 1r d&#8217;ESO, on ens detallen els preparatius i l&#8217;emoci\u00f3 que envolten el pr\u00f2xim Campionat d&#8217;Atletisme al Bages. Una lectura imprescindible per con\u00e8ixer com els nostres joves esportistes es preparen per a la XVIII edici\u00f3 d&#8217;aquesta competici\u00f3.<\/p>\n\n\n\n<figure class=\"wp-block-image size-large\"><a href=\"https:\/\/agora.xtec.cat\/iesgerbert\/wp-content\/uploads\/usu668\/2026\/04\/MiquelAdriaBernatAlvaro-Noticia-2_page-0001.jpg\"><img loading=\"lazy\" decoding=\"async\" width=\"725\" height=\"1024\" src=\"https:\/\/agora.xtec.cat\/iesgerbert\/wp-content\/uploads\/usu668\/2026\/04\/MiquelAdriaBernatAlvaro-Noticia-2_page-0001-725x1024.jpg\" alt=\"\" class=\"wp-image-14518\" srcset=\"https:\/\/agora.xtec.cat\/iesgerbert\/wp-content\/uploads\/usu668\/2026\/04\/MiquelAdriaBernatAlvaro-Noticia-2_page-0001-725x1024.jpg 725w, https:\/\/agora.xtec.cat\/iesgerbert\/wp-content\/uploads\/usu668\/2026\/04\/MiquelAdriaBernatAlvaro-Noticia-2_page-0001-212x300.jpg 212w, https:\/\/agora.xtec.cat\/iesgerbert\/wp-content\/uploads\/usu668\/2026\/04\/MiquelAdriaBernatAlvaro-Noticia-2_page-0001-768x1085.jpg 768w, https:\/\/agora.xtec.cat\/iesgerbert\/wp-content\/uploads\/usu668\/2026\/04\/MiquelAdriaBernatAlvaro-Noticia-2_page-0001-1087x1536.jpg 1087w, https:\/\/agora.xtec.cat\/iesgerbert\/wp-content\/uploads\/usu668\/2026\/04\/MiquelAdriaBernatAlvaro-Noticia-2_page-0001.jpg 1242w\" sizes=\"auto, (max-width: 725px) 100vw, 725px\" \/><\/a><\/figure>\n","protected":false},"excerpt":{"rendered":"<p>Presentem aquesta cr\u00f2nica elaborada per l&#8217;alumnat de 1r d&#8217;ESO, on ens detallen els preparatius i l&#8217;emoci\u00f3 que envolten el pr\u00f2xim Campionat d&#8217;Atletisme al Bages. Una lectura imprescindible per con\u00e8ixer com els nostres joves esportistes es preparen per a la XVIII edici\u00f3 d&#8217;aquesta competici\u00f3.<\/p>\n","protected":false},"author":18,"featured_media":14521,"comment_status":"open","ping_status":"open","sticky":false,"template":"","format":"standard","meta":{"_bbp_topic_count":0,"_bbp_reply_count":0,"_bbp_total_topic_count":0,"_bbp_total_reply_count":0,"_bbp_voice_count":0,"_bbp_anonymous_reply_count":0,"_bbp_topic_count_hidden":0,"_bbp_reply_count_hidden":0,"_bbp_forum_subforum_count":0,"site-sidebar-layout":"default","site-content-layout":"","ast-site-content-layout":"default","site-content-style":"default","site-sidebar-style":"default","ast-global-header-display":"","ast-banner-title-visibility":"","ast-main-header-display":"","ast-hfb-above-header-display":"","ast-hfb-below-header-display":"","ast-hfb-mobile-header-display":"","site-post-title":"","ast-breadcrumbs-content":"","ast-featured-img":"","footer-sml-layout":"","theme-transparent-header-meta":"","adv-header-id-meta":"","stick-header-meta":"","header-above-stick-meta":"","header-main-stick-meta":"","header-below-stick-meta":"","astra-migrate-meta-layouts":"set","ast-page-background-enabled":"default","ast-page-background-meta":{"desktop":{"background-color":"var(--ast-global-color-4)","background-image":"","background-repeat":"repeat","background-position":"center center","background-size":"auto","background-attachment":"scroll","background-type":"","background-media":"","overlay-type":"","overlay-color":"","overlay-opacity":"","overlay-gradient":""},"tablet":{"background-color":"","background-image":"","background-repeat":"repeat","background-position":"center center","background-size":"auto","background-attachment":"scroll","background-type":"","background-media":"","overlay-type":"","overlay-color":"","overlay-opacity":"","overlay-gradient":""},"mobile":{"background-color":"","background-image":"","background-repeat":"repeat","background-position":"center center","background-size":"auto","background-attachment":"scroll","background-type":"","background-media":"","overlay-type":"","overlay-color":"","overlay-opacity":"","overlay-gradient":""}},"ast-content-background-meta":{"desktop":{"background-color":"var(--ast-global-color-5)","background-image":"","background-repeat":"repeat","background-position":"center center","background-size":"auto","background-attachment":"scroll","background-type":"","background-media":"","overlay-type":"","overlay-color":"","overlay-opacity":"","overlay-gradient":""},"tablet":{"background-color":"var(--ast-global-color-5)","background-image":"","background-repeat":"repeat","background-position":"center center","background-size":"auto","background-attachment":"scroll","background-type":"","background-media":"","overlay-type":"","overlay-color":"","overlay-opacity":"","overlay-gradient":""},"mobile":{"background-color":"var(--ast-global-color-5)","background-image":"","background-repeat":"repeat","background-position":"center center","background-size":"auto","background-attachment":"scroll","background-type":"","background-media":"","overlay-type":"","overlay-color":"","overlay-opacity":"","overlay-gradient":""}},"footnotes":""},"categories":[4,1,29],"tags":[],"class_list":["post-14517","post","type-post","status-publish","format-standard","has-post-thumbnail","hentry","category-eso-1","category-general","category-portada"],"post_mailing_queue_ids":[],"_links":{"self":[{"href":"https:\/\/agora.xtec.cat\/iesgerbert\/wp-json\/wp\/v2\/posts\/14517","targetHints":{"allow":["GET"]}}],"collection":[{"href":"https:\/\/agora.xtec.cat\/iesgerbert\/wp-json\/wp\/v2\/posts"}],"about":[{"href":"https:\/\/agora.xtec.cat\/iesgerbert\/wp-json\/wp\/v2\/types\/post"}],"author":[{"embeddable":true,"href":"https:\/\/agora.xtec.cat\/iesgerbert\/wp-json\/wp\/v2\/users\/18"}],"replies":[{"embeddable":true,"href":"https:\/\/agora.xtec.cat\/iesgerbert\/wp-json\/wp\/v2\/comments?post=14517"}],"version-history":[{"count":1,"href":"https:\/\/agora.xtec.cat\/iesgerbert\/wp-json\/wp\/v2\/posts\/14517\/revisions"}],"predecessor-version":[{"id":14520,"href":"https:\/\/agora.xtec.cat\/iesgerbert\/wp-json\/wp\/v2\/posts\/14517\/revisions\/14520"}],"wp:featuredmedia":[{"embeddable":true,"href":"https:\/\/agora.xtec.cat\/iesgerbert\/wp-json\/wp\/v2\/media\/14521"}],"wp:attachment":[{"href":"https:\/\/agora.xtec.cat\/iesgerbert\/wp-json\/wp\/v2\/media?parent=14517"}],"wp:term":[{"taxonomy":"category","embeddable":true,"href":"https:\/\/agora.xtec.cat\/iesgerbert\/wp-json\/wp\/v2\/categories?post=14517"},{"taxonomy":"post_tag","embeddable":true,"href":"https:\/\/agora.xtec.cat\/iesgerbert\/wp-json\/wp\/v2\/tags?post=14517"}],"curies":[{"name":"wp","href":"https:\/\/api.w.org\/{rel}","templated":true}]}}