{"id":14063,"date":"2026-02-16T16:57:15","date_gmt":"2026-02-16T15:57:15","guid":{"rendered":"https:\/\/agora.xtec.cat\/iesgerbert\/?p=14063"},"modified":"2026-02-16T17:02:38","modified_gmt":"2026-02-16T16:02:38","slug":"el-nostre-debut-a-la-festa-de-larros","status":"publish","type":"post","link":"https:\/\/agora.xtec.cat\/iesgerbert\/general\/el-nostre-debut-a-la-festa-de-larros\/","title":{"rendered":"EL NOSTRE DEBUT A LA FESTA DE L\u2019ARR\u00d2S"},"content":{"rendered":"\n<p>Aquest diumenge 15 de febrer, els i les alumnes del PFI de Cuina i Restauraci\u00f3 es van estrenar al Concurs d&#8217;Arr\u00f2s de Sant Fruit\u00f3s de Bages.<\/p>\n\n\n\n<p>Van presentar una paella valenciana aut\u00e8ntica, feta amb la recepta del nostre company Rafa. All\u00e0, entre fogons i gent, van posar en pr\u00e0ctica tot el que hav\u00edem apr\u00e8s i vam demostrar que l\u2019alumnat del PFI estan preparats per aquests reptes.<\/p>\n\n\n\n<p>Enhorabona a tots els nois i noies del PFI per l\u2019esfor\u00e7 i la il\u00b7lusi\u00f3 posats en aquest projecte, que ha estat la nostra millor carta de presentaci\u00f3 a Sant Fruit\u00f3s.<\/p>\n\n\n\n<p><strong>Sandra S\u00e1nchez, tutora del PFI<\/strong><\/p>\n\n\n\n<div class=\"wp-block-getwid-images-slider has-arrows-inside has-dots-inside has-images-center\"><div class=\"wp-block-getwid-images-slider__wrapper\" data-effect=\"slide\" data-slides-show=\"1\" data-slides-show-laptop=\"1\" data-slides-show-tablet=\"1\" data-slides-show-mobile=\"1\" data-slides-scroll=\"1\" data-autoplay=\"false\" data-pause-hover=\"false\" data-autoplay-speed=\"6000\" data-infinite=\"true\" data-animation-speed=\"800\" data-center-mode=\"false\" data-variable-width=\"false\" data-arrows=\"inside\" data-dots=\"inside\" data-spacing=\"none\"><div class=\"wp-block-getwid-images-slider__item\"><figure><img loading=\"lazy\" decoding=\"async\" width=\"1536\" height=\"2048\" src=\"https:\/\/agora.xtec.cat\/iesgerbert\/wp-content\/uploads\/usu668\/2026\/02\/WhatsApp-Image-2026-02-15-at-17.06.58-3.jpeg\" data-id=\"14065\" data-link=\"https:\/\/agora.xtec.cat\/iesgerbert\/general\/el-nostre-debut-a-la-festa-de-larros\/attachment\/whatsapp-image-2026-02-15-at-17-06-58-3\/\" data-original-link=\"https:\/\/agora.xtec.cat\/iesgerbert\/wp-content\/uploads\/usu668\/2026\/02\/WhatsApp-Image-2026-02-15-at-17.06.58-3.jpeg\" class=\"wp-block-getwid-images-slider__image wp-image-14065\" srcset=\"https:\/\/agora.xtec.cat\/iesgerbert\/wp-content\/uploads\/usu668\/2026\/02\/WhatsApp-Image-2026-02-15-at-17.06.58-3.jpeg 1536w, https:\/\/agora.xtec.cat\/iesgerbert\/wp-content\/uploads\/usu668\/2026\/02\/WhatsApp-Image-2026-02-15-at-17.06.58-3-225x300.jpeg 225w, https:\/\/agora.xtec.cat\/iesgerbert\/wp-content\/uploads\/usu668\/2026\/02\/WhatsApp-Image-2026-02-15-at-17.06.58-3-768x1024.jpeg 768w, https:\/\/agora.xtec.cat\/iesgerbert\/wp-content\/uploads\/usu668\/2026\/02\/WhatsApp-Image-2026-02-15-at-17.06.58-3-1152x1536.jpeg 1152w\" sizes=\"auto, (max-width: 1536px) 100vw, 1536px\" \/><\/figure><\/div><div class=\"wp-block-getwid-images-slider__item\"><figure><img loading=\"lazy\" decoding=\"async\" width=\"1536\" height=\"2048\" src=\"https:\/\/agora.xtec.cat\/iesgerbert\/wp-content\/uploads\/usu668\/2026\/02\/WhatsApp-Image-2026-02-15-at-17.06.57.jpeg\" data-id=\"14066\" data-link=\"https:\/\/agora.xtec.cat\/iesgerbert\/general\/el-nostre-debut-a-la-festa-de-larros\/attachment\/whatsapp-image-2026-02-15-at-17-06-57\/\" data-original-link=\"https:\/\/agora.xtec.cat\/iesgerbert\/wp-content\/uploads\/usu668\/2026\/02\/WhatsApp-Image-2026-02-15-at-17.06.57.jpeg\" class=\"wp-block-getwid-images-slider__image wp-image-14066\" srcset=\"https:\/\/agora.xtec.cat\/iesgerbert\/wp-content\/uploads\/usu668\/2026\/02\/WhatsApp-Image-2026-02-15-at-17.06.57.jpeg 1536w, https:\/\/agora.xtec.cat\/iesgerbert\/wp-content\/uploads\/usu668\/2026\/02\/WhatsApp-Image-2026-02-15-at-17.06.57-225x300.jpeg 225w, https:\/\/agora.xtec.cat\/iesgerbert\/wp-content\/uploads\/usu668\/2026\/02\/WhatsApp-Image-2026-02-15-at-17.06.57-768x1024.jpeg 768w, https:\/\/agora.xtec.cat\/iesgerbert\/wp-content\/uploads\/usu668\/2026\/02\/WhatsApp-Image-2026-02-15-at-17.06.57-1152x1536.jpeg 1152w\" sizes=\"auto, (max-width: 1536px) 100vw, 1536px\" \/><\/figure><\/div><div class=\"wp-block-getwid-images-slider__item\"><figure><img loading=\"lazy\" decoding=\"async\" width=\"1536\" height=\"2048\" src=\"https:\/\/agora.xtec.cat\/iesgerbert\/wp-content\/uploads\/usu668\/2026\/02\/WhatsApp-Image-2026-02-15-at-17.06.59-5.jpeg\" data-id=\"14068\" data-link=\"https:\/\/agora.xtec.cat\/iesgerbert\/general\/el-nostre-debut-a-la-festa-de-larros\/attachment\/whatsapp-image-2026-02-15-at-17-06-59-5\/\" data-original-link=\"https:\/\/agora.xtec.cat\/iesgerbert\/wp-content\/uploads\/usu668\/2026\/02\/WhatsApp-Image-2026-02-15-at-17.06.59-5.jpeg\" class=\"wp-block-getwid-images-slider__image wp-image-14068\" srcset=\"https:\/\/agora.xtec.cat\/iesgerbert\/wp-content\/uploads\/usu668\/2026\/02\/WhatsApp-Image-2026-02-15-at-17.06.59-5.jpeg 1536w, https:\/\/agora.xtec.cat\/iesgerbert\/wp-content\/uploads\/usu668\/2026\/02\/WhatsApp-Image-2026-02-15-at-17.06.59-5-225x300.jpeg 225w, https:\/\/agora.xtec.cat\/iesgerbert\/wp-content\/uploads\/usu668\/2026\/02\/WhatsApp-Image-2026-02-15-at-17.06.59-5-768x1024.jpeg 768w, https:\/\/agora.xtec.cat\/iesgerbert\/wp-content\/uploads\/usu668\/2026\/02\/WhatsApp-Image-2026-02-15-at-17.06.59-5-1152x1536.jpeg 1152w\" sizes=\"auto, (max-width: 1536px) 100vw, 1536px\" \/><\/figure><\/div><div class=\"wp-block-getwid-images-slider__item\"><figure><img loading=\"lazy\" decoding=\"async\" width=\"1536\" height=\"2048\" src=\"https:\/\/agora.xtec.cat\/iesgerbert\/wp-content\/uploads\/usu668\/2026\/02\/WhatsApp-Image-2026-02-15-at-17.06.59-3.jpeg\" data-id=\"14069\" data-link=\"https:\/\/agora.xtec.cat\/iesgerbert\/general\/el-nostre-debut-a-la-festa-de-larros\/attachment\/whatsapp-image-2026-02-15-at-17-06-59-3\/\" data-original-link=\"https:\/\/agora.xtec.cat\/iesgerbert\/wp-content\/uploads\/usu668\/2026\/02\/WhatsApp-Image-2026-02-15-at-17.06.59-3.jpeg\" class=\"wp-block-getwid-images-slider__image wp-image-14069\" srcset=\"https:\/\/agora.xtec.cat\/iesgerbert\/wp-content\/uploads\/usu668\/2026\/02\/WhatsApp-Image-2026-02-15-at-17.06.59-3.jpeg 1536w, https:\/\/agora.xtec.cat\/iesgerbert\/wp-content\/uploads\/usu668\/2026\/02\/WhatsApp-Image-2026-02-15-at-17.06.59-3-225x300.jpeg 225w, https:\/\/agora.xtec.cat\/iesgerbert\/wp-content\/uploads\/usu668\/2026\/02\/WhatsApp-Image-2026-02-15-at-17.06.59-3-768x1024.jpeg 768w, https:\/\/agora.xtec.cat\/iesgerbert\/wp-content\/uploads\/usu668\/2026\/02\/WhatsApp-Image-2026-02-15-at-17.06.59-3-1152x1536.jpeg 1152w\" sizes=\"auto, (max-width: 1536px) 100vw, 1536px\" \/><\/figure><\/div><div class=\"wp-block-getwid-images-slider__item\"><figure><img loading=\"lazy\" decoding=\"async\" width=\"1536\" height=\"2048\" src=\"https:\/\/agora.xtec.cat\/iesgerbert\/wp-content\/uploads\/usu668\/2026\/02\/WhatsApp-Image-2026-02-15-at-17.06.59-2.jpeg\" data-id=\"14070\" data-link=\"https:\/\/agora.xtec.cat\/iesgerbert\/general\/el-nostre-debut-a-la-festa-de-larros\/attachment\/whatsapp-image-2026-02-15-at-17-06-59-2\/\" data-original-link=\"https:\/\/agora.xtec.cat\/iesgerbert\/wp-content\/uploads\/usu668\/2026\/02\/WhatsApp-Image-2026-02-15-at-17.06.59-2.jpeg\" class=\"wp-block-getwid-images-slider__image wp-image-14070\" srcset=\"https:\/\/agora.xtec.cat\/iesgerbert\/wp-content\/uploads\/usu668\/2026\/02\/WhatsApp-Image-2026-02-15-at-17.06.59-2.jpeg 1536w, https:\/\/agora.xtec.cat\/iesgerbert\/wp-content\/uploads\/usu668\/2026\/02\/WhatsApp-Image-2026-02-15-at-17.06.59-2-225x300.jpeg 225w, https:\/\/agora.xtec.cat\/iesgerbert\/wp-content\/uploads\/usu668\/2026\/02\/WhatsApp-Image-2026-02-15-at-17.06.59-2-768x1024.jpeg 768w, https:\/\/agora.xtec.cat\/iesgerbert\/wp-content\/uploads\/usu668\/2026\/02\/WhatsApp-Image-2026-02-15-at-17.06.59-2-1152x1536.jpeg 1152w\" sizes=\"auto, (max-width: 1536px) 100vw, 1536px\" \/><\/figure><\/div><div class=\"wp-block-getwid-images-slider__item\"><figure><img loading=\"lazy\" decoding=\"async\" width=\"1536\" height=\"2048\" src=\"https:\/\/agora.xtec.cat\/iesgerbert\/wp-content\/uploads\/usu668\/2026\/02\/WhatsApp-Image-2026-02-15-at-17.06.59-1.jpeg\" data-id=\"14071\" data-link=\"https:\/\/agora.xtec.cat\/iesgerbert\/general\/el-nostre-debut-a-la-festa-de-larros\/attachment\/whatsapp-image-2026-02-15-at-17-06-59-1\/\" data-original-link=\"https:\/\/agora.xtec.cat\/iesgerbert\/wp-content\/uploads\/usu668\/2026\/02\/WhatsApp-Image-2026-02-15-at-17.06.59-1.jpeg\" class=\"wp-block-getwid-images-slider__image wp-image-14071\" srcset=\"https:\/\/agora.xtec.cat\/iesgerbert\/wp-content\/uploads\/usu668\/2026\/02\/WhatsApp-Image-2026-02-15-at-17.06.59-1.jpeg 1536w, https:\/\/agora.xtec.cat\/iesgerbert\/wp-content\/uploads\/usu668\/2026\/02\/WhatsApp-Image-2026-02-15-at-17.06.59-1-225x300.jpeg 225w, https:\/\/agora.xtec.cat\/iesgerbert\/wp-content\/uploads\/usu668\/2026\/02\/WhatsApp-Image-2026-02-15-at-17.06.59-1-768x1024.jpeg 768w, https:\/\/agora.xtec.cat\/iesgerbert\/wp-content\/uploads\/usu668\/2026\/02\/WhatsApp-Image-2026-02-15-at-17.06.59-1-1152x1536.jpeg 1152w\" sizes=\"auto, (max-width: 1536px) 100vw, 1536px\" \/><\/figure><\/div><div class=\"wp-block-getwid-images-slider__item\"><figure><img loading=\"lazy\" decoding=\"async\" width=\"1536\" height=\"2048\" src=\"https:\/\/agora.xtec.cat\/iesgerbert\/wp-content\/uploads\/usu668\/2026\/02\/WhatsApp-Image-2026-02-15-at-17.06.59-4.jpeg\" data-id=\"14072\" data-link=\"https:\/\/agora.xtec.cat\/iesgerbert\/general\/el-nostre-debut-a-la-festa-de-larros\/attachment\/whatsapp-image-2026-02-15-at-17-06-59-4\/\" data-original-link=\"https:\/\/agora.xtec.cat\/iesgerbert\/wp-content\/uploads\/usu668\/2026\/02\/WhatsApp-Image-2026-02-15-at-17.06.59-4.jpeg\" class=\"wp-block-getwid-images-slider__image wp-image-14072\" srcset=\"https:\/\/agora.xtec.cat\/iesgerbert\/wp-content\/uploads\/usu668\/2026\/02\/WhatsApp-Image-2026-02-15-at-17.06.59-4.jpeg 1536w, https:\/\/agora.xtec.cat\/iesgerbert\/wp-content\/uploads\/usu668\/2026\/02\/WhatsApp-Image-2026-02-15-at-17.06.59-4-225x300.jpeg 225w, https:\/\/agora.xtec.cat\/iesgerbert\/wp-content\/uploads\/usu668\/2026\/02\/WhatsApp-Image-2026-02-15-at-17.06.59-4-768x1024.jpeg 768w, https:\/\/agora.xtec.cat\/iesgerbert\/wp-content\/uploads\/usu668\/2026\/02\/WhatsApp-Image-2026-02-15-at-17.06.59-4-1152x1536.jpeg 1152w\" sizes=\"auto, (max-width: 1536px) 100vw, 1536px\" \/><\/figure><\/div><div class=\"wp-block-getwid-images-slider__item\"><figure><img loading=\"lazy\" decoding=\"async\" width=\"1536\" height=\"2048\" src=\"https:\/\/agora.xtec.cat\/iesgerbert\/wp-content\/uploads\/usu668\/2026\/02\/WhatsApp-Image-2026-02-15-at-17.06.59.jpeg\" data-id=\"14073\" data-link=\"https:\/\/agora.xtec.cat\/iesgerbert\/general\/el-nostre-debut-a-la-festa-de-larros\/attachment\/whatsapp-image-2026-02-15-at-17-06-59\/\" data-original-link=\"https:\/\/agora.xtec.cat\/iesgerbert\/wp-content\/uploads\/usu668\/2026\/02\/WhatsApp-Image-2026-02-15-at-17.06.59.jpeg\" class=\"wp-block-getwid-images-slider__image wp-image-14073\" srcset=\"https:\/\/agora.xtec.cat\/iesgerbert\/wp-content\/uploads\/usu668\/2026\/02\/WhatsApp-Image-2026-02-15-at-17.06.59.jpeg 1536w, https:\/\/agora.xtec.cat\/iesgerbert\/wp-content\/uploads\/usu668\/2026\/02\/WhatsApp-Image-2026-02-15-at-17.06.59-225x300.jpeg 225w, https:\/\/agora.xtec.cat\/iesgerbert\/wp-content\/uploads\/usu668\/2026\/02\/WhatsApp-Image-2026-02-15-at-17.06.59-768x1024.jpeg 768w, https:\/\/agora.xtec.cat\/iesgerbert\/wp-content\/uploads\/usu668\/2026\/02\/WhatsApp-Image-2026-02-15-at-17.06.59-1152x1536.jpeg 1152w\" sizes=\"auto, (max-width: 1536px) 100vw, 1536px\" \/><\/figure><\/div><div class=\"wp-block-getwid-images-slider__item\"><figure><img loading=\"lazy\" decoding=\"async\" width=\"1536\" height=\"2048\" src=\"https:\/\/agora.xtec.cat\/iesgerbert\/wp-content\/uploads\/usu668\/2026\/02\/WhatsApp-Image-2026-02-15-at-17.06.58.jpeg\" data-id=\"14074\" data-link=\"https:\/\/agora.xtec.cat\/iesgerbert\/general\/el-nostre-debut-a-la-festa-de-larros\/attachment\/whatsapp-image-2026-02-15-at-17-06-58\/\" data-original-link=\"https:\/\/agora.xtec.cat\/iesgerbert\/wp-content\/uploads\/usu668\/2026\/02\/WhatsApp-Image-2026-02-15-at-17.06.58.jpeg\" class=\"wp-block-getwid-images-slider__image wp-image-14074\" srcset=\"https:\/\/agora.xtec.cat\/iesgerbert\/wp-content\/uploads\/usu668\/2026\/02\/WhatsApp-Image-2026-02-15-at-17.06.58.jpeg 1536w, https:\/\/agora.xtec.cat\/iesgerbert\/wp-content\/uploads\/usu668\/2026\/02\/WhatsApp-Image-2026-02-15-at-17.06.58-225x300.jpeg 225w, https:\/\/agora.xtec.cat\/iesgerbert\/wp-content\/uploads\/usu668\/2026\/02\/WhatsApp-Image-2026-02-15-at-17.06.58-768x1024.jpeg 768w, https:\/\/agora.xtec.cat\/iesgerbert\/wp-content\/uploads\/usu668\/2026\/02\/WhatsApp-Image-2026-02-15-at-17.06.58-1152x1536.jpeg 1152w\" sizes=\"auto, (max-width: 1536px) 100vw, 1536px\" \/><\/figure><\/div><div class=\"wp-block-getwid-images-slider__item\"><figure><img loading=\"lazy\" decoding=\"async\" width=\"1536\" height=\"2048\" src=\"https:\/\/agora.xtec.cat\/iesgerbert\/wp-content\/uploads\/usu668\/2026\/02\/WhatsApp-Image-2026-02-15-at-17.06.59-6.jpeg\" data-id=\"14075\" data-link=\"https:\/\/agora.xtec.cat\/iesgerbert\/general\/el-nostre-debut-a-la-festa-de-larros\/attachment\/whatsapp-image-2026-02-15-at-17-06-59-6\/\" data-original-link=\"https:\/\/agora.xtec.cat\/iesgerbert\/wp-content\/uploads\/usu668\/2026\/02\/WhatsApp-Image-2026-02-15-at-17.06.59-6.jpeg\" class=\"wp-block-getwid-images-slider__image wp-image-14075\" srcset=\"https:\/\/agora.xtec.cat\/iesgerbert\/wp-content\/uploads\/usu668\/2026\/02\/WhatsApp-Image-2026-02-15-at-17.06.59-6.jpeg 1536w, https:\/\/agora.xtec.cat\/iesgerbert\/wp-content\/uploads\/usu668\/2026\/02\/WhatsApp-Image-2026-02-15-at-17.06.59-6-225x300.jpeg 225w, https:\/\/agora.xtec.cat\/iesgerbert\/wp-content\/uploads\/usu668\/2026\/02\/WhatsApp-Image-2026-02-15-at-17.06.59-6-768x1024.jpeg 768w, https:\/\/agora.xtec.cat\/iesgerbert\/wp-content\/uploads\/usu668\/2026\/02\/WhatsApp-Image-2026-02-15-at-17.06.59-6-1152x1536.jpeg 1152w\" sizes=\"auto, (max-width: 1536px) 100vw, 1536px\" \/><\/figure><\/div><\/div><\/div>\n","protected":false},"excerpt":{"rendered":"<p>Aquest diumenge 15 de febrer, els i les alumnes del PFI de Cuina i Restauraci\u00f3 es van estrenar al Concurs d&#8217;Arr\u00f2s de Sant Fruit\u00f3s de Bages. Van presentar una paella valenciana aut\u00e8ntica, feta amb la recepta del nostre company Rafa. All\u00e0, entre fogons i gent, van posar en pr\u00e0ctica tot el que hav\u00edem apr\u00e8s i [&hellip;]<\/p>\n","protected":false},"author":18,"featured_media":14064,"comment_status":"open","ping_status":"open","sticky":false,"template":"","format":"standard","meta":{"_bbp_topic_count":0,"_bbp_reply_count":0,"_bbp_total_topic_count":0,"_bbp_total_reply_count":0,"_bbp_voice_count":0,"_bbp_anonymous_reply_count":0,"_bbp_topic_count_hidden":0,"_bbp_reply_count_hidden":0,"_bbp_forum_subforum_count":0,"site-sidebar-layout":"default","site-content-layout":"","ast-site-content-layout":"default","site-content-style":"default","site-sidebar-style":"default","ast-global-header-display":"","ast-banner-title-visibility":"","ast-main-header-display":"","ast-hfb-above-header-display":"","ast-hfb-below-header-display":"","ast-hfb-mobile-header-display":"","site-post-title":"","ast-breadcrumbs-content":"","ast-featured-img":"","footer-sml-layout":"","theme-transparent-header-meta":"","adv-header-id-meta":"","stick-header-meta":"","header-above-stick-meta":"","header-main-stick-meta":"","header-below-stick-meta":"","astra-migrate-meta-layouts":"set","ast-page-background-enabled":"default","ast-page-background-meta":{"desktop":{"background-color":"var(--ast-global-color-4)","background-image":"","background-repeat":"repeat","background-position":"center center","background-size":"auto","background-attachment":"scroll","background-type":"","background-media":"","overlay-type":"","overlay-color":"","overlay-opacity":"","overlay-gradient":""},"tablet":{"background-color":"","background-image":"","background-repeat":"repeat","background-position":"center center","background-size":"auto","background-attachment":"scroll","background-type":"","background-media":"","overlay-type":"","overlay-color":"","overlay-opacity":"","overlay-gradient":""},"mobile":{"background-color":"","background-image":"","background-repeat":"repeat","background-position":"center center","background-size":"auto","background-attachment":"scroll","background-type":"","background-media":"","overlay-type":"","overlay-color":"","overlay-opacity":"","overlay-gradient":""}},"ast-content-background-meta":{"desktop":{"background-color":"var(--ast-global-color-5)","background-image":"","background-repeat":"repeat","background-position":"center center","background-size":"auto","background-attachment":"scroll","background-type":"","background-media":"","overlay-type":"","overlay-color":"","overlay-opacity":"","overlay-gradient":""},"tablet":{"background-color":"var(--ast-global-color-5)","background-image":"","background-repeat":"repeat","background-position":"center center","background-size":"auto","background-attachment":"scroll","background-type":"","background-media":"","overlay-type":"","overlay-color":"","overlay-opacity":"","overlay-gradient":""},"mobile":{"background-color":"var(--ast-global-color-5)","background-image":"","background-repeat":"repeat","background-position":"center center","background-size":"auto","background-attachment":"scroll","background-type":"","background-media":"","overlay-type":"","overlay-color":"","overlay-opacity":"","overlay-gradient":""}},"footnotes":""},"categories":[1,30,29],"tags":[],"class_list":["post-14063","post","type-post","status-publish","format-standard","has-post-thumbnail","hentry","category-general","category-programa-formacio-insercio","category-portada"],"post_mailing_queue_ids":[],"_links":{"self":[{"href":"https:\/\/agora.xtec.cat\/iesgerbert\/wp-json\/wp\/v2\/posts\/14063","targetHints":{"allow":["GET"]}}],"collection":[{"href":"https:\/\/agora.xtec.cat\/iesgerbert\/wp-json\/wp\/v2\/posts"}],"about":[{"href":"https:\/\/agora.xtec.cat\/iesgerbert\/wp-json\/wp\/v2\/types\/post"}],"author":[{"embeddable":true,"href":"https:\/\/agora.xtec.cat\/iesgerbert\/wp-json\/wp\/v2\/users\/18"}],"replies":[{"embeddable":true,"href":"https:\/\/agora.xtec.cat\/iesgerbert\/wp-json\/wp\/v2\/comments?post=14063"}],"version-history":[{"count":5,"href":"https:\/\/agora.xtec.cat\/iesgerbert\/wp-json\/wp\/v2\/posts\/14063\/revisions"}],"predecessor-version":[{"id":14080,"href":"https:\/\/agora.xtec.cat\/iesgerbert\/wp-json\/wp\/v2\/posts\/14063\/revisions\/14080"}],"wp:featuredmedia":[{"embeddable":true,"href":"https:\/\/agora.xtec.cat\/iesgerbert\/wp-json\/wp\/v2\/media\/14064"}],"wp:attachment":[{"href":"https:\/\/agora.xtec.cat\/iesgerbert\/wp-json\/wp\/v2\/media?parent=14063"}],"wp:term":[{"taxonomy":"category","embeddable":true,"href":"https:\/\/agora.xtec.cat\/iesgerbert\/wp-json\/wp\/v2\/categories?post=14063"},{"taxonomy":"post_tag","embeddable":true,"href":"https:\/\/agora.xtec.cat\/iesgerbert\/wp-json\/wp\/v2\/tags?post=14063"}],"curies":[{"name":"wp","href":"https:\/\/api.w.org\/{rel}","templated":true}]}}