{"id":13596,"date":"2025-11-10T12:00:24","date_gmt":"2025-11-10T11:00:24","guid":{"rendered":"https:\/\/agora.xtec.cat\/iesgerbert\/?p=13596"},"modified":"2025-11-10T12:00:24","modified_gmt":"2025-11-10T11:00:24","slug":"xerrada-ambaixadors-de-la-ciencia","status":"publish","type":"post","link":"https:\/\/agora.xtec.cat\/iesgerbert\/general\/xerrada-ambaixadors-de-la-ciencia\/","title":{"rendered":"XERRADA \u201cAMBAIXADORS DE LA CI\u00c8NCIA\u201d"},"content":{"rendered":"<p style=\"text-align: justify;\"><span style=\"font-weight: 400;\">El passat divendres, l\u2019alumnat de Biomedicina de 1r de Batxillerat va assistir a la xerrada <\/span><b>\u201cAmbaixadors de la Ci\u00e8ncia\u201d<\/b><span style=\"font-weight: 400;\">, a c\u00e0rrec de la <\/span><b>Magal\u00ed<\/b><span style=\"font-weight: 400;\">, una cient\u00edfica especialitzada en el camp de la biomedicina. Durant la sessi\u00f3, ens va parlar sobre el seu \u00e0mbit d\u2019estudi, la seva traject\u00f2ria professional i els <\/span><b>projectes de la Fundaci\u00f3 Catalunya La Pedrera<\/b><span style=\"font-weight: 400;\">, destinats a <\/span><b>fomentar el talent i les vocacions cient\u00edfiques<\/b><span style=\"font-weight: 400;\"> entre els joves.<\/span><\/p>\n<p><strong>Carola Montagut, professora de ci\u00e8ncies<\/strong><\/p>\n<p><a href=\"https:\/\/agora.xtec.cat\/iesgerbert\/wp-content\/uploads\/usu668\/2025\/11\/IMG-4551_11zon-scaled.jpg\"><img loading=\"lazy\" decoding=\"async\" class=\" wp-image-13597 alignleft\" src=\"https:\/\/agora.xtec.cat\/iesgerbert\/wp-content\/uploads\/usu668\/2025\/11\/IMG-4551_11zon-scaled.jpg\" alt=\"\" width=\"598\" height=\"449\" srcset=\"https:\/\/agora.xtec.cat\/iesgerbert\/wp-content\/uploads\/usu668\/2025\/11\/IMG-4551_11zon-scaled.jpg 2560w, https:\/\/agora.xtec.cat\/iesgerbert\/wp-content\/uploads\/usu668\/2025\/11\/IMG-4551_11zon-300x225.jpg 300w, https:\/\/agora.xtec.cat\/iesgerbert\/wp-content\/uploads\/usu668\/2025\/11\/IMG-4551_11zon-1024x768.jpg 1024w, https:\/\/agora.xtec.cat\/iesgerbert\/wp-content\/uploads\/usu668\/2025\/11\/IMG-4551_11zon-768x576.jpg 768w, https:\/\/agora.xtec.cat\/iesgerbert\/wp-content\/uploads\/usu668\/2025\/11\/IMG-4551_11zon-1536x1152.jpg 1536w, https:\/\/agora.xtec.cat\/iesgerbert\/wp-content\/uploads\/usu668\/2025\/11\/IMG-4551_11zon-2048x1536.jpg 2048w, https:\/\/agora.xtec.cat\/iesgerbert\/wp-content\/uploads\/usu668\/2025\/11\/IMG-4551_11zon-200x150.jpg 200w\" sizes=\"auto, (max-width: 598px) 100vw, 598px\" \/><\/a> <a href=\"https:\/\/agora.xtec.cat\/iesgerbert\/wp-content\/uploads\/usu668\/2025\/11\/IMG-4552_11zon-scaled.jpg\"><img loading=\"lazy\" decoding=\"async\" class=\" wp-image-13598 alignleft\" src=\"https:\/\/agora.xtec.cat\/iesgerbert\/wp-content\/uploads\/usu668\/2025\/11\/IMG-4552_11zon-scaled.jpg\" alt=\"\" width=\"597\" height=\"448\" srcset=\"https:\/\/agora.xtec.cat\/iesgerbert\/wp-content\/uploads\/usu668\/2025\/11\/IMG-4552_11zon-scaled.jpg 2560w, https:\/\/agora.xtec.cat\/iesgerbert\/wp-content\/uploads\/usu668\/2025\/11\/IMG-4552_11zon-300x225.jpg 300w, https:\/\/agora.xtec.cat\/iesgerbert\/wp-content\/uploads\/usu668\/2025\/11\/IMG-4552_11zon-1024x768.jpg 1024w, https:\/\/agora.xtec.cat\/iesgerbert\/wp-content\/uploads\/usu668\/2025\/11\/IMG-4552_11zon-768x576.jpg 768w, https:\/\/agora.xtec.cat\/iesgerbert\/wp-content\/uploads\/usu668\/2025\/11\/IMG-4552_11zon-1536x1152.jpg 1536w, https:\/\/agora.xtec.cat\/iesgerbert\/wp-content\/uploads\/usu668\/2025\/11\/IMG-4552_11zon-2048x1536.jpg 2048w, https:\/\/agora.xtec.cat\/iesgerbert\/wp-content\/uploads\/usu668\/2025\/11\/IMG-4552_11zon-200x150.jpg 200w\" sizes=\"auto, (max-width: 597px) 100vw, 597px\" \/><\/a><\/p>\n<p><!--a=1--><\/p>\n","protected":false},"excerpt":{"rendered":"<p>El passat divendres, l\u2019alumnat de Biomedicina de 1r de Batxillerat va assistir a la xerrada \u201cAmbaixadors de la Ci\u00e8ncia\u201d, a c\u00e0rrec de la Magal\u00ed, una cient\u00edfica especialitzada en el camp de la biomedicina. Durant la sessi\u00f3, ens va parlar sobre el seu \u00e0mbit d\u2019estudi, la seva traject\u00f2ria professional i els projectes de la Fundaci\u00f3 Catalunya [&hellip;]<\/p>\n","protected":false},"author":18,"featured_media":13598,"comment_status":"open","ping_status":"open","sticky":false,"template":"","format":"standard","meta":{"_bbp_topic_count":0,"_bbp_reply_count":0,"_bbp_total_topic_count":0,"_bbp_total_reply_count":0,"_bbp_voice_count":0,"_bbp_anonymous_reply_count":0,"_bbp_topic_count_hidden":0,"_bbp_reply_count_hidden":0,"_bbp_forum_subforum_count":0,"site-sidebar-layout":"default","site-content-layout":"","ast-site-content-layout":"","site-content-style":"default","site-sidebar-style":"default","ast-global-header-display":"","ast-banner-title-visibility":"","ast-main-header-display":"","ast-hfb-above-header-display":"","ast-hfb-below-header-display":"","ast-hfb-mobile-header-display":"","site-post-title":"","ast-breadcrumbs-content":"","ast-featured-img":"","footer-sml-layout":"","theme-transparent-header-meta":"","adv-header-id-meta":"","stick-header-meta":"","header-above-stick-meta":"","header-main-stick-meta":"","header-below-stick-meta":"","astra-migrate-meta-layouts":"default","ast-page-background-enabled":"default","ast-page-background-meta":{"desktop":{"background-color":"var(--ast-global-color-4)","background-image":"","background-repeat":"repeat","background-position":"center center","background-size":"auto","background-attachment":"scroll","background-type":"","background-media":"","overlay-type":"","overlay-color":"","overlay-opacity":"","overlay-gradient":""},"tablet":{"background-color":"","background-image":"","background-repeat":"repeat","background-position":"center center","background-size":"auto","background-attachment":"scroll","background-type":"","background-media":"","overlay-type":"","overlay-color":"","overlay-opacity":"","overlay-gradient":""},"mobile":{"background-color":"","background-image":"","background-repeat":"repeat","background-position":"center center","background-size":"auto","background-attachment":"scroll","background-type":"","background-media":"","overlay-type":"","overlay-color":"","overlay-opacity":"","overlay-gradient":""}},"ast-content-background-meta":{"desktop":{"background-color":"var(--ast-global-color-5)","background-image":"","background-repeat":"repeat","background-position":"center center","background-size":"auto","background-attachment":"scroll","background-type":"","background-media":"","overlay-type":"","overlay-color":"","overlay-opacity":"","overlay-gradient":""},"tablet":{"background-color":"var(--ast-global-color-5)","background-image":"","background-repeat":"repeat","background-position":"center center","background-size":"auto","background-attachment":"scroll","background-type":"","background-media":"","overlay-type":"","overlay-color":"","overlay-opacity":"","overlay-gradient":""},"mobile":{"background-color":"var(--ast-global-color-5)","background-image":"","background-repeat":"repeat","background-position":"center center","background-size":"auto","background-attachment":"scroll","background-type":"","background-media":"","overlay-type":"","overlay-color":"","overlay-opacity":"","overlay-gradient":""}},"footnotes":""},"categories":[97,1,29],"tags":[],"class_list":["post-13596","post","type-post","status-publish","format-standard","has-post-thumbnail","hentry","category-1er-batx","category-general","category-portada"],"post_mailing_queue_ids":[],"_links":{"self":[{"href":"https:\/\/agora.xtec.cat\/iesgerbert\/wp-json\/wp\/v2\/posts\/13596","targetHints":{"allow":["GET"]}}],"collection":[{"href":"https:\/\/agora.xtec.cat\/iesgerbert\/wp-json\/wp\/v2\/posts"}],"about":[{"href":"https:\/\/agora.xtec.cat\/iesgerbert\/wp-json\/wp\/v2\/types\/post"}],"author":[{"embeddable":true,"href":"https:\/\/agora.xtec.cat\/iesgerbert\/wp-json\/wp\/v2\/users\/18"}],"replies":[{"embeddable":true,"href":"https:\/\/agora.xtec.cat\/iesgerbert\/wp-json\/wp\/v2\/comments?post=13596"}],"version-history":[{"count":1,"href":"https:\/\/agora.xtec.cat\/iesgerbert\/wp-json\/wp\/v2\/posts\/13596\/revisions"}],"predecessor-version":[{"id":13599,"href":"https:\/\/agora.xtec.cat\/iesgerbert\/wp-json\/wp\/v2\/posts\/13596\/revisions\/13599"}],"wp:featuredmedia":[{"embeddable":true,"href":"https:\/\/agora.xtec.cat\/iesgerbert\/wp-json\/wp\/v2\/media\/13598"}],"wp:attachment":[{"href":"https:\/\/agora.xtec.cat\/iesgerbert\/wp-json\/wp\/v2\/media?parent=13596"}],"wp:term":[{"taxonomy":"category","embeddable":true,"href":"https:\/\/agora.xtec.cat\/iesgerbert\/wp-json\/wp\/v2\/categories?post=13596"},{"taxonomy":"post_tag","embeddable":true,"href":"https:\/\/agora.xtec.cat\/iesgerbert\/wp-json\/wp\/v2\/tags?post=13596"}],"curies":[{"name":"wp","href":"https:\/\/api.w.org\/{rel}","templated":true}]}}