{"id":12957,"date":"2025-04-25T19:13:52","date_gmt":"2025-04-25T17:13:52","guid":{"rendered":"https:\/\/agora.xtec.cat\/iesgerbert\/?p=12957"},"modified":"2025-04-25T19:16:56","modified_gmt":"2025-04-25T17:16:56","slug":"el-nostre-classic-lintercanvi-amb-chateauroux","status":"publish","type":"post","link":"https:\/\/agora.xtec.cat\/iesgerbert\/general\/el-nostre-classic-lintercanvi-amb-chateauroux\/","title":{"rendered":"EL NOSTRE CL\u00c0SSIC: L&#8217;INTERCANVI AMB CH\u00c2TEAUROUX"},"content":{"rendered":"<p style=\"text-align: justify;\">Un intercanvi que repetim des de fa anys \u00e9s l\u2019intercanvi amb Ch\u00e2teauroux (Fran\u00e7a). Del 20 al 27 de mar\u00e7 el grup de 1r de Batxibac, 6 alumnes de 4t d\u2019ESO de l\u2019INS Gerbert d\u2019Aurillac i 6 de l\u2019INS Navarcles van participar en aquest intercanvi. Aquesta experi\u00e8ncia, en qu\u00e8 l\u2019alumnat s\u2019allotja amb fam\u00edlies, \u00e9s molt enriquidora des del punt de vista personal i cultural. Durant aquella setmana es descobreix un sistema educatiu, aix\u00ed com una altra manera de veure el m\u00f3n. Les visites culturals van ser al castell de Chenonceau, una joia de l\u2019arquitectura que figura entre els m\u00e9s visitats del Loira, i a la ciutat de Bourges que compta amb una imponent catedral i uns carrerons medievals amb molt d\u2019encant. A Tours, un joc de pistes els va fer rec\u00f3rrer aquesta ciutat amb una de les catedrals g\u00f2tiques m\u00e9s impressionants de la regi\u00f3. Pel que fa a l\u2019oci, la jornada a Futuroscope amb els corresponents francesos i franceses ja \u00e9s una visita obligada que convida a compartir bons moments plegats. El comiat va tenir lloc la darrera tarda, en qu\u00e8 l\u2019alumnat de tots dos pa\u00efsos va jugar a les bitlles en un nou espai de Ch\u00e2teauroux.<\/p>\n<p style=\"text-align: justify;\">Aquest intercanvi celebrar\u00e0 el pr\u00f2xim curs els 10 anys i per aquest motiu l\u2019alcalde de Sant Fruit\u00f3s de Bages, Sr. Joan Carles Batan\u00e9s, i el regidor de Sanitat i d\u2019Educaci\u00f3, Sr. David Serrano, van visitar durant dos dies Ch\u00e2teauroux. All\u00e0 van ser rebuts a l\u2019Ajuntament i a l\u2019institut Jean Giraudoux i van presentar una proposta que va captivar l\u2019alumnat dels dos pa\u00efsos: el pr\u00f2xim curs, es reproduir\u00e0 el mural de l\u2019artista Clara Oliveres que figura a l\u2019entrada de l\u2019institut des del 2014 a l\u2019institut franc\u00e8s Jean Giraudoux amb la col\u00b7laboraci\u00f3 de l\u2019alumnat franc\u00e8s i catal\u00e0. Des de l\u2019institut Gerbert d\u2019Aurillac agra\u00efm el suport i la implicaci\u00f3 que sempre hem rebut per part de l\u2019Ajuntament de Sant Fruit\u00f3s, especialment quan rebem l\u2019alumnat estranger, per\u00f2 tamb\u00e9 per haver-nos acompanyat dos cops durant la visita a Fran\u00e7a (el 2018 i el 2025). Desitgem una llarga vida a l\u2019intercanvi amb Ch\u00e2teauroux!<\/p>\n<p><strong>Marina Bonilla, coordinadora Batxibac<\/strong><\/p>\n<p><a href=\"https:\/\/agora.xtec.cat\/iesgerbert\/wp-content\/uploads\/usu668\/2025\/04\/Foto-de-Mireia-Espert1.jpg\"><img loading=\"lazy\" decoding=\"async\" class=\" wp-image-12958 alignleft\" src=\"https:\/\/agora.xtec.cat\/iesgerbert\/wp-content\/uploads\/usu668\/2025\/04\/Foto-de-Mireia-Espert1.jpg\" alt=\"\" width=\"606\" height=\"455\" srcset=\"https:\/\/agora.xtec.cat\/iesgerbert\/wp-content\/uploads\/usu668\/2025\/04\/Foto-de-Mireia-Espert1.jpg 1600w, https:\/\/agora.xtec.cat\/iesgerbert\/wp-content\/uploads\/usu668\/2025\/04\/Foto-de-Mireia-Espert1-300x225.jpg 300w, https:\/\/agora.xtec.cat\/iesgerbert\/wp-content\/uploads\/usu668\/2025\/04\/Foto-de-Mireia-Espert1-1024x768.jpg 1024w, https:\/\/agora.xtec.cat\/iesgerbert\/wp-content\/uploads\/usu668\/2025\/04\/Foto-de-Mireia-Espert1-768x576.jpg 768w, https:\/\/agora.xtec.cat\/iesgerbert\/wp-content\/uploads\/usu668\/2025\/04\/Foto-de-Mireia-Espert1-1536x1152.jpg 1536w, https:\/\/agora.xtec.cat\/iesgerbert\/wp-content\/uploads\/usu668\/2025\/04\/Foto-de-Mireia-Espert1-200x150.jpg 200w\" sizes=\"auto, (max-width: 606px) 100vw, 606px\" \/><\/a> <a href=\"https:\/\/agora.xtec.cat\/iesgerbert\/wp-content\/uploads\/usu668\/2025\/04\/Foto-de-Mireia-Espert.jpg\"><img loading=\"lazy\" decoding=\"async\" class=\" wp-image-12960 alignleft\" src=\"https:\/\/agora.xtec.cat\/iesgerbert\/wp-content\/uploads\/usu668\/2025\/04\/Foto-de-Mireia-Espert.jpg\" alt=\"\" width=\"605\" height=\"293\" srcset=\"https:\/\/agora.xtec.cat\/iesgerbert\/wp-content\/uploads\/usu668\/2025\/04\/Foto-de-Mireia-Espert.jpg 1600w, https:\/\/agora.xtec.cat\/iesgerbert\/wp-content\/uploads\/usu668\/2025\/04\/Foto-de-Mireia-Espert-300x145.jpg 300w, https:\/\/agora.xtec.cat\/iesgerbert\/wp-content\/uploads\/usu668\/2025\/04\/Foto-de-Mireia-Espert-1024x495.jpg 1024w, https:\/\/agora.xtec.cat\/iesgerbert\/wp-content\/uploads\/usu668\/2025\/04\/Foto-de-Mireia-Espert-768x372.jpg 768w, https:\/\/agora.xtec.cat\/iesgerbert\/wp-content\/uploads\/usu668\/2025\/04\/Foto-de-Mireia-Espert-1536x743.jpg 1536w\" sizes=\"auto, (max-width: 605px) 100vw, 605px\" \/><\/a> <a href=\"https:\/\/agora.xtec.cat\/iesgerbert\/wp-content\/uploads\/usu668\/2025\/04\/Foto-de-Mireia-Espert2.jpg\"><img loading=\"lazy\" decoding=\"async\" class=\" wp-image-12959 alignleft\" src=\"https:\/\/agora.xtec.cat\/iesgerbert\/wp-content\/uploads\/usu668\/2025\/04\/Foto-de-Mireia-Espert2.jpg\" alt=\"\" width=\"605\" height=\"454\" srcset=\"https:\/\/agora.xtec.cat\/iesgerbert\/wp-content\/uploads\/usu668\/2025\/04\/Foto-de-Mireia-Espert2.jpg 1600w, https:\/\/agora.xtec.cat\/iesgerbert\/wp-content\/uploads\/usu668\/2025\/04\/Foto-de-Mireia-Espert2-300x225.jpg 300w, https:\/\/agora.xtec.cat\/iesgerbert\/wp-content\/uploads\/usu668\/2025\/04\/Foto-de-Mireia-Espert2-1024x768.jpg 1024w, https:\/\/agora.xtec.cat\/iesgerbert\/wp-content\/uploads\/usu668\/2025\/04\/Foto-de-Mireia-Espert2-768x576.jpg 768w, https:\/\/agora.xtec.cat\/iesgerbert\/wp-content\/uploads\/usu668\/2025\/04\/Foto-de-Mireia-Espert2-1536x1152.jpg 1536w, https:\/\/agora.xtec.cat\/iesgerbert\/wp-content\/uploads\/usu668\/2025\/04\/Foto-de-Mireia-Espert2-200x150.jpg 200w\" sizes=\"auto, (max-width: 605px) 100vw, 605px\" \/><\/a><\/p>\n<p><!--a=1--><\/p>\n<p><!--a=1--><\/p>\n<p><!--a=1--><\/p>\n","protected":false},"excerpt":{"rendered":"<p>Un intercanvi que repetim des de fa anys \u00e9s l\u2019intercanvi amb Ch\u00e2teauroux (Fran\u00e7a). Del 20 al 27 de mar\u00e7 el grup de 1r de Batxibac, 6 alumnes de 4t d\u2019ESO de l\u2019INS Gerbert d\u2019Aurillac i 6 de l\u2019INS Navarcles van participar en aquest intercanvi. Aquesta experi\u00e8ncia, en qu\u00e8 l\u2019alumnat s\u2019allotja amb fam\u00edlies, \u00e9s molt enriquidora [&hellip;]<\/p>\n","protected":false},"author":18,"featured_media":12959,"comment_status":"open","ping_status":"closed","sticky":false,"template":"","format":"standard","meta":{"_bbp_topic_count":0,"_bbp_reply_count":0,"_bbp_total_topic_count":0,"_bbp_total_reply_count":0,"_bbp_voice_count":0,"_bbp_anonymous_reply_count":0,"_bbp_topic_count_hidden":0,"_bbp_reply_count_hidden":0,"_bbp_forum_subforum_count":0,"site-sidebar-layout":"default","site-content-layout":"","ast-site-content-layout":"","site-content-style":"default","site-sidebar-style":"default","ast-global-header-display":"","ast-banner-title-visibility":"","ast-main-header-display":"","ast-hfb-above-header-display":"","ast-hfb-below-header-display":"","ast-hfb-mobile-header-display":"","site-post-title":"","ast-breadcrumbs-content":"","ast-featured-img":"","footer-sml-layout":"","theme-transparent-header-meta":"","adv-header-id-meta":"","stick-header-meta":"","header-above-stick-meta":"","header-main-stick-meta":"","header-below-stick-meta":"","astra-migrate-meta-layouts":"default","ast-page-background-enabled":"default","ast-page-background-meta":{"desktop":{"background-color":"var(--ast-global-color-4)","background-image":"","background-repeat":"repeat","background-position":"center center","background-size":"auto","background-attachment":"scroll","background-type":"","background-media":"","overlay-type":"","overlay-color":"","overlay-opacity":"","overlay-gradient":""},"tablet":{"background-color":"","background-image":"","background-repeat":"repeat","background-position":"center center","background-size":"auto","background-attachment":"scroll","background-type":"","background-media":"","overlay-type":"","overlay-color":"","overlay-opacity":"","overlay-gradient":""},"mobile":{"background-color":"","background-image":"","background-repeat":"repeat","background-position":"center center","background-size":"auto","background-attachment":"scroll","background-type":"","background-media":"","overlay-type":"","overlay-color":"","overlay-opacity":"","overlay-gradient":""}},"ast-content-background-meta":{"desktop":{"background-color":"var(--ast-global-color-5)","background-image":"","background-repeat":"repeat","background-position":"center center","background-size":"auto","background-attachment":"scroll","background-type":"","background-media":"","overlay-type":"","overlay-color":"","overlay-opacity":"","overlay-gradient":""},"tablet":{"background-color":"var(--ast-global-color-5)","background-image":"","background-repeat":"repeat","background-position":"center center","background-size":"auto","background-attachment":"scroll","background-type":"","background-media":"","overlay-type":"","overlay-color":"","overlay-opacity":"","overlay-gradient":""},"mobile":{"background-color":"var(--ast-global-color-5)","background-image":"","background-repeat":"repeat","background-position":"center center","background-size":"auto","background-attachment":"scroll","background-type":"","background-media":"","overlay-type":"","overlay-color":"","overlay-opacity":"","overlay-gradient":""}},"footnotes":""},"categories":[99,7,1,29],"tags":[],"class_list":["post-12957","post","type-post","status-publish","format-standard","has-post-thumbnail","hentry","category-batxibac","category-eso-4","category-general","category-portada"],"post_mailing_queue_ids":[],"_links":{"self":[{"href":"https:\/\/agora.xtec.cat\/iesgerbert\/wp-json\/wp\/v2\/posts\/12957","targetHints":{"allow":["GET"]}}],"collection":[{"href":"https:\/\/agora.xtec.cat\/iesgerbert\/wp-json\/wp\/v2\/posts"}],"about":[{"href":"https:\/\/agora.xtec.cat\/iesgerbert\/wp-json\/wp\/v2\/types\/post"}],"author":[{"embeddable":true,"href":"https:\/\/agora.xtec.cat\/iesgerbert\/wp-json\/wp\/v2\/users\/18"}],"replies":[{"embeddable":true,"href":"https:\/\/agora.xtec.cat\/iesgerbert\/wp-json\/wp\/v2\/comments?post=12957"}],"version-history":[{"count":3,"href":"https:\/\/agora.xtec.cat\/iesgerbert\/wp-json\/wp\/v2\/posts\/12957\/revisions"}],"predecessor-version":[{"id":12963,"href":"https:\/\/agora.xtec.cat\/iesgerbert\/wp-json\/wp\/v2\/posts\/12957\/revisions\/12963"}],"wp:featuredmedia":[{"embeddable":true,"href":"https:\/\/agora.xtec.cat\/iesgerbert\/wp-json\/wp\/v2\/media\/12959"}],"wp:attachment":[{"href":"https:\/\/agora.xtec.cat\/iesgerbert\/wp-json\/wp\/v2\/media?parent=12957"}],"wp:term":[{"taxonomy":"category","embeddable":true,"href":"https:\/\/agora.xtec.cat\/iesgerbert\/wp-json\/wp\/v2\/categories?post=12957"},{"taxonomy":"post_tag","embeddable":true,"href":"https:\/\/agora.xtec.cat\/iesgerbert\/wp-json\/wp\/v2\/tags?post=12957"}],"curies":[{"name":"wp","href":"https:\/\/api.w.org\/{rel}","templated":true}]}}