{"id":12908,"date":"2025-04-11T18:07:57","date_gmt":"2025-04-11T16:07:57","guid":{"rendered":"https:\/\/agora.xtec.cat\/iesgerbert\/?p=12908"},"modified":"2025-04-11T18:07:57","modified_gmt":"2025-04-11T16:07:57","slug":"tots-els-colors-del-sant-jordi","status":"publish","type":"post","link":"https:\/\/agora.xtec.cat\/iesgerbert\/general\/tots-els-colors-del-sant-jordi\/","title":{"rendered":"TOTS ELS COLORS DEL SANT JORDI"},"content":{"rendered":"<p style=\"text-align: justify;\"><span style=\"font-weight: 400;\">Al Gerbert ja estem a punt per al Sant Jordi!!! Hem tornat a proposar el concurs de premi dol\u00e7 que consisteix a posar t\u00edtols a obres de poesia visual. A m\u00e9s, l\u2019alumnat de Creaci\u00f3 Liter\u00e0ria ha fet una exposici\u00f3 dels seus poemes visuals; i el nostre aparador literari \u00e9s un festival acolorit de llibres i de treballs de trencad\u00eds dels alumnes de 2n d\u2019ESO d\u2019EVP.\u00a0<\/span><\/p>\n<p style=\"text-align: justify;\"><span style=\"font-weight: 400;\">L\u2019aparador el presideix un drac molt llegit; tamb\u00e9 els s\u00edmbols de l\u2019amor tan propis d\u2019aquesta festa i, \u00e9s clar, la senyera. Per aix\u00f2, hem triat una mostra de llibres que ens parlen de l\u2019amor, de b\u00e8sties i monstres, i dels mateixos llibres i del gust de llegir.<\/span><\/p>\n<p style=\"text-align: justify;\"><span style=\"font-weight: 400;\">No sabem si per Sant Jordi plour\u00e0 o no, per\u00f2 el que s\u00ed que tenim clar \u00e9s que al\u00a0 nostre centre no ser\u00e0 un dia ni gris ni pansit.\u00a0<\/span><\/p>\n<p style=\"text-align: justify;\"><b>Comissi\u00f3 de Pla lector<\/b><\/p>\n<p><a href=\"https:\/\/agora.xtec.cat\/iesgerbert\/wp-content\/uploads\/usu668\/2025\/04\/20250411_113336_2_11zon-scaled.jpg\"><img loading=\"lazy\" decoding=\"async\" class=\" wp-image-12910 alignleft\" src=\"https:\/\/agora.xtec.cat\/iesgerbert\/wp-content\/uploads\/usu668\/2025\/04\/20250411_113336_2_11zon-scaled.jpg\" alt=\"\" width=\"548\" height=\"730\" srcset=\"https:\/\/agora.xtec.cat\/iesgerbert\/wp-content\/uploads\/usu668\/2025\/04\/20250411_113336_2_11zon-scaled.jpg 1920w, https:\/\/agora.xtec.cat\/iesgerbert\/wp-content\/uploads\/usu668\/2025\/04\/20250411_113336_2_11zon-225x300.jpg 225w, https:\/\/agora.xtec.cat\/iesgerbert\/wp-content\/uploads\/usu668\/2025\/04\/20250411_113336_2_11zon-768x1024.jpg 768w, https:\/\/agora.xtec.cat\/iesgerbert\/wp-content\/uploads\/usu668\/2025\/04\/20250411_113336_2_11zon-1152x1536.jpg 1152w, https:\/\/agora.xtec.cat\/iesgerbert\/wp-content\/uploads\/usu668\/2025\/04\/20250411_113336_2_11zon-1536x2048.jpg 1536w\" sizes=\"auto, (max-width: 548px) 100vw, 548px\" \/><\/a> <a href=\"https:\/\/agora.xtec.cat\/iesgerbert\/wp-content\/uploads\/usu668\/2025\/04\/20250411_113331_1_11zon-scaled.jpg\"><img loading=\"lazy\" decoding=\"async\" class=\" wp-image-12909 alignleft\" src=\"https:\/\/agora.xtec.cat\/iesgerbert\/wp-content\/uploads\/usu668\/2025\/04\/20250411_113331_1_11zon-scaled.jpg\" alt=\"\" width=\"547\" height=\"411\" srcset=\"https:\/\/agora.xtec.cat\/iesgerbert\/wp-content\/uploads\/usu668\/2025\/04\/20250411_113331_1_11zon-scaled.jpg 2560w, https:\/\/agora.xtec.cat\/iesgerbert\/wp-content\/uploads\/usu668\/2025\/04\/20250411_113331_1_11zon-300x225.jpg 300w, https:\/\/agora.xtec.cat\/iesgerbert\/wp-content\/uploads\/usu668\/2025\/04\/20250411_113331_1_11zon-1024x768.jpg 1024w, https:\/\/agora.xtec.cat\/iesgerbert\/wp-content\/uploads\/usu668\/2025\/04\/20250411_113331_1_11zon-768x576.jpg 768w, https:\/\/agora.xtec.cat\/iesgerbert\/wp-content\/uploads\/usu668\/2025\/04\/20250411_113331_1_11zon-1536x1152.jpg 1536w, https:\/\/agora.xtec.cat\/iesgerbert\/wp-content\/uploads\/usu668\/2025\/04\/20250411_113331_1_11zon-2048x1536.jpg 2048w, https:\/\/agora.xtec.cat\/iesgerbert\/wp-content\/uploads\/usu668\/2025\/04\/20250411_113331_1_11zon-200x150.jpg 200w\" sizes=\"auto, (max-width: 547px) 100vw, 547px\" \/><\/a><\/p>\n<p><!--a=1--><\/p>\n","protected":false},"excerpt":{"rendered":"<p>Al Gerbert ja estem a punt per al Sant Jordi!!! Hem tornat a proposar el concurs de premi dol\u00e7 que consisteix a posar t\u00edtols a obres de poesia visual. A m\u00e9s, l\u2019alumnat de Creaci\u00f3 Liter\u00e0ria ha fet una exposici\u00f3 dels seus poemes visuals; i el nostre aparador literari \u00e9s un festival acolorit de llibres i [&hellip;]<\/p>\n","protected":false},"author":18,"featured_media":12910,"comment_status":"open","ping_status":"closed","sticky":false,"template":"","format":"standard","meta":{"_bbp_topic_count":0,"_bbp_reply_count":0,"_bbp_total_topic_count":0,"_bbp_total_reply_count":0,"_bbp_voice_count":0,"_bbp_anonymous_reply_count":0,"_bbp_topic_count_hidden":0,"_bbp_reply_count_hidden":0,"_bbp_forum_subforum_count":0,"site-sidebar-layout":"default","site-content-layout":"","ast-site-content-layout":"","site-content-style":"default","site-sidebar-style":"default","ast-global-header-display":"","ast-banner-title-visibility":"","ast-main-header-display":"","ast-hfb-above-header-display":"","ast-hfb-below-header-display":"","ast-hfb-mobile-header-display":"","site-post-title":"","ast-breadcrumbs-content":"","ast-featured-img":"","footer-sml-layout":"","theme-transparent-header-meta":"","adv-header-id-meta":"","stick-header-meta":"","header-above-stick-meta":"","header-main-stick-meta":"","header-below-stick-meta":"","astra-migrate-meta-layouts":"default","ast-page-background-enabled":"default","ast-page-background-meta":{"desktop":{"background-color":"var(--ast-global-color-4)","background-image":"","background-repeat":"repeat","background-position":"center center","background-size":"auto","background-attachment":"scroll","background-type":"","background-media":"","overlay-type":"","overlay-color":"","overlay-opacity":"","overlay-gradient":""},"tablet":{"background-color":"","background-image":"","background-repeat":"repeat","background-position":"center center","background-size":"auto","background-attachment":"scroll","background-type":"","background-media":"","overlay-type":"","overlay-color":"","overlay-opacity":"","overlay-gradient":""},"mobile":{"background-color":"","background-image":"","background-repeat":"repeat","background-position":"center center","background-size":"auto","background-attachment":"scroll","background-type":"","background-media":"","overlay-type":"","overlay-color":"","overlay-opacity":"","overlay-gradient":""}},"ast-content-background-meta":{"desktop":{"background-color":"var(--ast-global-color-5)","background-image":"","background-repeat":"repeat","background-position":"center center","background-size":"auto","background-attachment":"scroll","background-type":"","background-media":"","overlay-type":"","overlay-color":"","overlay-opacity":"","overlay-gradient":""},"tablet":{"background-color":"var(--ast-global-color-5)","background-image":"","background-repeat":"repeat","background-position":"center center","background-size":"auto","background-attachment":"scroll","background-type":"","background-media":"","overlay-type":"","overlay-color":"","overlay-opacity":"","overlay-gradient":""},"mobile":{"background-color":"var(--ast-global-color-5)","background-image":"","background-repeat":"repeat","background-position":"center center","background-size":"auto","background-attachment":"scroll","background-type":"","background-media":"","overlay-type":"","overlay-color":"","overlay-opacity":"","overlay-gradient":""}},"footnotes":""},"categories":[8,5,1,29],"tags":[],"class_list":["post-12908","post","type-post","status-publish","format-standard","has-post-thumbnail","hentry","category-batxillerat","category-eso-2","category-general","category-portada"],"post_mailing_queue_ids":[],"_links":{"self":[{"href":"https:\/\/agora.xtec.cat\/iesgerbert\/wp-json\/wp\/v2\/posts\/12908","targetHints":{"allow":["GET"]}}],"collection":[{"href":"https:\/\/agora.xtec.cat\/iesgerbert\/wp-json\/wp\/v2\/posts"}],"about":[{"href":"https:\/\/agora.xtec.cat\/iesgerbert\/wp-json\/wp\/v2\/types\/post"}],"author":[{"embeddable":true,"href":"https:\/\/agora.xtec.cat\/iesgerbert\/wp-json\/wp\/v2\/users\/18"}],"replies":[{"embeddable":true,"href":"https:\/\/agora.xtec.cat\/iesgerbert\/wp-json\/wp\/v2\/comments?post=12908"}],"version-history":[{"count":1,"href":"https:\/\/agora.xtec.cat\/iesgerbert\/wp-json\/wp\/v2\/posts\/12908\/revisions"}],"predecessor-version":[{"id":12911,"href":"https:\/\/agora.xtec.cat\/iesgerbert\/wp-json\/wp\/v2\/posts\/12908\/revisions\/12911"}],"wp:featuredmedia":[{"embeddable":true,"href":"https:\/\/agora.xtec.cat\/iesgerbert\/wp-json\/wp\/v2\/media\/12910"}],"wp:attachment":[{"href":"https:\/\/agora.xtec.cat\/iesgerbert\/wp-json\/wp\/v2\/media?parent=12908"}],"wp:term":[{"taxonomy":"category","embeddable":true,"href":"https:\/\/agora.xtec.cat\/iesgerbert\/wp-json\/wp\/v2\/categories?post=12908"},{"taxonomy":"post_tag","embeddable":true,"href":"https:\/\/agora.xtec.cat\/iesgerbert\/wp-json\/wp\/v2\/tags?post=12908"}],"curies":[{"name":"wp","href":"https:\/\/api.w.org\/{rel}","templated":true}]}}