{"id":12622,"date":"2025-01-30T18:12:00","date_gmt":"2025-01-30T17:12:00","guid":{"rendered":"https:\/\/agora.xtec.cat\/iesgerbert\/?p=12622"},"modified":"2025-01-30T18:12:00","modified_gmt":"2025-01-30T17:12:00","slug":"commemoracio-en-record-de-les-victimes-de-lholocaust-a-sant-fruitos","status":"publish","type":"post","link":"https:\/\/agora.xtec.cat\/iesgerbert\/general\/commemoracio-en-record-de-les-victimes-de-lholocaust-a-sant-fruitos\/","title":{"rendered":"COMMEMORACI\u00d3 EN RECORD DE LES V\u00cdCTIMES DE L\u2019HOLOCAUST A SANT FRUIT\u00d3S"},"content":{"rendered":"<p style=\"text-align: justify;\"><span style=\"font-weight: 400;\">\u201cLa nostra hist\u00f2ria ha d\u2019anar de boca en boca\u201d. S\u00f3n paraules de la H\u00e9di Fried, supervivent dels camps nazis d\u2019Auschwitz i Bergen-Belsen.<\/span><\/p>\n<p style=\"text-align: justify;\"><span style=\"font-weight: 400;\">Aquest 27 de gener se celebren els 80 anys de l\u2019alliberament d\u2019Auschwitz. I \u00e9s per aquest motiu que hem volgut focalitzar l\u2019acte en les paraules de les persones que van sobreviure dels camps.<\/span><\/p>\n<p style=\"text-align: justify;\"><span style=\"font-weight: 400;\">Us en volem compartir algunes d\u2019aquestes. Fem que la seva hist\u00f2ria vagi de boca en boca.<\/span><\/p>\n<p style=\"text-align: justify;\"><span style=\"font-weight: 400;\">\u201cQuan vam entrar a les barraques, a la paret vam veure escriptura jueva: noms, missatges. Gran part estava en yidish (&#8230;). (&#8230;) hi havia missatges, missatges molt i molt punyents i els noms de les persones. \u201cVam estar aqu\u00ed. Som els \u00faltims. Dieu als altres que ens recordin\u201d. Doris Greenberg (supervivent del camp de concentraci\u00f3 de Ravensbr\u00fcck).<\/span><\/p>\n<p style=\"text-align: justify;\"><span style=\"font-weight: 400;\">\u201cPer qu\u00e8 han volgut matar-me? Jo no he fet res. Nom\u00e9s he nascut a un lloc, a on altres nens neixen, on altres persones treballen\u2026 I a mi m\u2019han volgut matar. Per qu\u00e8?\u201d Siegfried Meir (supervivent del camp de concentraci\u00f3 d\u2019Auschwitz).<\/span><\/p>\n<p style=\"text-align: justify;\"><span style=\"font-weight: 400;\">\u201c(&#8230;) els van fer pujar als camions i ja els tenim alliberats, aquests! (&#8230;) Venen els francesos, igual. Venen els polonesos, igual. Per\u00f2 els espanyols no ten\u00edem pare, ni fill, ni esperit sant. \u00c9rem els hijos de nadie!\u201d Jacint Carri\u00f3 (supervivent dels camps de concentraci\u00f3 de Mauthausen i Gusen).<\/span><\/p>\n<p style=\"text-align: justify;\"><span style=\"font-weight: 400;\">\u201cPer a mi era insuportable sentir que les cambres de gas no havien existit. No nom\u00e9s perqu\u00e8 els van matar sin\u00f3 perqu\u00e8 els van robar tamb\u00e9 la seva mort. Aquesta va ser la meva principal motivaci\u00f3 per comen\u00e7ar a lluitar contra la negaci\u00f3 de l\u2019Holocaust\u201d. Benjamin Orenstein (supervivent dels camps de concentraci\u00f3 d\u2019Auschwitz i Mittelbau-Dora).<\/span><\/p>\n<p style=\"text-align: justify;\"><span style=\"font-weight: 400;\">\u201cFa poc, a Alemanya, vaig veure un jove amb una esv\u00e0stica al bra\u00e7 i aix\u00f2 em va fer esfereir, perqu\u00e8 \u00e9s evident que els moviments neonazis tornen a tenir for\u00e7a\u201d Anna Dabrowska (supervivent del camp de concentraci\u00f3 d\u2019Auschwitz).<\/span><\/p>\n<p><b>Eva Luj\u00e1n, professora de socials<\/b><\/p>\n<p><a href=\"https:\/\/agora.xtec.cat\/iesgerbert\/wp-content\/uploads\/usu668\/2025\/01\/IMG-20250127-WA0032.jpg\"><img loading=\"lazy\" decoding=\"async\" class=\" wp-image-12617 alignleft\" src=\"https:\/\/agora.xtec.cat\/iesgerbert\/wp-content\/uploads\/usu668\/2025\/01\/IMG-20250127-WA0032.jpg\" alt=\"\" width=\"581\" height=\"436\" srcset=\"https:\/\/agora.xtec.cat\/iesgerbert\/wp-content\/uploads\/usu668\/2025\/01\/IMG-20250127-WA0032.jpg 2048w, https:\/\/agora.xtec.cat\/iesgerbert\/wp-content\/uploads\/usu668\/2025\/01\/IMG-20250127-WA0032-300x225.jpg 300w, https:\/\/agora.xtec.cat\/iesgerbert\/wp-content\/uploads\/usu668\/2025\/01\/IMG-20250127-WA0032-1024x768.jpg 1024w, https:\/\/agora.xtec.cat\/iesgerbert\/wp-content\/uploads\/usu668\/2025\/01\/IMG-20250127-WA0032-768x576.jpg 768w, https:\/\/agora.xtec.cat\/iesgerbert\/wp-content\/uploads\/usu668\/2025\/01\/IMG-20250127-WA0032-1536x1152.jpg 1536w, https:\/\/agora.xtec.cat\/iesgerbert\/wp-content\/uploads\/usu668\/2025\/01\/IMG-20250127-WA0032-200x150.jpg 200w\" sizes=\"auto, (max-width: 581px) 100vw, 581px\" \/><\/a> <a href=\"https:\/\/agora.xtec.cat\/iesgerbert\/wp-content\/uploads\/usu668\/2025\/01\/IMG-20250127-WA0004.jpg\"><img loading=\"lazy\" decoding=\"async\" class=\"wp-image-12616 alignleft\" src=\"https:\/\/agora.xtec.cat\/iesgerbert\/wp-content\/uploads\/usu668\/2025\/01\/IMG-20250127-WA0004.jpg\" alt=\"\" width=\"580\" height=\"435\" srcset=\"https:\/\/agora.xtec.cat\/iesgerbert\/wp-content\/uploads\/usu668\/2025\/01\/IMG-20250127-WA0004.jpg 2048w, https:\/\/agora.xtec.cat\/iesgerbert\/wp-content\/uploads\/usu668\/2025\/01\/IMG-20250127-WA0004-300x225.jpg 300w, https:\/\/agora.xtec.cat\/iesgerbert\/wp-content\/uploads\/usu668\/2025\/01\/IMG-20250127-WA0004-1024x768.jpg 1024w, https:\/\/agora.xtec.cat\/iesgerbert\/wp-content\/uploads\/usu668\/2025\/01\/IMG-20250127-WA0004-768x576.jpg 768w, https:\/\/agora.xtec.cat\/iesgerbert\/wp-content\/uploads\/usu668\/2025\/01\/IMG-20250127-WA0004-1536x1152.jpg 1536w, https:\/\/agora.xtec.cat\/iesgerbert\/wp-content\/uploads\/usu668\/2025\/01\/IMG-20250127-WA0004-200x150.jpg 200w\" sizes=\"auto, (max-width: 580px) 100vw, 580px\" \/><\/a><\/p>\n<p>&nbsp;<\/p>\n<p><!--a=1--><\/p>\n<p><!--a=1--><\/p>\n","protected":false},"excerpt":{"rendered":"<p>\u201cLa nostra hist\u00f2ria ha d\u2019anar de boca en boca\u201d. S\u00f3n paraules de la H\u00e9di Fried, supervivent dels camps nazis d\u2019Auschwitz i Bergen-Belsen. Aquest 27 de gener se celebren els 80 anys de l\u2019alliberament d\u2019Auschwitz. I \u00e9s per aquest motiu que hem volgut focalitzar l\u2019acte en les paraules de les persones que van sobreviure dels camps. [&hellip;]<\/p>\n","protected":false},"author":18,"featured_media":12617,"comment_status":"open","ping_status":"closed","sticky":false,"template":"","format":"standard","meta":{"_bbp_topic_count":0,"_bbp_reply_count":0,"_bbp_total_topic_count":0,"_bbp_total_reply_count":0,"_bbp_voice_count":0,"_bbp_anonymous_reply_count":0,"_bbp_topic_count_hidden":0,"_bbp_reply_count_hidden":0,"_bbp_forum_subforum_count":0,"site-sidebar-layout":"default","site-content-layout":"","ast-site-content-layout":"","site-content-style":"default","site-sidebar-style":"default","ast-global-header-display":"","ast-banner-title-visibility":"","ast-main-header-display":"","ast-hfb-above-header-display":"","ast-hfb-below-header-display":"","ast-hfb-mobile-header-display":"","site-post-title":"","ast-breadcrumbs-content":"","ast-featured-img":"","footer-sml-layout":"","theme-transparent-header-meta":"","adv-header-id-meta":"","stick-header-meta":"","header-above-stick-meta":"","header-main-stick-meta":"","header-below-stick-meta":"","astra-migrate-meta-layouts":"default","ast-page-background-enabled":"default","ast-page-background-meta":{"desktop":{"background-color":"var(--ast-global-color-4)","background-image":"","background-repeat":"repeat","background-position":"center center","background-size":"auto","background-attachment":"scroll","background-type":"","background-media":"","overlay-type":"","overlay-color":"","overlay-opacity":"","overlay-gradient":""},"tablet":{"background-color":"","background-image":"","background-repeat":"repeat","background-position":"center center","background-size":"auto","background-attachment":"scroll","background-type":"","background-media":"","overlay-type":"","overlay-color":"","overlay-opacity":"","overlay-gradient":""},"mobile":{"background-color":"","background-image":"","background-repeat":"repeat","background-position":"center center","background-size":"auto","background-attachment":"scroll","background-type":"","background-media":"","overlay-type":"","overlay-color":"","overlay-opacity":"","overlay-gradient":""}},"ast-content-background-meta":{"desktop":{"background-color":"var(--ast-global-color-5)","background-image":"","background-repeat":"repeat","background-position":"center center","background-size":"auto","background-attachment":"scroll","background-type":"","background-media":"","overlay-type":"","overlay-color":"","overlay-opacity":"","overlay-gradient":""},"tablet":{"background-color":"var(--ast-global-color-5)","background-image":"","background-repeat":"repeat","background-position":"center center","background-size":"auto","background-attachment":"scroll","background-type":"","background-media":"","overlay-type":"","overlay-color":"","overlay-opacity":"","overlay-gradient":""},"mobile":{"background-color":"var(--ast-global-color-5)","background-image":"","background-repeat":"repeat","background-position":"center center","background-size":"auto","background-attachment":"scroll","background-type":"","background-media":"","overlay-type":"","overlay-color":"","overlay-opacity":"","overlay-gradient":""}},"footnotes":""},"categories":[97,1,29],"tags":[],"class_list":["post-12622","post","type-post","status-publish","format-standard","has-post-thumbnail","hentry","category-1er-batx","category-general","category-portada"],"post_mailing_queue_ids":[],"_links":{"self":[{"href":"https:\/\/agora.xtec.cat\/iesgerbert\/wp-json\/wp\/v2\/posts\/12622","targetHints":{"allow":["GET"]}}],"collection":[{"href":"https:\/\/agora.xtec.cat\/iesgerbert\/wp-json\/wp\/v2\/posts"}],"about":[{"href":"https:\/\/agora.xtec.cat\/iesgerbert\/wp-json\/wp\/v2\/types\/post"}],"author":[{"embeddable":true,"href":"https:\/\/agora.xtec.cat\/iesgerbert\/wp-json\/wp\/v2\/users\/18"}],"replies":[{"embeddable":true,"href":"https:\/\/agora.xtec.cat\/iesgerbert\/wp-json\/wp\/v2\/comments?post=12622"}],"version-history":[{"count":2,"href":"https:\/\/agora.xtec.cat\/iesgerbert\/wp-json\/wp\/v2\/posts\/12622\/revisions"}],"predecessor-version":[{"id":12624,"href":"https:\/\/agora.xtec.cat\/iesgerbert\/wp-json\/wp\/v2\/posts\/12622\/revisions\/12624"}],"wp:featuredmedia":[{"embeddable":true,"href":"https:\/\/agora.xtec.cat\/iesgerbert\/wp-json\/wp\/v2\/media\/12617"}],"wp:attachment":[{"href":"https:\/\/agora.xtec.cat\/iesgerbert\/wp-json\/wp\/v2\/media?parent=12622"}],"wp:term":[{"taxonomy":"category","embeddable":true,"href":"https:\/\/agora.xtec.cat\/iesgerbert\/wp-json\/wp\/v2\/categories?post=12622"},{"taxonomy":"post_tag","embeddable":true,"href":"https:\/\/agora.xtec.cat\/iesgerbert\/wp-json\/wp\/v2\/tags?post=12622"}],"curies":[{"name":"wp","href":"https:\/\/api.w.org\/{rel}","templated":true}]}}