{"id":12440,"date":"2024-12-19T11:29:16","date_gmt":"2024-12-19T10:29:16","guid":{"rendered":"https:\/\/agora.xtec.cat\/iesgerbert\/?p=12440"},"modified":"2024-12-19T11:29:16","modified_gmt":"2024-12-19T10:29:16","slug":"premi-internacional-per-a-natalia-espachs","status":"publish","type":"post","link":"https:\/\/agora.xtec.cat\/iesgerbert\/general\/premi-internacional-per-a-natalia-espachs\/","title":{"rendered":"PREMI INTERNACIONAL PER A NAT\u00c0LIA ESPACHS"},"content":{"rendered":"<p style=\"text-align: justify;\"><span style=\"font-weight: 400;\">L\u2019exalumna Nat\u00e0lia Espachs ha estat guardonada amb el premi George Watt 2024 per a estudiants de grau del Watt Essay Contest, un cartell de premis adre\u00e7at a alumnes d\u2019arreu del m\u00f3n sobre aspectes de la Guerra Civil Espanyola o de la lluita contra els feixismes en les d\u00e8cades de 1920 i 1930. Es tracta d\u2019un guard\u00f3 molt valorat que ha distingit treballs d\u2019estudiants de centres universitaris prestigiosos dels EUA i Europa com Harvard, UC Berkeley, Princeton, Columbia o Oxford. Els premis Watt d\u2019assaig s\u00f3n una iniciativa de l&#8217;Abraham Lincoln Brigade Archives (ALBA) que \u00e9s una organitzaci\u00f3 educativa sense \u00e0nim de lucre dedicada a promoure l&#8217;activisme social i la defensa dels drets humans, inspirada en l\u2019exemple dels voluntaris nord-americans de la Brigada Abraham Lincoln, una de les famoses brigades internacionals que van lluitar contra el feixisme a la Guerra Civil Espanyola (1936-39). Pr\u00f2ximament, es publicar\u00e0 un resum del treball en obert a la seva revista Volunteer.<\/span><\/p>\n<p style=\"text-align: justify;\"><span style=\"font-weight: 400;\">La Nat\u00e0lia \u00e9s una alumna de la generaci\u00f3 que va acabar el batxillerat el 2019, en la secci\u00f3 de batxibac, i ha estudiat un grau en hist\u00f2ria biling\u00fce (angl\u00e8s i franc\u00e8s) a la universitat de Toulouse Le Mirail, amb dos anys d\u2019estada a Fran\u00e7a i un a la universitat\u00a0 de Saint Andrews\u00a0 a Esc\u00f2cia. Actualment, \u00e9s alumna del m\u00e0ster de recerca en hist\u00f2ria de g\u00e8nere tamb\u00e9 a Toulouse. Durant la seva estada a Saint Andrews, va cursar l\u2019assignatura sobre Guerra Civil Espanyola i primer franquisme en la que va desenvolupar el treball ara premiat amb el t\u00edtol \u201cAnarquisme a Barcelona a les portes de la Guerra Civil: entendre la revoluci\u00f3 social a trav\u00e9s de la hist\u00f2ria social\u201d. Amb aquest treball la Nat\u00e0lia vol explicar per qu\u00e8 l\u2019anarquisme va tenir tant de poder en comen\u00e7ar la Guerra a Barcelona i a Catalunya, en contrast amb la resta d\u2019Espanya. S\u2019ha interessat especialment en les condicions de vida dels barris obrers de Barcelona per entendre l\u2019extensi\u00f3 de l&#8217;anarquisme i la seva radicalitzaci\u00f3.<\/span><\/p>\n<p style=\"text-align: justify;\"><b>Llu\u00eds Vir\u00f3s, professor d\u2019hist\u00f2ria i exdirector de l&#8217;institut<\/b><\/p>\n<p><a href=\"https:\/\/agora.xtec.cat\/iesgerbert\/wp-content\/uploads\/usu668\/2024\/12\/Foto-Natalia-Espachs-.jpg\"><img loading=\"lazy\" decoding=\"async\" class=\" wp-image-12439 alignleft\" src=\"https:\/\/agora.xtec.cat\/iesgerbert\/wp-content\/uploads\/usu668\/2024\/12\/Foto-Natalia-Espachs-.jpg\" alt=\"\" width=\"413\" height=\"620\" srcset=\"https:\/\/agora.xtec.cat\/iesgerbert\/wp-content\/uploads\/usu668\/2024\/12\/Foto-Natalia-Espachs-.jpg 1066w, https:\/\/agora.xtec.cat\/iesgerbert\/wp-content\/uploads\/usu668\/2024\/12\/Foto-Natalia-Espachs--200x300.jpg 200w, https:\/\/agora.xtec.cat\/iesgerbert\/wp-content\/uploads\/usu668\/2024\/12\/Foto-Natalia-Espachs--682x1024.jpg 682w, https:\/\/agora.xtec.cat\/iesgerbert\/wp-content\/uploads\/usu668\/2024\/12\/Foto-Natalia-Espachs--768x1153.jpg 768w, https:\/\/agora.xtec.cat\/iesgerbert\/wp-content\/uploads\/usu668\/2024\/12\/Foto-Natalia-Espachs--1023x1536.jpg 1023w\" sizes=\"auto, (max-width: 413px) 100vw, 413px\" \/><\/a><\/p>\n","protected":false},"excerpt":{"rendered":"<p>L\u2019exalumna Nat\u00e0lia Espachs ha estat guardonada amb el premi George Watt 2024 per a estudiants de grau del Watt Essay Contest, un cartell de premis adre\u00e7at a alumnes d\u2019arreu del m\u00f3n sobre aspectes de la Guerra Civil Espanyola o de la lluita contra els feixismes en les d\u00e8cades de 1920 i 1930. Es tracta d\u2019un [&hellip;]<\/p>\n","protected":false},"author":18,"featured_media":12439,"comment_status":"open","ping_status":"closed","sticky":false,"template":"","format":"standard","meta":{"_bbp_topic_count":0,"_bbp_reply_count":0,"_bbp_total_topic_count":0,"_bbp_total_reply_count":0,"_bbp_voice_count":0,"_bbp_anonymous_reply_count":0,"_bbp_topic_count_hidden":0,"_bbp_reply_count_hidden":0,"_bbp_forum_subforum_count":0,"site-sidebar-layout":"default","site-content-layout":"","ast-site-content-layout":"","site-content-style":"default","site-sidebar-style":"default","ast-global-header-display":"","ast-banner-title-visibility":"","ast-main-header-display":"","ast-hfb-above-header-display":"","ast-hfb-below-header-display":"","ast-hfb-mobile-header-display":"","site-post-title":"","ast-breadcrumbs-content":"","ast-featured-img":"","footer-sml-layout":"","theme-transparent-header-meta":"","adv-header-id-meta":"","stick-header-meta":"","header-above-stick-meta":"","header-main-stick-meta":"","header-below-stick-meta":"","astra-migrate-meta-layouts":"default","ast-page-background-enabled":"default","ast-page-background-meta":{"desktop":{"background-color":"var(--ast-global-color-4)","background-image":"","background-repeat":"repeat","background-position":"center center","background-size":"auto","background-attachment":"scroll","background-type":"","background-media":"","overlay-type":"","overlay-color":"","overlay-opacity":"","overlay-gradient":""},"tablet":{"background-color":"","background-image":"","background-repeat":"repeat","background-position":"center center","background-size":"auto","background-attachment":"scroll","background-type":"","background-media":"","overlay-type":"","overlay-color":"","overlay-opacity":"","overlay-gradient":""},"mobile":{"background-color":"","background-image":"","background-repeat":"repeat","background-position":"center center","background-size":"auto","background-attachment":"scroll","background-type":"","background-media":"","overlay-type":"","overlay-color":"","overlay-opacity":"","overlay-gradient":""}},"ast-content-background-meta":{"desktop":{"background-color":"var(--ast-global-color-5)","background-image":"","background-repeat":"repeat","background-position":"center center","background-size":"auto","background-attachment":"scroll","background-type":"","background-media":"","overlay-type":"","overlay-color":"","overlay-opacity":"","overlay-gradient":""},"tablet":{"background-color":"var(--ast-global-color-5)","background-image":"","background-repeat":"repeat","background-position":"center center","background-size":"auto","background-attachment":"scroll","background-type":"","background-media":"","overlay-type":"","overlay-color":"","overlay-opacity":"","overlay-gradient":""},"mobile":{"background-color":"var(--ast-global-color-5)","background-image":"","background-repeat":"repeat","background-position":"center center","background-size":"auto","background-attachment":"scroll","background-type":"","background-media":"","overlay-type":"","overlay-color":"","overlay-opacity":"","overlay-gradient":""}},"footnotes":""},"categories":[99,1,29],"tags":[],"class_list":["post-12440","post","type-post","status-publish","format-standard","has-post-thumbnail","hentry","category-batxibac","category-general","category-portada"],"post_mailing_queue_ids":[],"_links":{"self":[{"href":"https:\/\/agora.xtec.cat\/iesgerbert\/wp-json\/wp\/v2\/posts\/12440","targetHints":{"allow":["GET"]}}],"collection":[{"href":"https:\/\/agora.xtec.cat\/iesgerbert\/wp-json\/wp\/v2\/posts"}],"about":[{"href":"https:\/\/agora.xtec.cat\/iesgerbert\/wp-json\/wp\/v2\/types\/post"}],"author":[{"embeddable":true,"href":"https:\/\/agora.xtec.cat\/iesgerbert\/wp-json\/wp\/v2\/users\/18"}],"replies":[{"embeddable":true,"href":"https:\/\/agora.xtec.cat\/iesgerbert\/wp-json\/wp\/v2\/comments?post=12440"}],"version-history":[{"count":2,"href":"https:\/\/agora.xtec.cat\/iesgerbert\/wp-json\/wp\/v2\/posts\/12440\/revisions"}],"predecessor-version":[{"id":12442,"href":"https:\/\/agora.xtec.cat\/iesgerbert\/wp-json\/wp\/v2\/posts\/12440\/revisions\/12442"}],"wp:featuredmedia":[{"embeddable":true,"href":"https:\/\/agora.xtec.cat\/iesgerbert\/wp-json\/wp\/v2\/media\/12439"}],"wp:attachment":[{"href":"https:\/\/agora.xtec.cat\/iesgerbert\/wp-json\/wp\/v2\/media?parent=12440"}],"wp:term":[{"taxonomy":"category","embeddable":true,"href":"https:\/\/agora.xtec.cat\/iesgerbert\/wp-json\/wp\/v2\/categories?post=12440"},{"taxonomy":"post_tag","embeddable":true,"href":"https:\/\/agora.xtec.cat\/iesgerbert\/wp-json\/wp\/v2\/tags?post=12440"}],"curies":[{"name":"wp","href":"https:\/\/api.w.org\/{rel}","templated":true}]}}