{"id":12426,"date":"2024-12-17T10:59:59","date_gmt":"2024-12-17T09:59:59","guid":{"rendered":"https:\/\/agora.xtec.cat\/iesgerbert\/?p=12426"},"modified":"2024-12-17T10:59:59","modified_gmt":"2024-12-17T09:59:59","slug":"explorant-berlin","status":"publish","type":"post","link":"https:\/\/agora.xtec.cat\/iesgerbert\/general\/explorant-berlin\/","title":{"rendered":"EXPLORANT BERL\u00cdN"},"content":{"rendered":"<p style=\"text-align: justify;\"><span style=\"font-weight: 400;\">Del 10 al 13 de desembre, l\u2019alumnat de l\u2019optativa d\u2019alemany va tenir l\u2019oportunitat de viure una experi\u00e8ncia d&#8217;immersi\u00f3 que combina hist\u00f2ria, cultura i aventura, tot explorant una de les ciutats m\u00e9s importants d&#8217;Europa, Berl\u00edn. Aprofitant el per\u00edode nadalenc, varen poder anar gaudint dels productes t\u00edpics alemanys com la Currywurst, el Lebkuchen o la xocolata calenta que es poden anar trobant a cadascun dels nombrosos mercats de Nadal que ens ofereix la ciutat.<\/span><\/p>\n<p style=\"text-align: justify;\"><span style=\"font-weight: 400;\">La nostra aventura va comen\u00e7ar a l&#8217;East Side Gallery, una vibrant galeria a l&#8217;aire lliure que s&#8217;est\u00e9n al llarg d&#8217;una secci\u00f3 conservada del Mur de Berl\u00edn. Unes obres d&#8217;art que reflecteixen hist\u00f2ries poderoses sobre la llibertat, la unitat i la caiguda del Mur. A continuaci\u00f3, ens v\u00e0rem dirigir al Checkpoint Charlie i a la Topografia del Terror. All\u00e0 en Josep Presas, professor d\u2019Hist\u00f2ria i Geografia d\u2019enguany, ens va anar interpretant les impactants imatges exposades. De cam\u00ed cap a La Porta de Brandenburg, un dels monuments m\u00e9s emblem\u00e0tics de Berl\u00edn, v\u00e0rem visitar el complex de la Sony i el Monument als Jueus Assassinats d\u2019Europa. Finalment, v\u00e0rem poder contemplar el s\u00edmbol de la reunificaci\u00f3, la Porta de Brandenburg, visita obligada per a qualsevol que vulgui comprendre el passat i el present de Berl\u00edn.<\/span><\/p>\n<p style=\"text-align: justify;\"><span style=\"font-weight: 400;\">Els dies seg\u00fcents v\u00e0rem fer una visita a l&#8217;edifici del Reichstag. Com a seu del Parlament alemany, el Reichstag \u00e9s una obra mestra de l&#8217;arquitectura, que ofereix unes vistes impressionants de la ciutat des de la seva c\u00fapula de cristall. Tamb\u00e9 ens v\u00e0rem dirigir a l\u2019Alexander Platz on v\u00e0rem viure una de les zones m\u00e9s din\u00e0miques de la ciutat. All\u00e0 v\u00e0rem pujar a la Torre de la Televisi\u00f3 (der Fernsehturm) per gaudir d\u2019impressionants vistes de les difer\u00e8ncies arquitect\u00f2niques encara presents en l&#8217;actualitat, des d\u2019una al\u00e7ada de 203 metres.\u00a0 Des d\u2019all\u00e0 v\u00e0rem rec\u00f3rrer nou segles de la hist\u00f2ria de la ciutat amb unes ulleres de realitat virtual. A la mateixa pla\u00e7a, tamb\u00e9 ens v\u00e0rem poder fer unes fotos davant del Rellotge Mundial (die Weltzeituhr). Per descomptat, a aquest viatge no hi podia faltar una visita al Camp de Concentraci\u00f3 de Sachsenhausen, on les imatges de la crua hist\u00f2ria encara semblen massa recents. La Kurf\u00fcrstendam va concloure l&#8217;estada no nom\u00e9s per acabar de fer algunes compres sin\u00f3 tamb\u00e9 per entrar a l&#8217;esgl\u00e9sia popularment coneguda com l&#8217;Esgl\u00e9sia de la Mossegada (o Ged\u00e4chtniskirche).\u00a0<\/span><\/p>\n<p style=\"text-align: justify;\"><span style=\"font-weight: 400;\">La nostra experi\u00e8ncia a Berl\u00edn va ser una mica m\u00e9s que l&#8217;oportunitat de visitar monuments famosos, va ser una oportunitat per aprendre sobre hist\u00f2ria, connectar amb noves amistats i veure el m\u00f3n a trav\u00e9s d&#8217;una lent diferent. Cada parada del nostre viatge va intentar oferir una cosa \u00fanica, ja fos el vibrant art de carrer de l&#8217;East Side Gallery, el poder\u00f3s simbolisme de la Porta de Brandenburg o la crueltat de la geometria del terror a Sachsenhausen. Sens dubte, Berl\u00edn \u00e9s una ciutat que ens ha deixat records, hist\u00f2ries i experi\u00e8ncies que duraran tota la vida.<\/span><\/p>\n<p><strong>Rosa C\u00f2dul, professora d&#8217;angl\u00e8s i alemany<\/strong><\/p>\n<p><a href=\"https:\/\/agora.xtec.cat\/iesgerbert\/wp-content\/uploads\/usu668\/2024\/12\/Weltzeituhr_6_11zon-scaled.jpg\"><img loading=\"lazy\" decoding=\"async\" class=\" wp-image-12425 alignleft\" src=\"https:\/\/agora.xtec.cat\/iesgerbert\/wp-content\/uploads\/usu668\/2024\/12\/Weltzeituhr_6_11zon-scaled.jpg\" alt=\"\" width=\"643\" height=\"858\" srcset=\"https:\/\/agora.xtec.cat\/iesgerbert\/wp-content\/uploads\/usu668\/2024\/12\/Weltzeituhr_6_11zon-scaled.jpg 1920w, https:\/\/agora.xtec.cat\/iesgerbert\/wp-content\/uploads\/usu668\/2024\/12\/Weltzeituhr_6_11zon-225x300.jpg 225w, https:\/\/agora.xtec.cat\/iesgerbert\/wp-content\/uploads\/usu668\/2024\/12\/Weltzeituhr_6_11zon-768x1024.jpg 768w, https:\/\/agora.xtec.cat\/iesgerbert\/wp-content\/uploads\/usu668\/2024\/12\/Weltzeituhr_6_11zon-1152x1536.jpg 1152w, https:\/\/agora.xtec.cat\/iesgerbert\/wp-content\/uploads\/usu668\/2024\/12\/Weltzeituhr_6_11zon-1536x2048.jpg 1536w\" sizes=\"auto, (max-width: 643px) 100vw, 643px\" \/><\/a> <a href=\"https:\/\/agora.xtec.cat\/iesgerbert\/wp-content\/uploads\/usu668\/2024\/12\/Topografia-del-Terror_5_11zon-scaled.jpg\"><img loading=\"lazy\" decoding=\"async\" class=\" wp-image-12424 alignleft\" src=\"https:\/\/agora.xtec.cat\/iesgerbert\/wp-content\/uploads\/usu668\/2024\/12\/Topografia-del-Terror_5_11zon-scaled.jpg\" alt=\"\" width=\"644\" height=\"483\" srcset=\"https:\/\/agora.xtec.cat\/iesgerbert\/wp-content\/uploads\/usu668\/2024\/12\/Topografia-del-Terror_5_11zon-scaled.jpg 2560w, https:\/\/agora.xtec.cat\/iesgerbert\/wp-content\/uploads\/usu668\/2024\/12\/Topografia-del-Terror_5_11zon-300x225.jpg 300w, https:\/\/agora.xtec.cat\/iesgerbert\/wp-content\/uploads\/usu668\/2024\/12\/Topografia-del-Terror_5_11zon-1024x768.jpg 1024w, https:\/\/agora.xtec.cat\/iesgerbert\/wp-content\/uploads\/usu668\/2024\/12\/Topografia-del-Terror_5_11zon-768x576.jpg 768w, https:\/\/agora.xtec.cat\/iesgerbert\/wp-content\/uploads\/usu668\/2024\/12\/Topografia-del-Terror_5_11zon-1536x1152.jpg 1536w, https:\/\/agora.xtec.cat\/iesgerbert\/wp-content\/uploads\/usu668\/2024\/12\/Topografia-del-Terror_5_11zon-2048x1536.jpg 2048w, https:\/\/agora.xtec.cat\/iesgerbert\/wp-content\/uploads\/usu668\/2024\/12\/Topografia-del-Terror_5_11zon-200x150.jpg 200w\" sizes=\"auto, (max-width: 644px) 100vw, 644px\" \/><\/a> <a href=\"https:\/\/agora.xtec.cat\/iesgerbert\/wp-content\/uploads\/usu668\/2024\/12\/Sachsenhausen_4_11zon-scaled.jpg\"><img loading=\"lazy\" decoding=\"async\" class=\" wp-image-12423 alignleft\" src=\"https:\/\/agora.xtec.cat\/iesgerbert\/wp-content\/uploads\/usu668\/2024\/12\/Sachsenhausen_4_11zon-scaled.jpg\" alt=\"\" width=\"643\" height=\"857\" srcset=\"https:\/\/agora.xtec.cat\/iesgerbert\/wp-content\/uploads\/usu668\/2024\/12\/Sachsenhausen_4_11zon-scaled.jpg 1920w, https:\/\/agora.xtec.cat\/iesgerbert\/wp-content\/uploads\/usu668\/2024\/12\/Sachsenhausen_4_11zon-225x300.jpg 225w, https:\/\/agora.xtec.cat\/iesgerbert\/wp-content\/uploads\/usu668\/2024\/12\/Sachsenhausen_4_11zon-768x1024.jpg 768w, https:\/\/agora.xtec.cat\/iesgerbert\/wp-content\/uploads\/usu668\/2024\/12\/Sachsenhausen_4_11zon-1152x1536.jpg 1152w, https:\/\/agora.xtec.cat\/iesgerbert\/wp-content\/uploads\/usu668\/2024\/12\/Sachsenhausen_4_11zon-1536x2048.jpg 1536w\" sizes=\"auto, (max-width: 643px) 100vw, 643px\" \/><\/a> <a href=\"https:\/\/agora.xtec.cat\/iesgerbert\/wp-content\/uploads\/usu668\/2024\/12\/Reichstag_3_11zon.jpg\"><img loading=\"lazy\" decoding=\"async\" class=\" wp-image-12422 alignleft\" src=\"https:\/\/agora.xtec.cat\/iesgerbert\/wp-content\/uploads\/usu668\/2024\/12\/Reichstag_3_11zon.jpg\" alt=\"\" width=\"644\" height=\"362\" srcset=\"https:\/\/agora.xtec.cat\/iesgerbert\/wp-content\/uploads\/usu668\/2024\/12\/Reichstag_3_11zon.jpg 1280w, https:\/\/agora.xtec.cat\/iesgerbert\/wp-content\/uploads\/usu668\/2024\/12\/Reichstag_3_11zon-300x169.jpg 300w, https:\/\/agora.xtec.cat\/iesgerbert\/wp-content\/uploads\/usu668\/2024\/12\/Reichstag_3_11zon-1024x576.jpg 1024w, https:\/\/agora.xtec.cat\/iesgerbert\/wp-content\/uploads\/usu668\/2024\/12\/Reichstag_3_11zon-768x432.jpg 768w\" sizes=\"auto, (max-width: 644px) 100vw, 644px\" \/><\/a> <a href=\"https:\/\/agora.xtec.cat\/iesgerbert\/wp-content\/uploads\/usu668\/2024\/12\/Potsdamer-Platz_2_11zon-scaled.jpg\"><img loading=\"lazy\" decoding=\"async\" class=\" wp-image-12421 alignleft\" src=\"https:\/\/agora.xtec.cat\/iesgerbert\/wp-content\/uploads\/usu668\/2024\/12\/Potsdamer-Platz_2_11zon-scaled.jpg\" alt=\"\" width=\"644\" height=\"483\" srcset=\"https:\/\/agora.xtec.cat\/iesgerbert\/wp-content\/uploads\/usu668\/2024\/12\/Potsdamer-Platz_2_11zon-scaled.jpg 2560w, https:\/\/agora.xtec.cat\/iesgerbert\/wp-content\/uploads\/usu668\/2024\/12\/Potsdamer-Platz_2_11zon-300x225.jpg 300w, https:\/\/agora.xtec.cat\/iesgerbert\/wp-content\/uploads\/usu668\/2024\/12\/Potsdamer-Platz_2_11zon-1024x768.jpg 1024w, https:\/\/agora.xtec.cat\/iesgerbert\/wp-content\/uploads\/usu668\/2024\/12\/Potsdamer-Platz_2_11zon-768x576.jpg 768w, https:\/\/agora.xtec.cat\/iesgerbert\/wp-content\/uploads\/usu668\/2024\/12\/Potsdamer-Platz_2_11zon-1536x1152.jpg 1536w, https:\/\/agora.xtec.cat\/iesgerbert\/wp-content\/uploads\/usu668\/2024\/12\/Potsdamer-Platz_2_11zon-2048x1536.jpg 2048w, https:\/\/agora.xtec.cat\/iesgerbert\/wp-content\/uploads\/usu668\/2024\/12\/Potsdamer-Platz_2_11zon-200x150.jpg 200w\" sizes=\"auto, (max-width: 644px) 100vw, 644px\" \/><\/a> <a href=\"https:\/\/agora.xtec.cat\/iesgerbert\/wp-content\/uploads\/usu668\/2024\/12\/LIlla-dels-Museus_1_11zon.jpg\"><img loading=\"lazy\" decoding=\"async\" class=\" wp-image-12420 alignleft\" src=\"https:\/\/agora.xtec.cat\/iesgerbert\/wp-content\/uploads\/usu668\/2024\/12\/LIlla-dels-Museus_1_11zon.jpg\" alt=\"\" width=\"643\" height=\"482\" srcset=\"https:\/\/agora.xtec.cat\/iesgerbert\/wp-content\/uploads\/usu668\/2024\/12\/LIlla-dels-Museus_1_11zon.jpg 1280w, https:\/\/agora.xtec.cat\/iesgerbert\/wp-content\/uploads\/usu668\/2024\/12\/LIlla-dels-Museus_1_11zon-300x225.jpg 300w, https:\/\/agora.xtec.cat\/iesgerbert\/wp-content\/uploads\/usu668\/2024\/12\/LIlla-dels-Museus_1_11zon-1024x768.jpg 1024w, https:\/\/agora.xtec.cat\/iesgerbert\/wp-content\/uploads\/usu668\/2024\/12\/LIlla-dels-Museus_1_11zon-768x576.jpg 768w, https:\/\/agora.xtec.cat\/iesgerbert\/wp-content\/uploads\/usu668\/2024\/12\/LIlla-dels-Museus_1_11zon-200x150.jpg 200w\" sizes=\"auto, (max-width: 643px) 100vw, 643px\" \/><\/a> <a href=\"https:\/\/agora.xtec.cat\/iesgerbert\/wp-content\/uploads\/usu668\/2024\/12\/La-Porta-de-Brandenburg.jpg\"><img loading=\"lazy\" decoding=\"async\" class=\" wp-image-12419 alignleft\" src=\"https:\/\/agora.xtec.cat\/iesgerbert\/wp-content\/uploads\/usu668\/2024\/12\/La-Porta-de-Brandenburg.jpg\" alt=\"\" width=\"643\" height=\"482\" srcset=\"https:\/\/agora.xtec.cat\/iesgerbert\/wp-content\/uploads\/usu668\/2024\/12\/La-Porta-de-Brandenburg.jpg 1280w, https:\/\/agora.xtec.cat\/iesgerbert\/wp-content\/uploads\/usu668\/2024\/12\/La-Porta-de-Brandenburg-300x225.jpg 300w, https:\/\/agora.xtec.cat\/iesgerbert\/wp-content\/uploads\/usu668\/2024\/12\/La-Porta-de-Brandenburg-1024x768.jpg 1024w, https:\/\/agora.xtec.cat\/iesgerbert\/wp-content\/uploads\/usu668\/2024\/12\/La-Porta-de-Brandenburg-768x576.jpg 768w, https:\/\/agora.xtec.cat\/iesgerbert\/wp-content\/uploads\/usu668\/2024\/12\/La-Porta-de-Brandenburg-200x150.jpg 200w\" sizes=\"auto, (max-width: 643px) 100vw, 643px\" \/><\/a> <a href=\"https:\/\/agora.xtec.cat\/iesgerbert\/wp-content\/uploads\/usu668\/2024\/12\/Kurfurstendamm.jpg\"><img loading=\"lazy\" decoding=\"async\" class=\" wp-image-12418 alignleft\" src=\"https:\/\/agora.xtec.cat\/iesgerbert\/wp-content\/uploads\/usu668\/2024\/12\/Kurfurstendamm.jpg\" alt=\"\" width=\"644\" height=\"483\" srcset=\"https:\/\/agora.xtec.cat\/iesgerbert\/wp-content\/uploads\/usu668\/2024\/12\/Kurfurstendamm.jpg 1600w, https:\/\/agora.xtec.cat\/iesgerbert\/wp-content\/uploads\/usu668\/2024\/12\/Kurfurstendamm-300x225.jpg 300w, https:\/\/agora.xtec.cat\/iesgerbert\/wp-content\/uploads\/usu668\/2024\/12\/Kurfurstendamm-1024x768.jpg 1024w, https:\/\/agora.xtec.cat\/iesgerbert\/wp-content\/uploads\/usu668\/2024\/12\/Kurfurstendamm-768x576.jpg 768w, https:\/\/agora.xtec.cat\/iesgerbert\/wp-content\/uploads\/usu668\/2024\/12\/Kurfurstendamm-1536x1152.jpg 1536w, https:\/\/agora.xtec.cat\/iesgerbert\/wp-content\/uploads\/usu668\/2024\/12\/Kurfurstendamm-200x150.jpg 200w\" sizes=\"auto, (max-width: 644px) 100vw, 644px\" \/><\/a> <a href=\"https:\/\/agora.xtec.cat\/iesgerbert\/wp-content\/uploads\/usu668\/2024\/12\/Gedachtniskirche-1-scaled.jpg\"><img loading=\"lazy\" decoding=\"async\" class=\" wp-image-12417 alignleft\" src=\"https:\/\/agora.xtec.cat\/iesgerbert\/wp-content\/uploads\/usu668\/2024\/12\/Gedachtniskirche-1-scaled.jpg\" alt=\"\" width=\"644\" height=\"859\" srcset=\"https:\/\/agora.xtec.cat\/iesgerbert\/wp-content\/uploads\/usu668\/2024\/12\/Gedachtniskirche-1-scaled.jpg 1920w, https:\/\/agora.xtec.cat\/iesgerbert\/wp-content\/uploads\/usu668\/2024\/12\/Gedachtniskirche-1-225x300.jpg 225w, https:\/\/agora.xtec.cat\/iesgerbert\/wp-content\/uploads\/usu668\/2024\/12\/Gedachtniskirche-1-768x1024.jpg 768w, https:\/\/agora.xtec.cat\/iesgerbert\/wp-content\/uploads\/usu668\/2024\/12\/Gedachtniskirche-1-1152x1536.jpg 1152w, https:\/\/agora.xtec.cat\/iesgerbert\/wp-content\/uploads\/usu668\/2024\/12\/Gedachtniskirche-1-1536x2048.jpg 1536w\" sizes=\"auto, (max-width: 644px) 100vw, 644px\" \/><\/a> <a href=\"https:\/\/agora.xtec.cat\/iesgerbert\/wp-content\/uploads\/usu668\/2024\/12\/Fernsehturm.jpg\"><img loading=\"lazy\" decoding=\"async\" class=\" wp-image-12416 alignleft\" src=\"https:\/\/agora.xtec.cat\/iesgerbert\/wp-content\/uploads\/usu668\/2024\/12\/Fernsehturm.jpg\" alt=\"\" width=\"645\" height=\"484\" srcset=\"https:\/\/agora.xtec.cat\/iesgerbert\/wp-content\/uploads\/usu668\/2024\/12\/Fernsehturm.jpg 1280w, https:\/\/agora.xtec.cat\/iesgerbert\/wp-content\/uploads\/usu668\/2024\/12\/Fernsehturm-300x225.jpg 300w, https:\/\/agora.xtec.cat\/iesgerbert\/wp-content\/uploads\/usu668\/2024\/12\/Fernsehturm-1024x768.jpg 1024w, https:\/\/agora.xtec.cat\/iesgerbert\/wp-content\/uploads\/usu668\/2024\/12\/Fernsehturm-768x576.jpg 768w, https:\/\/agora.xtec.cat\/iesgerbert\/wp-content\/uploads\/usu668\/2024\/12\/Fernsehturm-200x150.jpg 200w\" sizes=\"auto, (max-width: 645px) 100vw, 645px\" \/><\/a> <a href=\"https:\/\/agora.xtec.cat\/iesgerbert\/wp-content\/uploads\/usu668\/2024\/12\/El-Mur.jpg\"><img loading=\"lazy\" decoding=\"async\" class=\" wp-image-12415 alignleft\" src=\"https:\/\/agora.xtec.cat\/iesgerbert\/wp-content\/uploads\/usu668\/2024\/12\/El-Mur.jpg\" alt=\"\" width=\"645\" height=\"484\" srcset=\"https:\/\/agora.xtec.cat\/iesgerbert\/wp-content\/uploads\/usu668\/2024\/12\/El-Mur.jpg 1280w, https:\/\/agora.xtec.cat\/iesgerbert\/wp-content\/uploads\/usu668\/2024\/12\/El-Mur-300x225.jpg 300w, https:\/\/agora.xtec.cat\/iesgerbert\/wp-content\/uploads\/usu668\/2024\/12\/El-Mur-1024x768.jpg 1024w, https:\/\/agora.xtec.cat\/iesgerbert\/wp-content\/uploads\/usu668\/2024\/12\/El-Mur-768x576.jpg 768w, https:\/\/agora.xtec.cat\/iesgerbert\/wp-content\/uploads\/usu668\/2024\/12\/El-Mur-200x150.jpg 200w\" sizes=\"auto, (max-width: 645px) 100vw, 645px\" \/><\/a> <a href=\"https:\/\/agora.xtec.cat\/iesgerbert\/wp-content\/uploads\/usu668\/2024\/12\/Alberg-Generator_11zon-scaled.jpg\"><img loading=\"lazy\" decoding=\"async\" class=\" wp-image-12414 alignleft\" src=\"https:\/\/agora.xtec.cat\/iesgerbert\/wp-content\/uploads\/usu668\/2024\/12\/Alberg-Generator_11zon-scaled.jpg\" alt=\"\" width=\"645\" height=\"860\" srcset=\"https:\/\/agora.xtec.cat\/iesgerbert\/wp-content\/uploads\/usu668\/2024\/12\/Alberg-Generator_11zon-scaled.jpg 1920w, https:\/\/agora.xtec.cat\/iesgerbert\/wp-content\/uploads\/usu668\/2024\/12\/Alberg-Generator_11zon-225x300.jpg 225w, https:\/\/agora.xtec.cat\/iesgerbert\/wp-content\/uploads\/usu668\/2024\/12\/Alberg-Generator_11zon-768x1024.jpg 768w, https:\/\/agora.xtec.cat\/iesgerbert\/wp-content\/uploads\/usu668\/2024\/12\/Alberg-Generator_11zon-1152x1536.jpg 1152w, https:\/\/agora.xtec.cat\/iesgerbert\/wp-content\/uploads\/usu668\/2024\/12\/Alberg-Generator_11zon-1536x2048.jpg 1536w\" sizes=\"auto, (max-width: 645px) 100vw, 645px\" \/><\/a><\/p>\n","protected":false},"excerpt":{"rendered":"<p>Del 10 al 13 de desembre, l\u2019alumnat de l\u2019optativa d\u2019alemany va tenir l\u2019oportunitat de viure una experi\u00e8ncia d&#8217;immersi\u00f3 que combina hist\u00f2ria, cultura i aventura, tot explorant una de les ciutats m\u00e9s importants d&#8217;Europa, Berl\u00edn. Aprofitant el per\u00edode nadalenc, varen poder anar gaudint dels productes t\u00edpics alemanys com la Currywurst, el Lebkuchen o la xocolata calenta [&hellip;]<\/p>\n","protected":false},"author":18,"featured_media":12421,"comment_status":"open","ping_status":"closed","sticky":false,"template":"","format":"standard","meta":{"_bbp_topic_count":0,"_bbp_reply_count":0,"_bbp_total_topic_count":0,"_bbp_total_reply_count":0,"_bbp_voice_count":0,"_bbp_anonymous_reply_count":0,"_bbp_topic_count_hidden":0,"_bbp_reply_count_hidden":0,"_bbp_forum_subforum_count":0,"site-sidebar-layout":"default","site-content-layout":"","ast-site-content-layout":"","site-content-style":"default","site-sidebar-style":"default","ast-global-header-display":"","ast-banner-title-visibility":"","ast-main-header-display":"","ast-hfb-above-header-display":"","ast-hfb-below-header-display":"","ast-hfb-mobile-header-display":"","site-post-title":"","ast-breadcrumbs-content":"","ast-featured-img":"","footer-sml-layout":"","theme-transparent-header-meta":"","adv-header-id-meta":"","stick-header-meta":"","header-above-stick-meta":"","header-main-stick-meta":"","header-below-stick-meta":"","astra-migrate-meta-layouts":"default","ast-page-background-enabled":"default","ast-page-background-meta":{"desktop":{"background-color":"var(--ast-global-color-4)","background-image":"","background-repeat":"repeat","background-position":"center center","background-size":"auto","background-attachment":"scroll","background-type":"","background-media":"","overlay-type":"","overlay-color":"","overlay-opacity":"","overlay-gradient":""},"tablet":{"background-color":"","background-image":"","background-repeat":"repeat","background-position":"center center","background-size":"auto","background-attachment":"scroll","background-type":"","background-media":"","overlay-type":"","overlay-color":"","overlay-opacity":"","overlay-gradient":""},"mobile":{"background-color":"","background-image":"","background-repeat":"repeat","background-position":"center center","background-size":"auto","background-attachment":"scroll","background-type":"","background-media":"","overlay-type":"","overlay-color":"","overlay-opacity":"","overlay-gradient":""}},"ast-content-background-meta":{"desktop":{"background-color":"var(--ast-global-color-5)","background-image":"","background-repeat":"repeat","background-position":"center center","background-size":"auto","background-attachment":"scroll","background-type":"","background-media":"","overlay-type":"","overlay-color":"","overlay-opacity":"","overlay-gradient":""},"tablet":{"background-color":"var(--ast-global-color-5)","background-image":"","background-repeat":"repeat","background-position":"center center","background-size":"auto","background-attachment":"scroll","background-type":"","background-media":"","overlay-type":"","overlay-color":"","overlay-opacity":"","overlay-gradient":""},"mobile":{"background-color":"var(--ast-global-color-5)","background-image":"","background-repeat":"repeat","background-position":"center center","background-size":"auto","background-attachment":"scroll","background-type":"","background-media":"","overlay-type":"","overlay-color":"","overlay-opacity":"","overlay-gradient":""}},"footnotes":""},"categories":[98,8,1,29],"tags":[],"class_list":["post-12426","post","type-post","status-publish","format-standard","has-post-thumbnail","hentry","category-2n-batxillerat-batxillerat","category-batxillerat","category-general","category-portada"],"post_mailing_queue_ids":[],"_links":{"self":[{"href":"https:\/\/agora.xtec.cat\/iesgerbert\/wp-json\/wp\/v2\/posts\/12426","targetHints":{"allow":["GET"]}}],"collection":[{"href":"https:\/\/agora.xtec.cat\/iesgerbert\/wp-json\/wp\/v2\/posts"}],"about":[{"href":"https:\/\/agora.xtec.cat\/iesgerbert\/wp-json\/wp\/v2\/types\/post"}],"author":[{"embeddable":true,"href":"https:\/\/agora.xtec.cat\/iesgerbert\/wp-json\/wp\/v2\/users\/18"}],"replies":[{"embeddable":true,"href":"https:\/\/agora.xtec.cat\/iesgerbert\/wp-json\/wp\/v2\/comments?post=12426"}],"version-history":[{"count":1,"href":"https:\/\/agora.xtec.cat\/iesgerbert\/wp-json\/wp\/v2\/posts\/12426\/revisions"}],"predecessor-version":[{"id":12427,"href":"https:\/\/agora.xtec.cat\/iesgerbert\/wp-json\/wp\/v2\/posts\/12426\/revisions\/12427"}],"wp:featuredmedia":[{"embeddable":true,"href":"https:\/\/agora.xtec.cat\/iesgerbert\/wp-json\/wp\/v2\/media\/12421"}],"wp:attachment":[{"href":"https:\/\/agora.xtec.cat\/iesgerbert\/wp-json\/wp\/v2\/media?parent=12426"}],"wp:term":[{"taxonomy":"category","embeddable":true,"href":"https:\/\/agora.xtec.cat\/iesgerbert\/wp-json\/wp\/v2\/categories?post=12426"},{"taxonomy":"post_tag","embeddable":true,"href":"https:\/\/agora.xtec.cat\/iesgerbert\/wp-json\/wp\/v2\/tags?post=12426"}],"curies":[{"name":"wp","href":"https:\/\/api.w.org\/{rel}","templated":true}]}}