{"id":12311,"date":"2024-12-03T10:38:19","date_gmt":"2024-12-03T09:38:19","guid":{"rendered":"https:\/\/agora.xtec.cat\/iesgerbert\/?p=12311"},"modified":"2024-12-03T10:39:25","modified_gmt":"2024-12-03T09:39:25","slug":"trobada-anual-de-professorat-derasmus-a-bilbao","status":"publish","type":"post","link":"https:\/\/agora.xtec.cat\/iesgerbert\/general\/trobada-anual-de-professorat-derasmus-a-bilbao\/","title":{"rendered":"TROBADA ANUAL DE PROFESSORAT DEL PROJECTE ERASMUS+ A BILBAO"},"content":{"rendered":"<p style=\"text-align: justify;\">Del 4 al 8 de novembre de 2024, Bilbao va acollir una esperada reuni\u00f3 de professors de diversos pa\u00efsos participants en el programa Erasmus+. Representants d&#8217;\u00c0ustria, Pa\u00efsos Baixos, Finl\u00e0ndia, Portugal i Espanya van tenir l&#8217;oportunitat de compartir experi\u00e8ncies, idees i projectes a trav\u00e9s d&#8217;aquesta trobada per concretar el projecte d\u2019enguany: \u201cEco Harmony, zero waste\u201d.<\/p>\n<p style=\"text-align: justify;\"><strong>Arribada i Benvinguda<\/strong><br \/>\nEl 4 de novembre, dos professors de cada pa\u00eds van viatjar fins a Bilbao, una ciutat que va oferir un entorn acollidor per a aquesta trobada. El sopar de benvinguda va ser un moment de retrobament dels participants, on van poder compartir les seves experi\u00e8ncies dels \u00faltims mesos i establir un ambient c\u00e0lid.<\/p>\n<p style=\"text-align: justify;\"><strong>Reuni\u00f3 i Discussions sobre el Projecte<\/strong><br \/>\nEl dia 5, despr\u00e9s d\u2019un bon esmorzar, es va celebrar una reuni\u00f3 dedicada a discutir en profunditat el projecte d\u2019aquest curs escolar, \u201cEco Harmony, zero waste\u201d. Aquest projecte no nom\u00e9s pret\u00e9n fomentar la sostenibilitat i la consci\u00e8ncia ambiental entre els alumnes, sin\u00f3 que tamb\u00e9 volen ensenyar als estudiants a implementar pr\u00e0ctiques de zero residus a les seves escoles i comunitats.<\/p>\n<p style=\"text-align: justify;\">Durant la reuni\u00f3, es va acordar la distribuci\u00f3 de les activitats a realitzar per cada pa\u00eds, aix\u00ed com la preparaci\u00f3 de la trobada programada per al maig a Portugal, on alumnes dels diferents pa\u00efsos es trobaran per compartir els seus treballs. A m\u00e9s, es va establir el pressupost assignat a cada pa\u00eds i el nombre d&#8217;alumnes que hi participaran.<\/p>\n<p style=\"text-align: justify;\">La jornada va continuar amb una visita cultural als llocs m\u00e9s emblem\u00e0tics de Bilbao, fent tamb\u00e9 una visita al centre Ema\u00fas, una empresa gestora en el tractament i reutilitzaci\u00f3 de residus i una excursi\u00f3 a l&#8217;Exoetxea Meatzaldea. All\u00ed, els professors van tenir l&#8217;oportunitat de veure una exposici\u00f3 sobre l&#8217;economia circular, amb una gran varietat d&#8217;eco-dissenys en roba, productes alimentaris i neteja, aix\u00ed com d&#8217;altres articles innovadors.<\/p>\n<p style=\"text-align: justify;\"><strong>Explorant la Cultura Basca<\/strong><br \/>\nEl dia 6 es va dedicar a con\u00e8ixer m\u00e9s a fons la cultura basca. La jornada va comen\u00e7ar amb una visita al museu del Txakoli, el vi t\u00edpic d&#8217;aquesta regi\u00f3, i va continuar amb una excursi\u00f3 a llocs tan espectaculars com Sant Joan de Gaztelugatxe, Mundaka i el conegut museu Guggenheim. Sens dubte, una de les experi\u00e8ncies m\u00e9s memorables va ser la visita a la platja de la Concha a San Sebasti\u00e1n, un veritable emblem\u00e0tic de la costa.<\/p>\n<p style=\"text-align: justify;\"><strong>Plans Futurs i Noves Idees<\/strong><br \/>\nEl dia 7 va ser dedicat a planificar el futur del projecte. Els professors van discutir noves idees per al curs vinent, incloent-hi el pressupost, les dates i el pa\u00eds que acollir\u00e0 la pr\u00f2xima trobada de professors. Aquesta col\u00b7laboraci\u00f3 cont\u00ednua \u00e9s fonamental per a l&#8217;\u00e8xit del programa Erasmus+ i la seva capacitat per unir diverses cultures.<\/p>\n<p style=\"text-align: justify;\">Aquest dia tamb\u00e9 va incloure una visita a la costa del Pa\u00eds Basc, amb parades a Durango, Zumaia, Getaria i Zarautz, un recorregut que va culminar amb un moment de relaxament per admirar la bellesa de San Sebasti\u00e1n.<\/p>\n<p style=\"text-align: justify;\"><strong>Comiats i Retorns<\/strong><br \/>\nFinalment, el dia 8 va arribar, marcant el final d&#8217;una setmana plena d&#8217;interaccions i amistat. Els professors es van acomiadar i van viatjar de tornada als seus respectius pa\u00efsos, portant amb ells noves idees i records inoblidables d\u2019aquesta trobada a Bilbao.<\/p>\n<p style=\"text-align: justify;\">En conclusi\u00f3, la trobada de professors d&#8217;Erasmus+ no nom\u00e9s va ser una oportunitat per discutir projectes educatius importants, sin\u00f3 que tamb\u00e9 va ser una experi\u00e8ncia cultural enriquidora que va unir a educadors de diferents pa\u00efsos en el seu comprom\u00eds com\u00fa vers l&#8217;educaci\u00f3 i la sostenibilitat.<\/p>\n<p style=\"text-align: justify;\">Per estar al corrent de tot el que fem a Erasmus, segueix-nos a Instagram <strong>@ecoharmony_erasmus<\/strong>, volem el teu <em>like<\/em>!<\/p>\n<p><strong>Comissi\u00f3 Erasmus<\/strong><\/p>\n<p><a href=\"https:\/\/agora.xtec.cat\/iesgerbert\/wp-content\/uploads\/usu668\/2024\/12\/20241113_165213_Guggenheim-fora-scaled.jpg\"><img loading=\"lazy\" decoding=\"async\" class=\" wp-image-12323 alignleft\" src=\"https:\/\/agora.xtec.cat\/iesgerbert\/wp-content\/uploads\/usu668\/2024\/12\/20241113_165213_Guggenheim-fora-scaled.jpg\" alt=\"\" width=\"599\" height=\"449\" srcset=\"https:\/\/agora.xtec.cat\/iesgerbert\/wp-content\/uploads\/usu668\/2024\/12\/20241113_165213_Guggenheim-fora-scaled.jpg 2560w, https:\/\/agora.xtec.cat\/iesgerbert\/wp-content\/uploads\/usu668\/2024\/12\/20241113_165213_Guggenheim-fora-300x225.jpg 300w, https:\/\/agora.xtec.cat\/iesgerbert\/wp-content\/uploads\/usu668\/2024\/12\/20241113_165213_Guggenheim-fora-1024x768.jpg 1024w, https:\/\/agora.xtec.cat\/iesgerbert\/wp-content\/uploads\/usu668\/2024\/12\/20241113_165213_Guggenheim-fora-768x576.jpg 768w, https:\/\/agora.xtec.cat\/iesgerbert\/wp-content\/uploads\/usu668\/2024\/12\/20241113_165213_Guggenheim-fora-1536x1152.jpg 1536w, https:\/\/agora.xtec.cat\/iesgerbert\/wp-content\/uploads\/usu668\/2024\/12\/20241113_165213_Guggenheim-fora-2048x1536.jpg 2048w, https:\/\/agora.xtec.cat\/iesgerbert\/wp-content\/uploads\/usu668\/2024\/12\/20241113_165213_Guggenheim-fora-200x150.jpg 200w\" sizes=\"auto, (max-width: 599px) 100vw, 599px\" \/><\/a> <a href=\"https:\/\/agora.xtec.cat\/iesgerbert\/wp-content\/uploads\/usu668\/2024\/12\/20241112-WA0016_Reunio-1-scaled.jpg\"><img loading=\"lazy\" decoding=\"async\" class=\" wp-image-12322 alignleft\" src=\"https:\/\/agora.xtec.cat\/iesgerbert\/wp-content\/uploads\/usu668\/2024\/12\/20241112-WA0016_Reunio-1-scaled.jpg\" alt=\"\" width=\"600\" height=\"450\" srcset=\"https:\/\/agora.xtec.cat\/iesgerbert\/wp-content\/uploads\/usu668\/2024\/12\/20241112-WA0016_Reunio-1-scaled.jpg 2560w, https:\/\/agora.xtec.cat\/iesgerbert\/wp-content\/uploads\/usu668\/2024\/12\/20241112-WA0016_Reunio-1-300x225.jpg 300w, https:\/\/agora.xtec.cat\/iesgerbert\/wp-content\/uploads\/usu668\/2024\/12\/20241112-WA0016_Reunio-1-1024x768.jpg 1024w, https:\/\/agora.xtec.cat\/iesgerbert\/wp-content\/uploads\/usu668\/2024\/12\/20241112-WA0016_Reunio-1-768x576.jpg 768w, https:\/\/agora.xtec.cat\/iesgerbert\/wp-content\/uploads\/usu668\/2024\/12\/20241112-WA0016_Reunio-1-1536x1152.jpg 1536w, https:\/\/agora.xtec.cat\/iesgerbert\/wp-content\/uploads\/usu668\/2024\/12\/20241112-WA0016_Reunio-1-2048x1536.jpg 2048w, https:\/\/agora.xtec.cat\/iesgerbert\/wp-content\/uploads\/usu668\/2024\/12\/20241112-WA0016_Reunio-1-200x150.jpg 200w\" sizes=\"auto, (max-width: 600px) 100vw, 600px\" \/><\/a> <a href=\"https:\/\/agora.xtec.cat\/iesgerbert\/wp-content\/uploads\/usu668\/2024\/12\/20241107_174433_Platja-Concha_7_11zon-scaled.jpg\"><img loading=\"lazy\" decoding=\"async\" class=\" wp-image-12321 alignleft\" src=\"https:\/\/agora.xtec.cat\/iesgerbert\/wp-content\/uploads\/usu668\/2024\/12\/20241107_174433_Platja-Concha_7_11zon-scaled.jpg\" alt=\"\" width=\"599\" height=\"449\" srcset=\"https:\/\/agora.xtec.cat\/iesgerbert\/wp-content\/uploads\/usu668\/2024\/12\/20241107_174433_Platja-Concha_7_11zon-scaled.jpg 2560w, https:\/\/agora.xtec.cat\/iesgerbert\/wp-content\/uploads\/usu668\/2024\/12\/20241107_174433_Platja-Concha_7_11zon-300x225.jpg 300w, https:\/\/agora.xtec.cat\/iesgerbert\/wp-content\/uploads\/usu668\/2024\/12\/20241107_174433_Platja-Concha_7_11zon-1024x768.jpg 1024w, https:\/\/agora.xtec.cat\/iesgerbert\/wp-content\/uploads\/usu668\/2024\/12\/20241107_174433_Platja-Concha_7_11zon-768x576.jpg 768w, https:\/\/agora.xtec.cat\/iesgerbert\/wp-content\/uploads\/usu668\/2024\/12\/20241107_174433_Platja-Concha_7_11zon-1536x1152.jpg 1536w, https:\/\/agora.xtec.cat\/iesgerbert\/wp-content\/uploads\/usu668\/2024\/12\/20241107_174433_Platja-Concha_7_11zon-2048x1536.jpg 2048w, https:\/\/agora.xtec.cat\/iesgerbert\/wp-content\/uploads\/usu668\/2024\/12\/20241107_174433_Platja-Concha_7_11zon-200x150.jpg 200w\" sizes=\"auto, (max-width: 599px) 100vw, 599px\" \/><\/a> <a href=\"https:\/\/agora.xtec.cat\/iesgerbert\/wp-content\/uploads\/usu668\/2024\/12\/20241107_171437_Platja-Concha_6_11zon-scaled.jpg\"><img loading=\"lazy\" decoding=\"async\" class=\" wp-image-12320 alignleft\" src=\"https:\/\/agora.xtec.cat\/iesgerbert\/wp-content\/uploads\/usu668\/2024\/12\/20241107_171437_Platja-Concha_6_11zon-scaled.jpg\" alt=\"\" width=\"599\" height=\"449\" srcset=\"https:\/\/agora.xtec.cat\/iesgerbert\/wp-content\/uploads\/usu668\/2024\/12\/20241107_171437_Platja-Concha_6_11zon-scaled.jpg 2560w, https:\/\/agora.xtec.cat\/iesgerbert\/wp-content\/uploads\/usu668\/2024\/12\/20241107_171437_Platja-Concha_6_11zon-300x225.jpg 300w, https:\/\/agora.xtec.cat\/iesgerbert\/wp-content\/uploads\/usu668\/2024\/12\/20241107_171437_Platja-Concha_6_11zon-1024x768.jpg 1024w, https:\/\/agora.xtec.cat\/iesgerbert\/wp-content\/uploads\/usu668\/2024\/12\/20241107_171437_Platja-Concha_6_11zon-768x576.jpg 768w, https:\/\/agora.xtec.cat\/iesgerbert\/wp-content\/uploads\/usu668\/2024\/12\/20241107_171437_Platja-Concha_6_11zon-1536x1152.jpg 1536w, https:\/\/agora.xtec.cat\/iesgerbert\/wp-content\/uploads\/usu668\/2024\/12\/20241107_171437_Platja-Concha_6_11zon-2048x1536.jpg 2048w, https:\/\/agora.xtec.cat\/iesgerbert\/wp-content\/uploads\/usu668\/2024\/12\/20241107_171437_Platja-Concha_6_11zon-200x150.jpg 200w\" sizes=\"auto, (max-width: 599px) 100vw, 599px\" \/><\/a> <a href=\"https:\/\/agora.xtec.cat\/iesgerbert\/wp-content\/uploads\/usu668\/2024\/12\/20241106_124438_Gatztelugatxe_4_11zon-scaled.jpg\"><img loading=\"lazy\" decoding=\"async\" class=\" wp-image-12318 alignleft\" src=\"https:\/\/agora.xtec.cat\/iesgerbert\/wp-content\/uploads\/usu668\/2024\/12\/20241106_124438_Gatztelugatxe_4_11zon-scaled.jpg\" alt=\"\" width=\"599\" height=\"799\" srcset=\"https:\/\/agora.xtec.cat\/iesgerbert\/wp-content\/uploads\/usu668\/2024\/12\/20241106_124438_Gatztelugatxe_4_11zon-scaled.jpg 1920w, https:\/\/agora.xtec.cat\/iesgerbert\/wp-content\/uploads\/usu668\/2024\/12\/20241106_124438_Gatztelugatxe_4_11zon-225x300.jpg 225w, https:\/\/agora.xtec.cat\/iesgerbert\/wp-content\/uploads\/usu668\/2024\/12\/20241106_124438_Gatztelugatxe_4_11zon-768x1024.jpg 768w, https:\/\/agora.xtec.cat\/iesgerbert\/wp-content\/uploads\/usu668\/2024\/12\/20241106_124438_Gatztelugatxe_4_11zon-1152x1536.jpg 1152w, https:\/\/agora.xtec.cat\/iesgerbert\/wp-content\/uploads\/usu668\/2024\/12\/20241106_124438_Gatztelugatxe_4_11zon-1536x2048.jpg 1536w\" sizes=\"auto, (max-width: 599px) 100vw, 599px\" \/><\/a> <a href=\"https:\/\/agora.xtec.cat\/iesgerbert\/wp-content\/uploads\/usu668\/2024\/12\/20241105_161906_Ekoetxea_3_11zon-scaled.jpg\"><img loading=\"lazy\" decoding=\"async\" class=\" wp-image-12317 alignleft\" src=\"https:\/\/agora.xtec.cat\/iesgerbert\/wp-content\/uploads\/usu668\/2024\/12\/20241105_161906_Ekoetxea_3_11zon-scaled.jpg\" alt=\"\" width=\"599\" height=\"449\" srcset=\"https:\/\/agora.xtec.cat\/iesgerbert\/wp-content\/uploads\/usu668\/2024\/12\/20241105_161906_Ekoetxea_3_11zon-scaled.jpg 2560w, https:\/\/agora.xtec.cat\/iesgerbert\/wp-content\/uploads\/usu668\/2024\/12\/20241105_161906_Ekoetxea_3_11zon-300x225.jpg 300w, https:\/\/agora.xtec.cat\/iesgerbert\/wp-content\/uploads\/usu668\/2024\/12\/20241105_161906_Ekoetxea_3_11zon-1024x768.jpg 1024w, https:\/\/agora.xtec.cat\/iesgerbert\/wp-content\/uploads\/usu668\/2024\/12\/20241105_161906_Ekoetxea_3_11zon-768x576.jpg 768w, https:\/\/agora.xtec.cat\/iesgerbert\/wp-content\/uploads\/usu668\/2024\/12\/20241105_161906_Ekoetxea_3_11zon-1536x1152.jpg 1536w, https:\/\/agora.xtec.cat\/iesgerbert\/wp-content\/uploads\/usu668\/2024\/12\/20241105_161906_Ekoetxea_3_11zon-2048x1536.jpg 2048w, https:\/\/agora.xtec.cat\/iesgerbert\/wp-content\/uploads\/usu668\/2024\/12\/20241105_161906_Ekoetxea_3_11zon-200x150.jpg 200w\" sizes=\"auto, (max-width: 599px) 100vw, 599px\" \/><\/a> <a href=\"https:\/\/agora.xtec.cat\/iesgerbert\/wp-content\/uploads\/usu668\/2024\/12\/20241105_123418_Emaus_2-scaled.jpg\"><img loading=\"lazy\" decoding=\"async\" class=\" wp-image-12316 alignleft\" src=\"https:\/\/agora.xtec.cat\/iesgerbert\/wp-content\/uploads\/usu668\/2024\/12\/20241105_123418_Emaus_2-scaled.jpg\" alt=\"\" width=\"599\" height=\"449\" srcset=\"https:\/\/agora.xtec.cat\/iesgerbert\/wp-content\/uploads\/usu668\/2024\/12\/20241105_123418_Emaus_2-scaled.jpg 2560w, https:\/\/agora.xtec.cat\/iesgerbert\/wp-content\/uploads\/usu668\/2024\/12\/20241105_123418_Emaus_2-300x225.jpg 300w, https:\/\/agora.xtec.cat\/iesgerbert\/wp-content\/uploads\/usu668\/2024\/12\/20241105_123418_Emaus_2-1024x768.jpg 1024w, https:\/\/agora.xtec.cat\/iesgerbert\/wp-content\/uploads\/usu668\/2024\/12\/20241105_123418_Emaus_2-768x576.jpg 768w, https:\/\/agora.xtec.cat\/iesgerbert\/wp-content\/uploads\/usu668\/2024\/12\/20241105_123418_Emaus_2-1536x1152.jpg 1536w, https:\/\/agora.xtec.cat\/iesgerbert\/wp-content\/uploads\/usu668\/2024\/12\/20241105_123418_Emaus_2-2048x1536.jpg 2048w, https:\/\/agora.xtec.cat\/iesgerbert\/wp-content\/uploads\/usu668\/2024\/12\/20241105_123418_Emaus_2-200x150.jpg 200w\" sizes=\"auto, (max-width: 599px) 100vw, 599px\" \/><\/a> <a href=\"https:\/\/agora.xtec.cat\/iesgerbert\/wp-content\/uploads\/usu668\/2024\/12\/20241105_104621_1_11zon-scaled.jpg\"><img loading=\"lazy\" decoding=\"async\" class=\" wp-image-12315 alignleft\" src=\"https:\/\/agora.xtec.cat\/iesgerbert\/wp-content\/uploads\/usu668\/2024\/12\/20241105_104621_1_11zon-scaled.jpg\" alt=\"\" width=\"598\" height=\"798\" srcset=\"https:\/\/agora.xtec.cat\/iesgerbert\/wp-content\/uploads\/usu668\/2024\/12\/20241105_104621_1_11zon-scaled.jpg 1920w, https:\/\/agora.xtec.cat\/iesgerbert\/wp-content\/uploads\/usu668\/2024\/12\/20241105_104621_1_11zon-225x300.jpg 225w, https:\/\/agora.xtec.cat\/iesgerbert\/wp-content\/uploads\/usu668\/2024\/12\/20241105_104621_1_11zon-768x1024.jpg 768w, https:\/\/agora.xtec.cat\/iesgerbert\/wp-content\/uploads\/usu668\/2024\/12\/20241105_104621_1_11zon-1152x1536.jpg 1152w, https:\/\/agora.xtec.cat\/iesgerbert\/wp-content\/uploads\/usu668\/2024\/12\/20241105_104621_1_11zon-1536x2048.jpg 1536w\" sizes=\"auto, (max-width: 598px) 100vw, 598px\" \/><\/a><\/p>\n","protected":false},"excerpt":{"rendered":"<p>Del 4 al 8 de novembre de 2024, Bilbao va acollir una esperada reuni\u00f3 de professors de diversos pa\u00efsos participants en el programa Erasmus+. Representants d&#8217;\u00c0ustria, Pa\u00efsos Baixos, Finl\u00e0ndia, Portugal i Espanya van tenir l&#8217;oportunitat de compartir experi\u00e8ncies, idees i projectes a trav\u00e9s d&#8217;aquesta trobada per concretar el projecte d\u2019enguany: \u201cEco Harmony, zero waste\u201d. Arribada [&hellip;]<\/p>\n","protected":false},"author":18,"featured_media":12322,"comment_status":"open","ping_status":"closed","sticky":false,"template":"","format":"standard","meta":{"_bbp_topic_count":0,"_bbp_reply_count":0,"_bbp_total_topic_count":0,"_bbp_total_reply_count":0,"_bbp_voice_count":0,"_bbp_anonymous_reply_count":0,"_bbp_topic_count_hidden":0,"_bbp_reply_count_hidden":0,"_bbp_forum_subforum_count":0,"site-sidebar-layout":"default","site-content-layout":"","ast-site-content-layout":"","site-content-style":"default","site-sidebar-style":"default","ast-global-header-display":"","ast-banner-title-visibility":"","ast-main-header-display":"","ast-hfb-above-header-display":"","ast-hfb-below-header-display":"","ast-hfb-mobile-header-display":"","site-post-title":"","ast-breadcrumbs-content":"","ast-featured-img":"","footer-sml-layout":"","theme-transparent-header-meta":"","adv-header-id-meta":"","stick-header-meta":"","header-above-stick-meta":"","header-main-stick-meta":"","header-below-stick-meta":"","astra-migrate-meta-layouts":"default","ast-page-background-enabled":"default","ast-page-background-meta":{"desktop":{"background-color":"var(--ast-global-color-4)","background-image":"","background-repeat":"repeat","background-position":"center center","background-size":"auto","background-attachment":"scroll","background-type":"","background-media":"","overlay-type":"","overlay-color":"","overlay-opacity":"","overlay-gradient":""},"tablet":{"background-color":"","background-image":"","background-repeat":"repeat","background-position":"center center","background-size":"auto","background-attachment":"scroll","background-type":"","background-media":"","overlay-type":"","overlay-color":"","overlay-opacity":"","overlay-gradient":""},"mobile":{"background-color":"","background-image":"","background-repeat":"repeat","background-position":"center center","background-size":"auto","background-attachment":"scroll","background-type":"","background-media":"","overlay-type":"","overlay-color":"","overlay-opacity":"","overlay-gradient":""}},"ast-content-background-meta":{"desktop":{"background-color":"var(--ast-global-color-5)","background-image":"","background-repeat":"repeat","background-position":"center center","background-size":"auto","background-attachment":"scroll","background-type":"","background-media":"","overlay-type":"","overlay-color":"","overlay-opacity":"","overlay-gradient":""},"tablet":{"background-color":"var(--ast-global-color-5)","background-image":"","background-repeat":"repeat","background-position":"center center","background-size":"auto","background-attachment":"scroll","background-type":"","background-media":"","overlay-type":"","overlay-color":"","overlay-opacity":"","overlay-gradient":""},"mobile":{"background-color":"var(--ast-global-color-5)","background-image":"","background-repeat":"repeat","background-position":"center center","background-size":"auto","background-attachment":"scroll","background-type":"","background-media":"","overlay-type":"","overlay-color":"","overlay-opacity":"","overlay-gradient":""}},"footnotes":""},"categories":[132,1,29],"tags":[],"class_list":["post-12311","post","type-post","status-publish","format-standard","has-post-thumbnail","hentry","category-erasmus","category-general","category-portada"],"post_mailing_queue_ids":[],"_links":{"self":[{"href":"https:\/\/agora.xtec.cat\/iesgerbert\/wp-json\/wp\/v2\/posts\/12311","targetHints":{"allow":["GET"]}}],"collection":[{"href":"https:\/\/agora.xtec.cat\/iesgerbert\/wp-json\/wp\/v2\/posts"}],"about":[{"href":"https:\/\/agora.xtec.cat\/iesgerbert\/wp-json\/wp\/v2\/types\/post"}],"author":[{"embeddable":true,"href":"https:\/\/agora.xtec.cat\/iesgerbert\/wp-json\/wp\/v2\/users\/18"}],"replies":[{"embeddable":true,"href":"https:\/\/agora.xtec.cat\/iesgerbert\/wp-json\/wp\/v2\/comments?post=12311"}],"version-history":[{"count":6,"href":"https:\/\/agora.xtec.cat\/iesgerbert\/wp-json\/wp\/v2\/posts\/12311\/revisions"}],"predecessor-version":[{"id":12326,"href":"https:\/\/agora.xtec.cat\/iesgerbert\/wp-json\/wp\/v2\/posts\/12311\/revisions\/12326"}],"wp:featuredmedia":[{"embeddable":true,"href":"https:\/\/agora.xtec.cat\/iesgerbert\/wp-json\/wp\/v2\/media\/12322"}],"wp:attachment":[{"href":"https:\/\/agora.xtec.cat\/iesgerbert\/wp-json\/wp\/v2\/media?parent=12311"}],"wp:term":[{"taxonomy":"category","embeddable":true,"href":"https:\/\/agora.xtec.cat\/iesgerbert\/wp-json\/wp\/v2\/categories?post=12311"},{"taxonomy":"post_tag","embeddable":true,"href":"https:\/\/agora.xtec.cat\/iesgerbert\/wp-json\/wp\/v2\/tags?post=12311"}],"curies":[{"name":"wp","href":"https:\/\/api.w.org\/{rel}","templated":true}]}}