{"id":12242,"date":"2024-11-19T19:00:28","date_gmt":"2024-11-19T18:00:28","guid":{"rendered":"https:\/\/agora.xtec.cat\/iesgerbert\/?p=12242"},"modified":"2024-11-20T17:05:52","modified_gmt":"2024-11-20T16:05:52","slug":"inauguracio-del-parc-annie-ernaux","status":"publish","type":"post","link":"https:\/\/agora.xtec.cat\/iesgerbert\/general\/inauguracio-del-parc-annie-ernaux\/","title":{"rendered":"INAUGURACI\u00d3 DEL PARC ANNIE ERNAUX"},"content":{"rendered":"<p style=\"text-align: justify;\">El passat divendres 15 de novembre va tenir lloc la inauguraci\u00f3 del parc Annie Ernaux a Sant Fruit\u00f3s de Bages. Es tracta d\u2019un espai ben conegut dins del municipi, situat davant de l\u2019Escola Pla del Puig. Des de divendres el seu trenet est\u00e0 acompanyat d\u2019una placa explicativa i d\u2019un cartell amb el nom de la guanyadora del Premi Nobel de Literatura del 2022.<\/p>\n<p style=\"text-align: justify;\">La iniciativa d\u2019anomenar aix\u00ed el parc va sorgir arran d\u2019un projecte de classe (\u201cFemme et rue\u201d), en qu\u00e8 l\u2019alumnat de 2n de Batxibac havia de fer propostes a l\u2019Ajuntament per tal de demanar m\u00e9s representaci\u00f3 femenina en els seus espais p\u00fablics. Despr\u00e9s de pensar-hi molt, van acabar triant l\u2019Annie Ernaux d\u2019entre moltes altres escriptores influents. El passat mes de maig quatre representants es van reunir a l\u2019Ajuntament amb l\u2019alcalde, Joan Carles Batan\u00e9s, i amb la regidora de Sanitat i d\u2019Ensenyament, M\u00f2nica Cruz, i des d\u2019un primer moment van mostrar un gran inter\u00e8s per la proposta. All\u00f2 que va comen\u00e7ar com una activitat d\u2019aula, va anar creixent fins que es va materialitzar el passat divendres amb un acte inaugural molt emotiu. Va estar, sens dubte, un gran dia per la hist\u00f2ria del nostre Batxibac, que enguany fa 12 anys. Els parlaments van ser molt emotius i la interpretaci\u00f3 musical de la can\u00e7\u00f3 \u201cLa vie en rose\u201d va ser un final rod\u00f3.<\/p>\n<p>A continuaci\u00f3 us deixem amb el discurs dels representants del Batxibac durant la inauguraci\u00f3:<\/p>\n<p style=\"text-align: justify;\"><em>Bona tarda a tothom,<\/em><\/p>\n<p style=\"text-align: justify;\"><em>Som el Mart\u00ed, el Jan, la Riham i l\u2019Ona i avui \u00e9s un dia molt especial per a nosaltres. Som exalumnes de Batxibac de l\u2019Institut Gerbert d\u2019Aurillac, i el passat mes de maig ens vam adre\u00e7ar a l\u2019Ajuntament amb una proposta que avui, gr\u00e0cies a l\u2019Ajuntament de Sant Fruit\u00f3s de Bages, es fa realitat.<\/em><br \/>\n<em>La nostra sol\u00b7licitud consistia a donar nom a una pla\u00e7a, carrer o travessia (aquells espais encara pendents de nomenar) amb el nom de l\u2019escriptora franc\u00f2fona Annie Ernaux, una dona que vam estudiar a literatura francesa. El nostre objectiu era clar: vol\u00edem que el nostre poble es convert\u00eds en un espai que foment\u00e9s l\u2019aprenentatge de noves lleng\u00fces i cultures, alhora que defens\u00e9s la figura de la dona i la igualtat de g\u00e8nere. I avui, amb la inauguraci\u00f3 del parc Annie Ernaux, aquest desig supera totes les nostres expectatives.<\/em><br \/>\n<em>Per qu\u00e8 Annie Ernaux, i no una altra? Ernaux \u00e9s una autora que ha fet de la seva experi\u00e8ncia personal una veu per a tota una generaci\u00f3, per a les dones, especialment per a aquelles invisibilitzades i, en conseq\u00fc\u00e8ncia, oblidades.<\/em><br \/>\n<em>A la traject\u00f2ria liter\u00e0ria d\u2019Annie Ernaux es ressalta el seu comprom\u00eds amb la causa feminista, un comprom\u00eds que vol\u00edem transmetre i compartir. Creiem fermament que recordar i honorar dones com ella \u00e9s una forma de garantir que les seves hist\u00f2ries i lluites no cauran en l\u2019oblit. Com a joves i ciutadans, ens sentim responsables de promoure la cultura i recon\u00e8ixer figures tan importants per a la hist\u00f2ria de les dones i, en definitiva, per al progr\u00e9s de la nostra societat.<\/em><br \/>\n<em>L\u2019obra d\u2019Ernaux \u00e9s un llegat per a les generacions futures, i el fet d\u2019anomenar aquest parc amb el seu nom \u00e9s un acte de solidaritat, de comprom\u00eds i de valentia per part del nostre poble, el qual, amb accions que en un primer moment semblen insignificants, realment marca un abans i un despr\u00e9s i emfatitza la seva posici\u00f3 a favor de la igualtat i els drets de les dones.<\/em><br \/>\n<em>Sabem que, al llarg de la hist\u00f2ria, les dones han estat greument infrarepresentades en l\u2019espai p\u00fablic, malgrat la seva aportaci\u00f3 essencial. Aix\u00f2 ha resultat en un gran desequilibri en el nomenament dels nostres carrers, on les figures masculines s\u00f3n encara molt m\u00e9s nombroses. Aquesta inauguraci\u00f3 no \u00e9s nom\u00e9s un reconeixement just, sin\u00f3 tamb\u00e9 un pas significatiu cap a una representaci\u00f3 adequada de les dones a Sant Fruit\u00f3s de Bages.<\/em><br \/>\n<em>Volem tornar a agrair a l\u2019alcalde, Joan Carles Batan\u00e9s, i a la regidora d\u2019Ensenyament i Sanitat, M\u00f2nica Cruz, per haver escoltat la nostra proposta i haver-la fet realitat. Tamb\u00e9 ens agradaria donar les gr\u00e0cies a la nostra tutora del Batxibac, Marina Bonilla, perqu\u00e8, sense ella, no haur\u00edem pogut con\u00e8ixer la hist\u00f2ria d\u2019Annie Ernaux ni tampoc haur\u00edem tingut la suficient voluntat ni motivaci\u00f3 per plantejar aquesta proposta. Moltes gr\u00e0cies per tot; De nou, Merci beaucoup, Marina.<\/em><br \/>\n<em>I ara, creiem que aquest discurs no es pot acabar, sense citar a la propia autora:<\/em><br \/>\n<em>&#8220;[El fet d&#8217;haver viscut alguna cosa, sigui el que sigui, dona el dret imprescriptible d&#8217;escriure&#8217;n. No existeix una veritat inferior. I si no explico aquesta experi\u00e8ncia fins al final, contribuir\u00e9 a enfosquir la realitat de les dones i em posar\u00e9 del costat de la dominaci\u00f3 masculina del m\u00f3n]&#8221; (Annie Ernaux) .<\/em><br \/>\n<em>Moltes gr\u00e0cies<\/em><\/p>\n<p style=\"text-align: justify;\">Us animem a visitar el parc i a descobrir l\u2019obra de l\u2019Annie Ernaux.<\/p>\n<p style=\"text-align: justify;\"><strong>Marina Bonilla, coordinadora del Batxibac<\/strong><\/p>\n<p>&nbsp;<\/p>\n<p><strong>Cliqueu <a href=\"https:\/\/drive.google.com\/file\/d\/1S0eHZqhNwExt3Ppn03EDBJYHZWAvFJWO\/view\">aqu\u00ed<\/a> per veure el v\u00eddeo on la Riham El Harti i l&#8217;Ona Am\u00e9rigo demanaven un carrer amb el nom de l&#8217;Annie Ernaux.<\/strong><\/p>\n<p>&nbsp;<\/p>\n<p><strong>Articles sobre la inauguraci\u00f3:<\/strong><\/p>\n<p><a href=\"https:\/\/www.regio7.cat\/bages\/2024\/11\/08\/nou-parc-davant-l-escola-111505786.html\">https:\/\/www.regio7.cat\/bages\/2024\/11\/08\/nou-parc-davant-l-escola-111505786.html<\/a><\/p>\n<p><a href=\"https:\/\/www.santfruitos.cat\/actualitat\/agenda\/inauguracio-parc-annie-ernaux\">https:\/\/www.santfruitos.cat\/actualitat\/agenda\/inauguracio-parc-annie-ernaux<\/a><\/p>\n<p><a href=\"https:\/\/www.santfruitos.cat\/actualitat\/noticies\/el-nou-parc-de-davant-de-lescola-pla-del-puig-portara-el-nom-de-la-premi-nobel-de-literatura-annie-ernaux\">https:\/\/www.santfruitos.cat\/actualitat\/noticies\/el-nou-parc-de-davant-de-lescola-pla-del-puig-portara-el-nom-de-la-premi-nobel-de-literatura-annie-ernaux<\/a><\/p>\n<p><a href=\"https:\/\/onabages.cat\/sant-fruitos-tindra-un-parc-amb-nom-de-dona-despres-que-uns-alumnes-reclamessin-mes-nomenclator-femeni\">https:\/\/onabages.cat\/sant-fruitos-tindra-un-parc-amb-nom-de-dona-despres-que-uns-alumnes-reclamessin-mes-nomenclator-femen<\/a><\/p>\n<p><a href=\"https:\/\/agora.xtec.cat\/iesgerbert\/wp-content\/uploads\/usu668\/2024\/11\/IMG_2108.jpeg\"><img loading=\"lazy\" decoding=\"async\" class=\" wp-image-12241 alignleft\" src=\"https:\/\/agora.xtec.cat\/iesgerbert\/wp-content\/uploads\/usu668\/2024\/11\/IMG_2108.jpeg\" alt=\"\" width=\"592\" height=\"444\" srcset=\"https:\/\/agora.xtec.cat\/iesgerbert\/wp-content\/uploads\/usu668\/2024\/11\/IMG_2108.jpeg 2048w, https:\/\/agora.xtec.cat\/iesgerbert\/wp-content\/uploads\/usu668\/2024\/11\/IMG_2108-300x225.jpeg 300w, https:\/\/agora.xtec.cat\/iesgerbert\/wp-content\/uploads\/usu668\/2024\/11\/IMG_2108-1024x768.jpeg 1024w, https:\/\/agora.xtec.cat\/iesgerbert\/wp-content\/uploads\/usu668\/2024\/11\/IMG_2108-768x576.jpeg 768w, https:\/\/agora.xtec.cat\/iesgerbert\/wp-content\/uploads\/usu668\/2024\/11\/IMG_2108-1536x1152.jpeg 1536w, https:\/\/agora.xtec.cat\/iesgerbert\/wp-content\/uploads\/usu668\/2024\/11\/IMG_2108-200x150.jpeg 200w\" sizes=\"auto, (max-width: 592px) 100vw, 592px\" \/><\/a> <a href=\"https:\/\/agora.xtec.cat\/iesgerbert\/wp-content\/uploads\/usu668\/2024\/11\/IMG_2102.jpeg\"><img loading=\"lazy\" decoding=\"async\" class=\" wp-image-12240 alignleft\" src=\"https:\/\/agora.xtec.cat\/iesgerbert\/wp-content\/uploads\/usu668\/2024\/11\/IMG_2102.jpeg\" alt=\"\" width=\"594\" height=\"445\" srcset=\"https:\/\/agora.xtec.cat\/iesgerbert\/wp-content\/uploads\/usu668\/2024\/11\/IMG_2102.jpeg 2048w, https:\/\/agora.xtec.cat\/iesgerbert\/wp-content\/uploads\/usu668\/2024\/11\/IMG_2102-300x225.jpeg 300w, https:\/\/agora.xtec.cat\/iesgerbert\/wp-content\/uploads\/usu668\/2024\/11\/IMG_2102-1024x768.jpeg 1024w, https:\/\/agora.xtec.cat\/iesgerbert\/wp-content\/uploads\/usu668\/2024\/11\/IMG_2102-768x576.jpeg 768w, https:\/\/agora.xtec.cat\/iesgerbert\/wp-content\/uploads\/usu668\/2024\/11\/IMG_2102-1536x1152.jpeg 1536w, https:\/\/agora.xtec.cat\/iesgerbert\/wp-content\/uploads\/usu668\/2024\/11\/IMG_2102-200x150.jpeg 200w\" sizes=\"auto, (max-width: 594px) 100vw, 594px\" \/><\/a> <a href=\"https:\/\/agora.xtec.cat\/iesgerbert\/wp-content\/uploads\/usu668\/2024\/11\/IMG_2097.jpeg\"><img loading=\"lazy\" decoding=\"async\" class=\" wp-image-12239 alignleft\" src=\"https:\/\/agora.xtec.cat\/iesgerbert\/wp-content\/uploads\/usu668\/2024\/11\/IMG_2097.jpeg\" alt=\"\" width=\"594\" height=\"446\" srcset=\"https:\/\/agora.xtec.cat\/iesgerbert\/wp-content\/uploads\/usu668\/2024\/11\/IMG_2097.jpeg 2048w, https:\/\/agora.xtec.cat\/iesgerbert\/wp-content\/uploads\/usu668\/2024\/11\/IMG_2097-300x225.jpeg 300w, https:\/\/agora.xtec.cat\/iesgerbert\/wp-content\/uploads\/usu668\/2024\/11\/IMG_2097-1024x768.jpeg 1024w, https:\/\/agora.xtec.cat\/iesgerbert\/wp-content\/uploads\/usu668\/2024\/11\/IMG_2097-768x576.jpeg 768w, https:\/\/agora.xtec.cat\/iesgerbert\/wp-content\/uploads\/usu668\/2024\/11\/IMG_2097-1536x1152.jpeg 1536w, https:\/\/agora.xtec.cat\/iesgerbert\/wp-content\/uploads\/usu668\/2024\/11\/IMG_2097-200x150.jpeg 200w\" sizes=\"auto, (max-width: 594px) 100vw, 594px\" \/><\/a> <a href=\"https:\/\/agora.xtec.cat\/iesgerbert\/wp-content\/uploads\/usu668\/2024\/11\/IMG_2096.jpeg\"><img loading=\"lazy\" decoding=\"async\" class=\" wp-image-12238 alignleft\" src=\"https:\/\/agora.xtec.cat\/iesgerbert\/wp-content\/uploads\/usu668\/2024\/11\/IMG_2096.jpeg\" alt=\"\" width=\"594\" height=\"792\" srcset=\"https:\/\/agora.xtec.cat\/iesgerbert\/wp-content\/uploads\/usu668\/2024\/11\/IMG_2096.jpeg 1536w, https:\/\/agora.xtec.cat\/iesgerbert\/wp-content\/uploads\/usu668\/2024\/11\/IMG_2096-225x300.jpeg 225w, https:\/\/agora.xtec.cat\/iesgerbert\/wp-content\/uploads\/usu668\/2024\/11\/IMG_2096-768x1024.jpeg 768w, https:\/\/agora.xtec.cat\/iesgerbert\/wp-content\/uploads\/usu668\/2024\/11\/IMG_2096-1152x1536.jpeg 1152w\" sizes=\"auto, (max-width: 594px) 100vw, 594px\" \/><\/a> <a href=\"https:\/\/agora.xtec.cat\/iesgerbert\/wp-content\/uploads\/usu668\/2024\/11\/IMG_2094.jpeg\"><img loading=\"lazy\" decoding=\"async\" class=\" wp-image-12237 alignleft\" src=\"https:\/\/agora.xtec.cat\/iesgerbert\/wp-content\/uploads\/usu668\/2024\/11\/IMG_2094.jpeg\" alt=\"\" width=\"593\" height=\"791\" srcset=\"https:\/\/agora.xtec.cat\/iesgerbert\/wp-content\/uploads\/usu668\/2024\/11\/IMG_2094.jpeg 1536w, https:\/\/agora.xtec.cat\/iesgerbert\/wp-content\/uploads\/usu668\/2024\/11\/IMG_2094-225x300.jpeg 225w, https:\/\/agora.xtec.cat\/iesgerbert\/wp-content\/uploads\/usu668\/2024\/11\/IMG_2094-768x1024.jpeg 768w, https:\/\/agora.xtec.cat\/iesgerbert\/wp-content\/uploads\/usu668\/2024\/11\/IMG_2094-1152x1536.jpeg 1152w\" sizes=\"auto, (max-width: 593px) 100vw, 593px\" \/><\/a> <a href=\"https:\/\/agora.xtec.cat\/iesgerbert\/wp-content\/uploads\/usu668\/2024\/11\/IMG_2089.jpeg\"><img loading=\"lazy\" decoding=\"async\" class=\" wp-image-12236 alignleft\" src=\"https:\/\/agora.xtec.cat\/iesgerbert\/wp-content\/uploads\/usu668\/2024\/11\/IMG_2089.jpeg\" alt=\"\" width=\"595\" height=\"446\" srcset=\"https:\/\/agora.xtec.cat\/iesgerbert\/wp-content\/uploads\/usu668\/2024\/11\/IMG_2089.jpeg 2048w, https:\/\/agora.xtec.cat\/iesgerbert\/wp-content\/uploads\/usu668\/2024\/11\/IMG_2089-300x225.jpeg 300w, https:\/\/agora.xtec.cat\/iesgerbert\/wp-content\/uploads\/usu668\/2024\/11\/IMG_2089-1024x768.jpeg 1024w, https:\/\/agora.xtec.cat\/iesgerbert\/wp-content\/uploads\/usu668\/2024\/11\/IMG_2089-768x576.jpeg 768w, https:\/\/agora.xtec.cat\/iesgerbert\/wp-content\/uploads\/usu668\/2024\/11\/IMG_2089-1536x1152.jpeg 1536w, https:\/\/agora.xtec.cat\/iesgerbert\/wp-content\/uploads\/usu668\/2024\/11\/IMG_2089-200x150.jpeg 200w\" sizes=\"auto, (max-width: 595px) 100vw, 595px\" \/><\/a> <a href=\"https:\/\/agora.xtec.cat\/iesgerbert\/wp-content\/uploads\/usu668\/2024\/11\/IMG_2087.jpeg\"><img loading=\"lazy\" decoding=\"async\" class=\" wp-image-12235 alignleft\" src=\"https:\/\/agora.xtec.cat\/iesgerbert\/wp-content\/uploads\/usu668\/2024\/11\/IMG_2087.jpeg\" alt=\"\" width=\"594\" height=\"792\" srcset=\"https:\/\/agora.xtec.cat\/iesgerbert\/wp-content\/uploads\/usu668\/2024\/11\/IMG_2087.jpeg 1536w, https:\/\/agora.xtec.cat\/iesgerbert\/wp-content\/uploads\/usu668\/2024\/11\/IMG_2087-225x300.jpeg 225w, https:\/\/agora.xtec.cat\/iesgerbert\/wp-content\/uploads\/usu668\/2024\/11\/IMG_2087-768x1024.jpeg 768w, https:\/\/agora.xtec.cat\/iesgerbert\/wp-content\/uploads\/usu668\/2024\/11\/IMG_2087-1152x1536.jpeg 1152w\" sizes=\"auto, (max-width: 594px) 100vw, 594px\" \/><\/a> <a href=\"https:\/\/agora.xtec.cat\/iesgerbert\/wp-content\/uploads\/usu668\/2024\/11\/7E14A55E-E6C2-46A7-9558-0FB4609BB9CE.jpg\"><img loading=\"lazy\" decoding=\"async\" class=\" wp-image-12233 alignleft\" src=\"https:\/\/agora.xtec.cat\/iesgerbert\/wp-content\/uploads\/usu668\/2024\/11\/7E14A55E-E6C2-46A7-9558-0FB4609BB9CE.jpg\" alt=\"\" width=\"595\" height=\"261\" srcset=\"https:\/\/agora.xtec.cat\/iesgerbert\/wp-content\/uploads\/usu668\/2024\/11\/7E14A55E-E6C2-46A7-9558-0FB4609BB9CE.jpg 899w, https:\/\/agora.xtec.cat\/iesgerbert\/wp-content\/uploads\/usu668\/2024\/11\/7E14A55E-E6C2-46A7-9558-0FB4609BB9CE-300x132.jpg 300w, https:\/\/agora.xtec.cat\/iesgerbert\/wp-content\/uploads\/usu668\/2024\/11\/7E14A55E-E6C2-46A7-9558-0FB4609BB9CE-768x337.jpg 768w\" sizes=\"auto, (max-width: 595px) 100vw, 595px\" \/><\/a><\/p>\n","protected":false},"excerpt":{"rendered":"<p>El passat divendres 15 de novembre va tenir lloc la inauguraci\u00f3 del parc Annie Ernaux a Sant Fruit\u00f3s de Bages. Es tracta d\u2019un espai ben conegut dins del municipi, situat davant de l\u2019Escola Pla del Puig. Des de divendres el seu trenet est\u00e0 acompanyat d\u2019una placa explicativa i d\u2019un cartell amb el nom de la [&hellip;]<\/p>\n","protected":false},"author":18,"featured_media":12240,"comment_status":"open","ping_status":"closed","sticky":false,"template":"","format":"standard","meta":{"_bbp_topic_count":0,"_bbp_reply_count":0,"_bbp_total_topic_count":0,"_bbp_total_reply_count":0,"_bbp_voice_count":0,"_bbp_anonymous_reply_count":0,"_bbp_topic_count_hidden":0,"_bbp_reply_count_hidden":0,"_bbp_forum_subforum_count":0,"site-sidebar-layout":"default","site-content-layout":"","ast-site-content-layout":"","site-content-style":"default","site-sidebar-style":"default","ast-global-header-display":"","ast-banner-title-visibility":"","ast-main-header-display":"","ast-hfb-above-header-display":"","ast-hfb-below-header-display":"","ast-hfb-mobile-header-display":"","site-post-title":"","ast-breadcrumbs-content":"","ast-featured-img":"","footer-sml-layout":"","theme-transparent-header-meta":"","adv-header-id-meta":"","stick-header-meta":"","header-above-stick-meta":"","header-main-stick-meta":"","header-below-stick-meta":"","astra-migrate-meta-layouts":"default","ast-page-background-enabled":"default","ast-page-background-meta":{"desktop":{"background-color":"var(--ast-global-color-4)","background-image":"","background-repeat":"repeat","background-position":"center center","background-size":"auto","background-attachment":"scroll","background-type":"","background-media":"","overlay-type":"","overlay-color":"","overlay-opacity":"","overlay-gradient":""},"tablet":{"background-color":"","background-image":"","background-repeat":"repeat","background-position":"center center","background-size":"auto","background-attachment":"scroll","background-type":"","background-media":"","overlay-type":"","overlay-color":"","overlay-opacity":"","overlay-gradient":""},"mobile":{"background-color":"","background-image":"","background-repeat":"repeat","background-position":"center center","background-size":"auto","background-attachment":"scroll","background-type":"","background-media":"","overlay-type":"","overlay-color":"","overlay-opacity":"","overlay-gradient":""}},"ast-content-background-meta":{"desktop":{"background-color":"var(--ast-global-color-5)","background-image":"","background-repeat":"repeat","background-position":"center center","background-size":"auto","background-attachment":"scroll","background-type":"","background-media":"","overlay-type":"","overlay-color":"","overlay-opacity":"","overlay-gradient":""},"tablet":{"background-color":"var(--ast-global-color-5)","background-image":"","background-repeat":"repeat","background-position":"center center","background-size":"auto","background-attachment":"scroll","background-type":"","background-media":"","overlay-type":"","overlay-color":"","overlay-opacity":"","overlay-gradient":""},"mobile":{"background-color":"var(--ast-global-color-5)","background-image":"","background-repeat":"repeat","background-position":"center center","background-size":"auto","background-attachment":"scroll","background-type":"","background-media":"","overlay-type":"","overlay-color":"","overlay-opacity":"","overlay-gradient":""}},"footnotes":""},"categories":[31,99,1,29],"tags":[],"class_list":["post-12242","post","type-post","status-publish","format-standard","has-post-thumbnail","hentry","category-afa","category-batxibac","category-general","category-portada"],"post_mailing_queue_ids":[],"_links":{"self":[{"href":"https:\/\/agora.xtec.cat\/iesgerbert\/wp-json\/wp\/v2\/posts\/12242","targetHints":{"allow":["GET"]}}],"collection":[{"href":"https:\/\/agora.xtec.cat\/iesgerbert\/wp-json\/wp\/v2\/posts"}],"about":[{"href":"https:\/\/agora.xtec.cat\/iesgerbert\/wp-json\/wp\/v2\/types\/post"}],"author":[{"embeddable":true,"href":"https:\/\/agora.xtec.cat\/iesgerbert\/wp-json\/wp\/v2\/users\/18"}],"replies":[{"embeddable":true,"href":"https:\/\/agora.xtec.cat\/iesgerbert\/wp-json\/wp\/v2\/comments?post=12242"}],"version-history":[{"count":4,"href":"https:\/\/agora.xtec.cat\/iesgerbert\/wp-json\/wp\/v2\/posts\/12242\/revisions"}],"predecessor-version":[{"id":12257,"href":"https:\/\/agora.xtec.cat\/iesgerbert\/wp-json\/wp\/v2\/posts\/12242\/revisions\/12257"}],"wp:featuredmedia":[{"embeddable":true,"href":"https:\/\/agora.xtec.cat\/iesgerbert\/wp-json\/wp\/v2\/media\/12240"}],"wp:attachment":[{"href":"https:\/\/agora.xtec.cat\/iesgerbert\/wp-json\/wp\/v2\/media?parent=12242"}],"wp:term":[{"taxonomy":"category","embeddable":true,"href":"https:\/\/agora.xtec.cat\/iesgerbert\/wp-json\/wp\/v2\/categories?post=12242"},{"taxonomy":"post_tag","embeddable":true,"href":"https:\/\/agora.xtec.cat\/iesgerbert\/wp-json\/wp\/v2\/tags?post=12242"}],"curies":[{"name":"wp","href":"https:\/\/api.w.org\/{rel}","templated":true}]}}