{"id":12229,"date":"2024-11-18T18:34:08","date_gmt":"2024-11-18T17:34:08","guid":{"rendered":"https:\/\/agora.xtec.cat\/iesgerbert\/?p=12229"},"modified":"2024-11-18T18:34:08","modified_gmt":"2024-11-18T17:34:08","slug":"sortida-aigues-encantades-amb-2n-de-batxillerat","status":"publish","type":"post","link":"https:\/\/agora.xtec.cat\/iesgerbert\/general\/sortida-aigues-encantades-amb-2n-de-batxillerat\/","title":{"rendered":"SORTIDA AIG\u00dcES ENCANTADES AMB 2n DE BATXILLERAT"},"content":{"rendered":"<p style=\"text-align: justify;\">El passat 14 de novembre, l&#8217;alumnat de 2n de batxillerat va assistir a una adaptaci\u00f3 d&#8217;Aig\u00fces encantades, de Joan Puig i Ferreter, al teatre Conservatori de Manresa. Aquesta obra, representada per la companyia Teatre de Ponent, i sota la direcci\u00f3 de Frederic Roda, \u00e9s una versi\u00f3 del cl\u00e0ssic modernista de la literatura catalana. Aig\u00fces encantades planteja el conflicte entre la tradici\u00f3 i la modernitat, el poble i la ciutat, l&#8217;individu \/ artista i la societat de l&#8217;\u00e8poca.<\/p>\n<p style=\"text-align: justify;\">L&#8217;alumnat va gaudir de l&#8217;obra i despr\u00e9s va poder participar en un col\u00b7loqui amb els actors, per plantejar-los dubtes i curiositats sobre la representaci\u00f3, l&#8217;adaptaci\u00f3, la seva professi\u00f3, etc. Una experi\u00e8ncia molt enriquidora!<\/p>\n<p><strong>Berta Crous, professora de catal\u00e0<\/strong><\/p>\n<p><a href=\"https:\/\/agora.xtec.cat\/iesgerbert\/wp-content\/uploads\/usu668\/2024\/11\/AIGUES-ENCANTADES-1-scaled.jpg\"><img loading=\"lazy\" decoding=\"async\" class=\" wp-image-12227 alignleft\" src=\"https:\/\/agora.xtec.cat\/iesgerbert\/wp-content\/uploads\/usu668\/2024\/11\/AIGUES-ENCANTADES-1-scaled.jpg\" alt=\"\" width=\"710\" height=\"533\" srcset=\"https:\/\/agora.xtec.cat\/iesgerbert\/wp-content\/uploads\/usu668\/2024\/11\/AIGUES-ENCANTADES-1-scaled.jpg 2560w, https:\/\/agora.xtec.cat\/iesgerbert\/wp-content\/uploads\/usu668\/2024\/11\/AIGUES-ENCANTADES-1-300x225.jpg 300w, https:\/\/agora.xtec.cat\/iesgerbert\/wp-content\/uploads\/usu668\/2024\/11\/AIGUES-ENCANTADES-1-1024x768.jpg 1024w, https:\/\/agora.xtec.cat\/iesgerbert\/wp-content\/uploads\/usu668\/2024\/11\/AIGUES-ENCANTADES-1-768x576.jpg 768w, https:\/\/agora.xtec.cat\/iesgerbert\/wp-content\/uploads\/usu668\/2024\/11\/AIGUES-ENCANTADES-1-1536x1152.jpg 1536w, https:\/\/agora.xtec.cat\/iesgerbert\/wp-content\/uploads\/usu668\/2024\/11\/AIGUES-ENCANTADES-1-2048x1536.jpg 2048w, https:\/\/agora.xtec.cat\/iesgerbert\/wp-content\/uploads\/usu668\/2024\/11\/AIGUES-ENCANTADES-1-200x150.jpg 200w\" sizes=\"auto, (max-width: 710px) 100vw, 710px\" \/><\/a> <a href=\"https:\/\/agora.xtec.cat\/iesgerbert\/wp-content\/uploads\/usu668\/2024\/11\/AIGUES-ENCANTADES-2-1-scaled.jpg\"><img loading=\"lazy\" decoding=\"async\" class=\" wp-image-12228 alignleft\" src=\"https:\/\/agora.xtec.cat\/iesgerbert\/wp-content\/uploads\/usu668\/2024\/11\/AIGUES-ENCANTADES-2-1-scaled.jpg\" alt=\"\" width=\"708\" height=\"531\" srcset=\"https:\/\/agora.xtec.cat\/iesgerbert\/wp-content\/uploads\/usu668\/2024\/11\/AIGUES-ENCANTADES-2-1-scaled.jpg 2560w, https:\/\/agora.xtec.cat\/iesgerbert\/wp-content\/uploads\/usu668\/2024\/11\/AIGUES-ENCANTADES-2-1-300x225.jpg 300w, https:\/\/agora.xtec.cat\/iesgerbert\/wp-content\/uploads\/usu668\/2024\/11\/AIGUES-ENCANTADES-2-1-1024x768.jpg 1024w, https:\/\/agora.xtec.cat\/iesgerbert\/wp-content\/uploads\/usu668\/2024\/11\/AIGUES-ENCANTADES-2-1-768x576.jpg 768w, https:\/\/agora.xtec.cat\/iesgerbert\/wp-content\/uploads\/usu668\/2024\/11\/AIGUES-ENCANTADES-2-1-1536x1152.jpg 1536w, https:\/\/agora.xtec.cat\/iesgerbert\/wp-content\/uploads\/usu668\/2024\/11\/AIGUES-ENCANTADES-2-1-2048x1536.jpg 2048w, https:\/\/agora.xtec.cat\/iesgerbert\/wp-content\/uploads\/usu668\/2024\/11\/AIGUES-ENCANTADES-2-1-200x150.jpg 200w\" sizes=\"auto, (max-width: 708px) 100vw, 708px\" \/><\/a><\/p>\n","protected":false},"excerpt":{"rendered":"<p>El passat 14 de novembre, l&#8217;alumnat de 2n de batxillerat va assistir a una adaptaci\u00f3 d&#8217;Aig\u00fces encantades, de Joan Puig i Ferreter, al teatre Conservatori de Manresa. Aquesta obra, representada per la companyia Teatre de Ponent, i sota la direcci\u00f3 de Frederic Roda, \u00e9s una versi\u00f3 del cl\u00e0ssic modernista de la literatura catalana. Aig\u00fces encantades [&hellip;]<\/p>\n","protected":false},"author":18,"featured_media":12227,"comment_status":"open","ping_status":"closed","sticky":false,"template":"","format":"standard","meta":{"_bbp_topic_count":0,"_bbp_reply_count":0,"_bbp_total_topic_count":0,"_bbp_total_reply_count":0,"_bbp_voice_count":0,"_bbp_anonymous_reply_count":0,"_bbp_topic_count_hidden":0,"_bbp_reply_count_hidden":0,"_bbp_forum_subforum_count":0,"site-sidebar-layout":"default","site-content-layout":"","ast-site-content-layout":"","site-content-style":"default","site-sidebar-style":"default","ast-global-header-display":"","ast-banner-title-visibility":"","ast-main-header-display":"","ast-hfb-above-header-display":"","ast-hfb-below-header-display":"","ast-hfb-mobile-header-display":"","site-post-title":"","ast-breadcrumbs-content":"","ast-featured-img":"","footer-sml-layout":"","theme-transparent-header-meta":"","adv-header-id-meta":"","stick-header-meta":"","header-above-stick-meta":"","header-main-stick-meta":"","header-below-stick-meta":"","astra-migrate-meta-layouts":"default","ast-page-background-enabled":"default","ast-page-background-meta":{"desktop":{"background-color":"var(--ast-global-color-4)","background-image":"","background-repeat":"repeat","background-position":"center center","background-size":"auto","background-attachment":"scroll","background-type":"","background-media":"","overlay-type":"","overlay-color":"","overlay-opacity":"","overlay-gradient":""},"tablet":{"background-color":"","background-image":"","background-repeat":"repeat","background-position":"center center","background-size":"auto","background-attachment":"scroll","background-type":"","background-media":"","overlay-type":"","overlay-color":"","overlay-opacity":"","overlay-gradient":""},"mobile":{"background-color":"","background-image":"","background-repeat":"repeat","background-position":"center center","background-size":"auto","background-attachment":"scroll","background-type":"","background-media":"","overlay-type":"","overlay-color":"","overlay-opacity":"","overlay-gradient":""}},"ast-content-background-meta":{"desktop":{"background-color":"var(--ast-global-color-5)","background-image":"","background-repeat":"repeat","background-position":"center center","background-size":"auto","background-attachment":"scroll","background-type":"","background-media":"","overlay-type":"","overlay-color":"","overlay-opacity":"","overlay-gradient":""},"tablet":{"background-color":"var(--ast-global-color-5)","background-image":"","background-repeat":"repeat","background-position":"center center","background-size":"auto","background-attachment":"scroll","background-type":"","background-media":"","overlay-type":"","overlay-color":"","overlay-opacity":"","overlay-gradient":""},"mobile":{"background-color":"var(--ast-global-color-5)","background-image":"","background-repeat":"repeat","background-position":"center center","background-size":"auto","background-attachment":"scroll","background-type":"","background-media":"","overlay-type":"","overlay-color":"","overlay-opacity":"","overlay-gradient":""}},"footnotes":""},"categories":[98,31,1,29],"tags":[],"class_list":["post-12229","post","type-post","status-publish","format-standard","has-post-thumbnail","hentry","category-2n-batxillerat-batxillerat","category-afa","category-general","category-portada"],"post_mailing_queue_ids":[],"_links":{"self":[{"href":"https:\/\/agora.xtec.cat\/iesgerbert\/wp-json\/wp\/v2\/posts\/12229","targetHints":{"allow":["GET"]}}],"collection":[{"href":"https:\/\/agora.xtec.cat\/iesgerbert\/wp-json\/wp\/v2\/posts"}],"about":[{"href":"https:\/\/agora.xtec.cat\/iesgerbert\/wp-json\/wp\/v2\/types\/post"}],"author":[{"embeddable":true,"href":"https:\/\/agora.xtec.cat\/iesgerbert\/wp-json\/wp\/v2\/users\/18"}],"replies":[{"embeddable":true,"href":"https:\/\/agora.xtec.cat\/iesgerbert\/wp-json\/wp\/v2\/comments?post=12229"}],"version-history":[{"count":3,"href":"https:\/\/agora.xtec.cat\/iesgerbert\/wp-json\/wp\/v2\/posts\/12229\/revisions"}],"predecessor-version":[{"id":12232,"href":"https:\/\/agora.xtec.cat\/iesgerbert\/wp-json\/wp\/v2\/posts\/12229\/revisions\/12232"}],"wp:featuredmedia":[{"embeddable":true,"href":"https:\/\/agora.xtec.cat\/iesgerbert\/wp-json\/wp\/v2\/media\/12227"}],"wp:attachment":[{"href":"https:\/\/agora.xtec.cat\/iesgerbert\/wp-json\/wp\/v2\/media?parent=12229"}],"wp:term":[{"taxonomy":"category","embeddable":true,"href":"https:\/\/agora.xtec.cat\/iesgerbert\/wp-json\/wp\/v2\/categories?post=12229"},{"taxonomy":"post_tag","embeddable":true,"href":"https:\/\/agora.xtec.cat\/iesgerbert\/wp-json\/wp\/v2\/tags?post=12229"}],"curies":[{"name":"wp","href":"https:\/\/api.w.org\/{rel}","templated":true}]}}