{"id":12087,"date":"2024-10-11T18:34:47","date_gmt":"2024-10-11T16:34:47","guid":{"rendered":"https:\/\/agora.xtec.cat\/iesgerbert\/?p=12087"},"modified":"2024-10-11T18:34:47","modified_gmt":"2024-10-11T16:34:47","slug":"aparador-literari-doctubre","status":"publish","type":"post","link":"https:\/\/agora.xtec.cat\/iesgerbert\/general\/aparador-literari-doctubre\/","title":{"rendered":"APARADOR LITERARI D\u2019OCTUBRE"},"content":{"rendered":"<p style=\"text-align: justify;\">Pel clima de guerra actual, hem cregut convenient dedicar el mes d&#8217;octubre a la literatura antib\u00e8l\u00b7lica.<\/p>\n<p style=\"text-align: justify;\">A l&#8217;aparador hi ha una mostra de literatura que ens parla de diferents conflictes armats, per\u00f2 que, sobretot, advoca per la pau i els drets humans.<\/p>\n<p style=\"text-align: justify;\">A m\u00e9s, de forma volunt\u00e0ria, amb alguns\/es alumnes de 1r de batxillerat hem preparat un club de lectura per parlar de l&#8217;obra &#8220;Si una tarda de juliol un borinot&#8221; de Pep Puig, que fa reflexionar sobre vencedors i ven\u00e7uts i sobre el poder de demanar perd\u00f3.<\/p>\n<p style=\"text-align: justify;\">Salut, pau i bona lectura!<\/p>\n<p style=\"text-align: justify;\"><strong>Comissi\u00f3 de Pla Lector<\/strong><\/p>\n<p><a href=\"https:\/\/agora.xtec.cat\/iesgerbert\/wp-content\/uploads\/usu668\/2024\/10\/literatura-antibelica-scaled.jpg\"><img loading=\"lazy\" decoding=\"async\" class=\" wp-image-12086 alignleft\" src=\"https:\/\/agora.xtec.cat\/iesgerbert\/wp-content\/uploads\/usu668\/2024\/10\/literatura-antibelica-scaled.jpg\" alt=\"\" width=\"563\" height=\"424\" srcset=\"https:\/\/agora.xtec.cat\/iesgerbert\/wp-content\/uploads\/usu668\/2024\/10\/literatura-antibelica-scaled.jpg 2560w, https:\/\/agora.xtec.cat\/iesgerbert\/wp-content\/uploads\/usu668\/2024\/10\/literatura-antibelica-300x226.jpg 300w, https:\/\/agora.xtec.cat\/iesgerbert\/wp-content\/uploads\/usu668\/2024\/10\/literatura-antibelica-1024x771.jpg 1024w, https:\/\/agora.xtec.cat\/iesgerbert\/wp-content\/uploads\/usu668\/2024\/10\/literatura-antibelica-768x578.jpg 768w, https:\/\/agora.xtec.cat\/iesgerbert\/wp-content\/uploads\/usu668\/2024\/10\/literatura-antibelica-1536x1157.jpg 1536w, https:\/\/agora.xtec.cat\/iesgerbert\/wp-content\/uploads\/usu668\/2024\/10\/literatura-antibelica-2048x1542.jpg 2048w, https:\/\/agora.xtec.cat\/iesgerbert\/wp-content\/uploads\/usu668\/2024\/10\/literatura-antibelica-200x150.jpg 200w\" sizes=\"auto, (max-width: 563px) 100vw, 563px\" \/><\/a><\/p>\n","protected":false},"excerpt":{"rendered":"<p>Pel clima de guerra actual, hem cregut convenient dedicar el mes d&#8217;octubre a la literatura antib\u00e8l\u00b7lica. A l&#8217;aparador hi ha una mostra de literatura que ens parla de diferents conflictes armats, per\u00f2 que, sobretot, advoca per la pau i els drets humans. A m\u00e9s, de forma volunt\u00e0ria, amb alguns\/es alumnes de 1r de batxillerat hem [&hellip;]<\/p>\n","protected":false},"author":18,"featured_media":12086,"comment_status":"open","ping_status":"closed","sticky":false,"template":"","format":"standard","meta":{"_bbp_topic_count":0,"_bbp_reply_count":0,"_bbp_total_topic_count":0,"_bbp_total_reply_count":0,"_bbp_voice_count":0,"_bbp_anonymous_reply_count":0,"_bbp_topic_count_hidden":0,"_bbp_reply_count_hidden":0,"_bbp_forum_subforum_count":0,"site-sidebar-layout":"default","site-content-layout":"","ast-site-content-layout":"","site-content-style":"default","site-sidebar-style":"default","ast-global-header-display":"","ast-banner-title-visibility":"","ast-main-header-display":"","ast-hfb-above-header-display":"","ast-hfb-below-header-display":"","ast-hfb-mobile-header-display":"","site-post-title":"","ast-breadcrumbs-content":"","ast-featured-img":"","footer-sml-layout":"","theme-transparent-header-meta":"","adv-header-id-meta":"","stick-header-meta":"","header-above-stick-meta":"","header-main-stick-meta":"","header-below-stick-meta":"","astra-migrate-meta-layouts":"default","ast-page-background-enabled":"default","ast-page-background-meta":{"desktop":{"background-color":"var(--ast-global-color-4)","background-image":"","background-repeat":"repeat","background-position":"center center","background-size":"auto","background-attachment":"scroll","background-type":"","background-media":"","overlay-type":"","overlay-color":"","overlay-opacity":"","overlay-gradient":""},"tablet":{"background-color":"","background-image":"","background-repeat":"repeat","background-position":"center center","background-size":"auto","background-attachment":"scroll","background-type":"","background-media":"","overlay-type":"","overlay-color":"","overlay-opacity":"","overlay-gradient":""},"mobile":{"background-color":"","background-image":"","background-repeat":"repeat","background-position":"center center","background-size":"auto","background-attachment":"scroll","background-type":"","background-media":"","overlay-type":"","overlay-color":"","overlay-opacity":"","overlay-gradient":""}},"ast-content-background-meta":{"desktop":{"background-color":"var(--ast-global-color-5)","background-image":"","background-repeat":"repeat","background-position":"center center","background-size":"auto","background-attachment":"scroll","background-type":"","background-media":"","overlay-type":"","overlay-color":"","overlay-opacity":"","overlay-gradient":""},"tablet":{"background-color":"var(--ast-global-color-5)","background-image":"","background-repeat":"repeat","background-position":"center center","background-size":"auto","background-attachment":"scroll","background-type":"","background-media":"","overlay-type":"","overlay-color":"","overlay-opacity":"","overlay-gradient":""},"mobile":{"background-color":"var(--ast-global-color-5)","background-image":"","background-repeat":"repeat","background-position":"center center","background-size":"auto","background-attachment":"scroll","background-type":"","background-media":"","overlay-type":"","overlay-color":"","overlay-opacity":"","overlay-gradient":""}},"footnotes":""},"categories":[97,31,1,29],"tags":[],"class_list":["post-12087","post","type-post","status-publish","format-standard","has-post-thumbnail","hentry","category-1er-batx","category-afa","category-general","category-portada"],"post_mailing_queue_ids":[],"_links":{"self":[{"href":"https:\/\/agora.xtec.cat\/iesgerbert\/wp-json\/wp\/v2\/posts\/12087","targetHints":{"allow":["GET"]}}],"collection":[{"href":"https:\/\/agora.xtec.cat\/iesgerbert\/wp-json\/wp\/v2\/posts"}],"about":[{"href":"https:\/\/agora.xtec.cat\/iesgerbert\/wp-json\/wp\/v2\/types\/post"}],"author":[{"embeddable":true,"href":"https:\/\/agora.xtec.cat\/iesgerbert\/wp-json\/wp\/v2\/users\/18"}],"replies":[{"embeddable":true,"href":"https:\/\/agora.xtec.cat\/iesgerbert\/wp-json\/wp\/v2\/comments?post=12087"}],"version-history":[{"count":1,"href":"https:\/\/agora.xtec.cat\/iesgerbert\/wp-json\/wp\/v2\/posts\/12087\/revisions"}],"predecessor-version":[{"id":12088,"href":"https:\/\/agora.xtec.cat\/iesgerbert\/wp-json\/wp\/v2\/posts\/12087\/revisions\/12088"}],"wp:featuredmedia":[{"embeddable":true,"href":"https:\/\/agora.xtec.cat\/iesgerbert\/wp-json\/wp\/v2\/media\/12086"}],"wp:attachment":[{"href":"https:\/\/agora.xtec.cat\/iesgerbert\/wp-json\/wp\/v2\/media?parent=12087"}],"wp:term":[{"taxonomy":"category","embeddable":true,"href":"https:\/\/agora.xtec.cat\/iesgerbert\/wp-json\/wp\/v2\/categories?post=12087"},{"taxonomy":"post_tag","embeddable":true,"href":"https:\/\/agora.xtec.cat\/iesgerbert\/wp-json\/wp\/v2\/tags?post=12087"}],"curies":[{"name":"wp","href":"https:\/\/api.w.org\/{rel}","templated":true}]}}