{"id":12029,"date":"2024-09-27T09:56:12","date_gmt":"2024-09-27T07:56:12","guid":{"rendered":"https:\/\/agora.xtec.cat\/iesgerbert\/?p=12029"},"modified":"2024-09-27T09:56:33","modified_gmt":"2024-09-27T07:56:33","slug":"sortida-de-convivencia-de-4t-deso-2","status":"publish","type":"post","link":"https:\/\/agora.xtec.cat\/iesgerbert\/general\/sortida-de-convivencia-de-4t-deso-2\/","title":{"rendered":"SORTIDA DE CONVIV\u00c8NCIA DE 4t D&#8217;ESO"},"content":{"rendered":"<p style=\"text-align: justify;\">El passat dimarts 24 de setembre l\u2019alumnat de 4t d&#8217;ESO va gaudir d&#8217;una jornada al Parc de l&#8217;Agulla. Aquesta sortida de conviv\u00e8ncia, que marca l&#8217;inici del curs, va ser una oportunitat per enfortir els lla\u00e7os entre companys\/es i tutores i per compartir moments de relaxaci\u00f3 fora de les aules. Durant el mat\u00ed, van tenir moments per treballar la cohesi\u00f3 de grup, passejar pel parc i gaudir de l&#8217;entorn natural en bona companyia.<\/p>\n<p><strong>Tutores de 4t d&#8217;ESO<\/strong><\/p>\n<p><a href=\"https:\/\/agora.xtec.cat\/iesgerbert\/wp-content\/uploads\/usu668\/2024\/09\/4t-agulla-scaled.jpg\"><img loading=\"lazy\" decoding=\"async\" class=\" wp-image-12028 alignleft\" src=\"https:\/\/agora.xtec.cat\/iesgerbert\/wp-content\/uploads\/usu668\/2024\/09\/4t-agulla-scaled.jpg\" alt=\"\" width=\"1069\" height=\"805\" srcset=\"https:\/\/agora.xtec.cat\/iesgerbert\/wp-content\/uploads\/usu668\/2024\/09\/4t-agulla-scaled.jpg 2560w, https:\/\/agora.xtec.cat\/iesgerbert\/wp-content\/uploads\/usu668\/2024\/09\/4t-agulla-300x226.jpg 300w, https:\/\/agora.xtec.cat\/iesgerbert\/wp-content\/uploads\/usu668\/2024\/09\/4t-agulla-1024x771.jpg 1024w, https:\/\/agora.xtec.cat\/iesgerbert\/wp-content\/uploads\/usu668\/2024\/09\/4t-agulla-768x578.jpg 768w, https:\/\/agora.xtec.cat\/iesgerbert\/wp-content\/uploads\/usu668\/2024\/09\/4t-agulla-1536x1157.jpg 1536w, https:\/\/agora.xtec.cat\/iesgerbert\/wp-content\/uploads\/usu668\/2024\/09\/4t-agulla-2048x1542.jpg 2048w, https:\/\/agora.xtec.cat\/iesgerbert\/wp-content\/uploads\/usu668\/2024\/09\/4t-agulla-200x150.jpg 200w\" sizes=\"auto, (max-width: 1069px) 100vw, 1069px\" \/><\/a><\/p>\n<p>&nbsp;<\/p>\n","protected":false},"excerpt":{"rendered":"<p>El passat dimarts 24 de setembre l\u2019alumnat de 4t d&#8217;ESO va gaudir d&#8217;una jornada al Parc de l&#8217;Agulla. Aquesta sortida de conviv\u00e8ncia, que marca l&#8217;inici del curs, va ser una oportunitat per enfortir els lla\u00e7os entre companys\/es i tutores i per compartir moments de relaxaci\u00f3 fora de les aules. Durant el mat\u00ed, van tenir moments [&hellip;]<\/p>\n","protected":false},"author":18,"featured_media":12028,"comment_status":"open","ping_status":"closed","sticky":false,"template":"","format":"standard","meta":{"_bbp_topic_count":0,"_bbp_reply_count":0,"_bbp_total_topic_count":0,"_bbp_total_reply_count":0,"_bbp_voice_count":0,"_bbp_anonymous_reply_count":0,"_bbp_topic_count_hidden":0,"_bbp_reply_count_hidden":0,"_bbp_forum_subforum_count":0,"site-sidebar-layout":"default","site-content-layout":"","ast-site-content-layout":"","site-content-style":"default","site-sidebar-style":"default","ast-global-header-display":"","ast-banner-title-visibility":"","ast-main-header-display":"","ast-hfb-above-header-display":"","ast-hfb-below-header-display":"","ast-hfb-mobile-header-display":"","site-post-title":"","ast-breadcrumbs-content":"","ast-featured-img":"","footer-sml-layout":"","theme-transparent-header-meta":"","adv-header-id-meta":"","stick-header-meta":"","header-above-stick-meta":"","header-main-stick-meta":"","header-below-stick-meta":"","astra-migrate-meta-layouts":"default","ast-page-background-enabled":"default","ast-page-background-meta":{"desktop":{"background-color":"var(--ast-global-color-4)","background-image":"","background-repeat":"repeat","background-position":"center center","background-size":"auto","background-attachment":"scroll","background-type":"","background-media":"","overlay-type":"","overlay-color":"","overlay-opacity":"","overlay-gradient":""},"tablet":{"background-color":"","background-image":"","background-repeat":"repeat","background-position":"center center","background-size":"auto","background-attachment":"scroll","background-type":"","background-media":"","overlay-type":"","overlay-color":"","overlay-opacity":"","overlay-gradient":""},"mobile":{"background-color":"","background-image":"","background-repeat":"repeat","background-position":"center center","background-size":"auto","background-attachment":"scroll","background-type":"","background-media":"","overlay-type":"","overlay-color":"","overlay-opacity":"","overlay-gradient":""}},"ast-content-background-meta":{"desktop":{"background-color":"var(--ast-global-color-5)","background-image":"","background-repeat":"repeat","background-position":"center center","background-size":"auto","background-attachment":"scroll","background-type":"","background-media":"","overlay-type":"","overlay-color":"","overlay-opacity":"","overlay-gradient":""},"tablet":{"background-color":"var(--ast-global-color-5)","background-image":"","background-repeat":"repeat","background-position":"center center","background-size":"auto","background-attachment":"scroll","background-type":"","background-media":"","overlay-type":"","overlay-color":"","overlay-opacity":"","overlay-gradient":""},"mobile":{"background-color":"var(--ast-global-color-5)","background-image":"","background-repeat":"repeat","background-position":"center center","background-size":"auto","background-attachment":"scroll","background-type":"","background-media":"","overlay-type":"","overlay-color":"","overlay-opacity":"","overlay-gradient":""}},"footnotes":""},"categories":[31,7,1,29],"tags":[],"class_list":["post-12029","post","type-post","status-publish","format-standard","has-post-thumbnail","hentry","category-afa","category-eso-4","category-general","category-portada"],"post_mailing_queue_ids":[],"_links":{"self":[{"href":"https:\/\/agora.xtec.cat\/iesgerbert\/wp-json\/wp\/v2\/posts\/12029","targetHints":{"allow":["GET"]}}],"collection":[{"href":"https:\/\/agora.xtec.cat\/iesgerbert\/wp-json\/wp\/v2\/posts"}],"about":[{"href":"https:\/\/agora.xtec.cat\/iesgerbert\/wp-json\/wp\/v2\/types\/post"}],"author":[{"embeddable":true,"href":"https:\/\/agora.xtec.cat\/iesgerbert\/wp-json\/wp\/v2\/users\/18"}],"replies":[{"embeddable":true,"href":"https:\/\/agora.xtec.cat\/iesgerbert\/wp-json\/wp\/v2\/comments?post=12029"}],"version-history":[{"count":3,"href":"https:\/\/agora.xtec.cat\/iesgerbert\/wp-json\/wp\/v2\/posts\/12029\/revisions"}],"predecessor-version":[{"id":12032,"href":"https:\/\/agora.xtec.cat\/iesgerbert\/wp-json\/wp\/v2\/posts\/12029\/revisions\/12032"}],"wp:featuredmedia":[{"embeddable":true,"href":"https:\/\/agora.xtec.cat\/iesgerbert\/wp-json\/wp\/v2\/media\/12028"}],"wp:attachment":[{"href":"https:\/\/agora.xtec.cat\/iesgerbert\/wp-json\/wp\/v2\/media?parent=12029"}],"wp:term":[{"taxonomy":"category","embeddable":true,"href":"https:\/\/agora.xtec.cat\/iesgerbert\/wp-json\/wp\/v2\/categories?post=12029"},{"taxonomy":"post_tag","embeddable":true,"href":"https:\/\/agora.xtec.cat\/iesgerbert\/wp-json\/wp\/v2\/tags?post=12029"}],"curies":[{"name":"wp","href":"https:\/\/api.w.org\/{rel}","templated":true}]}}