{"id":11785,"date":"2024-06-14T17:25:13","date_gmt":"2024-06-14T15:25:13","guid":{"rendered":"https:\/\/agora.xtec.cat\/iesgerbert\/?p=11785"},"modified":"2024-06-14T17:33:03","modified_gmt":"2024-06-14T15:33:03","slug":"lskyline-de-sant-fruitos-de-bages","status":"publish","type":"post","link":"https:\/\/agora.xtec.cat\/iesgerbert\/general\/lskyline-de-sant-fruitos-de-bages\/","title":{"rendered":"L&#8217;SKYLINE DE SANT FRUIT\u00d3S DE BAGES"},"content":{"rendered":"<p style=\"text-align: justify;\">Aquest any, en fer el projecte de la ciutat ideal durant les hores de gesti\u00f3 aut\u00f2noma, l\u2019alumnat de 2n d\u2019ESO ha elaborat una \u201cskyline\u201d del poble, que recull els edificis m\u00e9s emblem\u00e0tics del municipi (la Sagrera, La M\u00e0quina de Batre, la biblioteca, l\u2019ajuntament, Sant Benet de Bages, l&#8217;institut Gerbert d\u2019Aurillac, el bosquet, entre altres). Us mostrem, tot seguit, una <a href=\"https:\/\/agora.xtec.cat\/iesgerbert\/wp-content\/uploads\/usu668\/2024\/06\/recull-skylines-de-Sant-Fruitos-de-Bages.pdf\"><strong>petita selecci\u00f3<\/strong><\/a> d\u2019alguns d\u2019ells. Malgrat que nom\u00e9s sigui una mostra, tothom ha fet molt bona feina i els resultats han estat molt interessants.<\/p>\n<p style=\"text-align: justify;\">Gr\u00e0cies a tots i totes per la vostra implicaci\u00f3!<\/p>\n<p><strong>Anna de las Heras, professora de tecnologia<\/strong><\/p>\n<p><a href=\"https:\/\/agora.xtec.cat\/iesgerbert\/wp-content\/uploads\/usu668\/2024\/06\/recull-skylines-de-Sant-Fruitos-de-Bages_page-0001-1.jpg\"><img loading=\"lazy\" decoding=\"async\" class=\"aligncenter size-large wp-image-11790\" src=\"https:\/\/agora.xtec.cat\/iesgerbert\/wp-content\/uploads\/usu668\/2024\/06\/recull-skylines-de-Sant-Fruitos-de-Bages_page-0001-1-725x1024.jpg\" alt=\"\" width=\"725\" height=\"1024\" srcset=\"https:\/\/agora.xtec.cat\/iesgerbert\/wp-content\/uploads\/usu668\/2024\/06\/recull-skylines-de-Sant-Fruitos-de-Bages_page-0001-1-725x1024.jpg 725w, https:\/\/agora.xtec.cat\/iesgerbert\/wp-content\/uploads\/usu668\/2024\/06\/recull-skylines-de-Sant-Fruitos-de-Bages_page-0001-1-212x300.jpg 212w, https:\/\/agora.xtec.cat\/iesgerbert\/wp-content\/uploads\/usu668\/2024\/06\/recull-skylines-de-Sant-Fruitos-de-Bages_page-0001-1-768x1085.jpg 768w, https:\/\/agora.xtec.cat\/iesgerbert\/wp-content\/uploads\/usu668\/2024\/06\/recull-skylines-de-Sant-Fruitos-de-Bages_page-0001-1-1087x1536.jpg 1087w, https:\/\/agora.xtec.cat\/iesgerbert\/wp-content\/uploads\/usu668\/2024\/06\/recull-skylines-de-Sant-Fruitos-de-Bages_page-0001-1.jpg 1242w\" sizes=\"auto, (max-width: 725px) 100vw, 725px\" \/><\/a> <a href=\"https:\/\/agora.xtec.cat\/iesgerbert\/wp-content\/uploads\/usu668\/2024\/06\/recull-skylines-de-Sant-Fruitos-de-Bages_page-0002-1.jpg\"><img loading=\"lazy\" decoding=\"async\" class=\"aligncenter size-large wp-image-11791\" src=\"https:\/\/agora.xtec.cat\/iesgerbert\/wp-content\/uploads\/usu668\/2024\/06\/recull-skylines-de-Sant-Fruitos-de-Bages_page-0002-1-725x1024.jpg\" alt=\"\" width=\"725\" height=\"1024\" srcset=\"https:\/\/agora.xtec.cat\/iesgerbert\/wp-content\/uploads\/usu668\/2024\/06\/recull-skylines-de-Sant-Fruitos-de-Bages_page-0002-1-725x1024.jpg 725w, https:\/\/agora.xtec.cat\/iesgerbert\/wp-content\/uploads\/usu668\/2024\/06\/recull-skylines-de-Sant-Fruitos-de-Bages_page-0002-1-212x300.jpg 212w, https:\/\/agora.xtec.cat\/iesgerbert\/wp-content\/uploads\/usu668\/2024\/06\/recull-skylines-de-Sant-Fruitos-de-Bages_page-0002-1-768x1085.jpg 768w, https:\/\/agora.xtec.cat\/iesgerbert\/wp-content\/uploads\/usu668\/2024\/06\/recull-skylines-de-Sant-Fruitos-de-Bages_page-0002-1-1087x1536.jpg 1087w, https:\/\/agora.xtec.cat\/iesgerbert\/wp-content\/uploads\/usu668\/2024\/06\/recull-skylines-de-Sant-Fruitos-de-Bages_page-0002-1.jpg 1242w\" sizes=\"auto, (max-width: 725px) 100vw, 725px\" \/><\/a><\/p>\n<p>&nbsp;<\/p>\n<p>&nbsp;<\/p>\n","protected":false},"excerpt":{"rendered":"<p>Aquest any, en fer el projecte de la ciutat ideal durant les hores de gesti\u00f3 aut\u00f2noma, l\u2019alumnat de 2n d\u2019ESO ha elaborat una \u201cskyline\u201d del poble, que recull els edificis m\u00e9s emblem\u00e0tics del municipi (la Sagrera, La M\u00e0quina de Batre, la biblioteca, l\u2019ajuntament, Sant Benet de Bages, l&#8217;institut Gerbert d\u2019Aurillac, el bosquet, entre altres). Us [&hellip;]<\/p>\n","protected":false},"author":18,"featured_media":11784,"comment_status":"open","ping_status":"closed","sticky":false,"template":"","format":"standard","meta":{"_bbp_topic_count":0,"_bbp_reply_count":0,"_bbp_total_topic_count":0,"_bbp_total_reply_count":0,"_bbp_voice_count":0,"_bbp_anonymous_reply_count":0,"_bbp_topic_count_hidden":0,"_bbp_reply_count_hidden":0,"_bbp_forum_subforum_count":0,"site-sidebar-layout":"default","site-content-layout":"","ast-site-content-layout":"","site-content-style":"default","site-sidebar-style":"default","ast-global-header-display":"","ast-banner-title-visibility":"","ast-main-header-display":"","ast-hfb-above-header-display":"","ast-hfb-below-header-display":"","ast-hfb-mobile-header-display":"","site-post-title":"","ast-breadcrumbs-content":"","ast-featured-img":"","footer-sml-layout":"","theme-transparent-header-meta":"","adv-header-id-meta":"","stick-header-meta":"","header-above-stick-meta":"","header-main-stick-meta":"","header-below-stick-meta":"","astra-migrate-meta-layouts":"default","ast-page-background-enabled":"default","ast-page-background-meta":{"desktop":{"background-color":"var(--ast-global-color-4)","background-image":"","background-repeat":"repeat","background-position":"center center","background-size":"auto","background-attachment":"scroll","background-type":"","background-media":"","overlay-type":"","overlay-color":"","overlay-opacity":"","overlay-gradient":""},"tablet":{"background-color":"","background-image":"","background-repeat":"repeat","background-position":"center center","background-size":"auto","background-attachment":"scroll","background-type":"","background-media":"","overlay-type":"","overlay-color":"","overlay-opacity":"","overlay-gradient":""},"mobile":{"background-color":"","background-image":"","background-repeat":"repeat","background-position":"center center","background-size":"auto","background-attachment":"scroll","background-type":"","background-media":"","overlay-type":"","overlay-color":"","overlay-opacity":"","overlay-gradient":""}},"ast-content-background-meta":{"desktop":{"background-color":"var(--ast-global-color-5)","background-image":"","background-repeat":"repeat","background-position":"center center","background-size":"auto","background-attachment":"scroll","background-type":"","background-media":"","overlay-type":"","overlay-color":"","overlay-opacity":"","overlay-gradient":""},"tablet":{"background-color":"var(--ast-global-color-5)","background-image":"","background-repeat":"repeat","background-position":"center center","background-size":"auto","background-attachment":"scroll","background-type":"","background-media":"","overlay-type":"","overlay-color":"","overlay-opacity":"","overlay-gradient":""},"mobile":{"background-color":"var(--ast-global-color-5)","background-image":"","background-repeat":"repeat","background-position":"center center","background-size":"auto","background-attachment":"scroll","background-type":"","background-media":"","overlay-type":"","overlay-color":"","overlay-opacity":"","overlay-gradient":""}},"footnotes":""},"categories":[31,5,1,29],"tags":[],"class_list":["post-11785","post","type-post","status-publish","format-standard","has-post-thumbnail","hentry","category-afa","category-eso-2","category-general","category-portada"],"post_mailing_queue_ids":[],"_links":{"self":[{"href":"https:\/\/agora.xtec.cat\/iesgerbert\/wp-json\/wp\/v2\/posts\/11785","targetHints":{"allow":["GET"]}}],"collection":[{"href":"https:\/\/agora.xtec.cat\/iesgerbert\/wp-json\/wp\/v2\/posts"}],"about":[{"href":"https:\/\/agora.xtec.cat\/iesgerbert\/wp-json\/wp\/v2\/types\/post"}],"author":[{"embeddable":true,"href":"https:\/\/agora.xtec.cat\/iesgerbert\/wp-json\/wp\/v2\/users\/18"}],"replies":[{"embeddable":true,"href":"https:\/\/agora.xtec.cat\/iesgerbert\/wp-json\/wp\/v2\/comments?post=11785"}],"version-history":[{"count":6,"href":"https:\/\/agora.xtec.cat\/iesgerbert\/wp-json\/wp\/v2\/posts\/11785\/revisions"}],"predecessor-version":[{"id":11797,"href":"https:\/\/agora.xtec.cat\/iesgerbert\/wp-json\/wp\/v2\/posts\/11785\/revisions\/11797"}],"wp:featuredmedia":[{"embeddable":true,"href":"https:\/\/agora.xtec.cat\/iesgerbert\/wp-json\/wp\/v2\/media\/11784"}],"wp:attachment":[{"href":"https:\/\/agora.xtec.cat\/iesgerbert\/wp-json\/wp\/v2\/media?parent=11785"}],"wp:term":[{"taxonomy":"category","embeddable":true,"href":"https:\/\/agora.xtec.cat\/iesgerbert\/wp-json\/wp\/v2\/categories?post=11785"},{"taxonomy":"post_tag","embeddable":true,"href":"https:\/\/agora.xtec.cat\/iesgerbert\/wp-json\/wp\/v2\/tags?post=11785"}],"curies":[{"name":"wp","href":"https:\/\/api.w.org\/{rel}","templated":true}]}}