{"id":11764,"date":"2024-06-10T14:06:35","date_gmt":"2024-06-10T12:06:35","guid":{"rendered":"https:\/\/agora.xtec.cat\/iesgerbert\/?p=11764"},"modified":"2024-06-14T17:33:21","modified_gmt":"2024-06-14T15:33:21","slug":"acte-de-graduacio-de-2n-batxillerat-2","status":"publish","type":"post","link":"https:\/\/agora.xtec.cat\/iesgerbert\/general\/acte-de-graduacio-de-2n-batxillerat-2\/","title":{"rendered":"ACTE DE GRADUACI\u00d3 DE 2n BATXILLERAT"},"content":{"rendered":"<p style=\"text-align: justify;\">El passat divendres 7 de juny, just despr\u00e9s de les intenses proves de les PAU, vam celebrar l&#8217;Acte de Graduaci\u00f3 de 2n de batxillerat de la promoci\u00f3 2022-2024, un acte molt esperat i emotiu en qu\u00e8 l\u2019alumnat graduat va poder comptar amb la companyia de les seves fam\u00edlies i del professorat i personal de l&#8217;institut.<\/p>\n<p style=\"text-align: justify;\">Enguany hi va haver un canvi d&#8217;escenari: l&#8217;acte va ser condu\u00eft pels mateixos alumnes de segon de batxillerat, la Riham El Harti i en Mart\u00ed M\u00e8rida, que ens van regalar, una vegada m\u00e9s, la seva gr\u00e0cia i expertesa. Es va comen\u00e7ar amb unes paraules d&#8217;agra\u00efment i record del seu pas al centre: &#8220;Ha estat un proc\u00e9s dif\u00edcil, per\u00f2 gratificant, hem apr\u00e8s moltes coses, i hem crescut com a persones. \u00c9s m\u00e9s, en aquests dos anys hem conegut a moltes persones meravelloses, per\u00f2 en especial ens hem conegut a nosaltres mateixos.&#8221; Despr\u00e9s, el director del centre, en Carles Albors, va dirigir unes paraules de comiat a l\u2019alumnat, seguit de la regidora de joventut, la Sra. Firdaus Naieb, antiga alumna del centre, aix\u00ed com la presidenta de l\u2019AFA, la Sra. J\u00falia Azor\u00edn, que van agrair la tasca del professorat i tamb\u00e9 van desitjar molta sort a tots els estudiants en aquesta nova etapa. Finalment, s&#8217;hi va poder afegir l&#8217;alcalde de Sant Fruit\u00f3s, el Sr. Joan Carles Batan\u00e9s, qui no podia faltar a l&#8217;acte malgrat la seva atape\u00efda agenda.<\/p>\n<p style=\"text-align: justify;\">Les respectives tutores de cada grup van fer entrega de les orles, elaborades per en Jonatan Due\u00f1as, les fotos de grup i tamb\u00e9 un exemplar del Llibre de Treballs de Recerca del Bages i Moian\u00e8s 2024, on tenen publicat el resum del seu treball de recerca d\u2019enguany. Tot seguit, els representants de l\u2019alumnat de cada grup de segon de batxillerat va oferir un petit discurs de comiat cap als seus companys i cap a la tasca del professorat que els ha acompanyat i recolzat durant el seu pas pel centre. Els presentadors van ser l&#8217;Eric Segura i l&#8217;Edgar Mir com a representants del segon de batxillerat A, l&#8217;Aitana S\u00e1nchez i l&#8217;Aina Llobera com a representants del segon de batxillerat B i finalment, per part de l\u2019alumnat del segon de batxillerat C i Batxibac, la Sira Corominas i l&#8217;Eduard Morales respectivament, tamb\u00e9 van expressar el seu agra\u00efment per tota la involucraci\u00f3 del seu professorat amb un emotiu discurs. En resposta a tots els agra\u00efments, l\u2019Eug\u00e8nia L\u00f3pez, l&#8217;Imma Pons, la Montse Sala i la Marina Bonilla, en nom de tot el professorat, van dirigir als seus tutorats un breu recordatori de l\u2019\u00e0rdua etapa que representa el batxillerat, felicitant-los per la fabulosa feina feta i a l&#8217;hora animant-los a trobar noves oportunitats per aprendre.<\/p>\n<p style=\"text-align: justify;\">Despr\u00e9s d\u2019una llarga traject\u00f2ria professional, la professora Roser Toldr\u00e0, que es jubila aquest curs, i en Ramon Miralles, ja jubilat des del principi de curs, tamb\u00e9 va voler dedicar unes paraules cap a l\u2019alumnat com tamb\u00e9 cap a les seves fam\u00edlies en aquesta jornada tan especial. El punt final de la cerim\u00f2nia el va posar el tradicional llan\u00e7ament del birret. I, ja per acabar, els representants de l\u2019AFA, fidels a l\u2019esdeveniment, ens van donar pas a un petit aperitiu de celebraci\u00f3, moment en qu\u00e8 l\u2019alumnat va aprofitar tamb\u00e9 per fer-se unes fotos de record.<\/p>\n<p style=\"text-align: justify;\">Com sempre, a les cares de l&#8217;alumnat, vam poder veure il\u00b7lusi\u00f3, interrogants i, per damunt de tot, l&#8217;esperan\u00e7a que aquesta nova etapa en la vida els porti all\u00f2 que desitgen. Com ens va anunciar en Jaime Escalante, &#8220;La vida no \u00e9s quantes vegades caus, sin\u00f3 quantes vegades t&#8217;aixeques.&#8221; Tot el col\u00b7lectiu de professors agra\u00efm la implicaci\u00f3 a totes les persones que varen fer possible l\u2019esdeveniment i a l\u2019alumnat, els volem desitjar molta sort i molts encerts per tot el que decideixin d\u2019ara endavant!<\/p>\n<p style=\"text-align: justify;\">Us trobarem a faltar,<\/p>\n<p style=\"text-align: justify;\"><strong>Rosa C\u00f2dul, coordinadora de Batxillerat<\/strong><br \/>\n<strong>Fotos per Albert Planas<\/strong><\/p>\n<p><a href=\"https:\/\/agora.xtec.cat\/iesgerbert\/wp-content\/uploads\/usu668\/2024\/06\/P6075103_4_11zon-scaled.jpg\"><img loading=\"lazy\" decoding=\"async\" class=\" wp-image-11763 alignleft\" src=\"https:\/\/agora.xtec.cat\/iesgerbert\/wp-content\/uploads\/usu668\/2024\/06\/P6075103_4_11zon-1024x576.jpg\" alt=\"\" width=\"571\" height=\"321\" srcset=\"https:\/\/agora.xtec.cat\/iesgerbert\/wp-content\/uploads\/usu668\/2024\/06\/P6075103_4_11zon-1024x576.jpg 1024w, https:\/\/agora.xtec.cat\/iesgerbert\/wp-content\/uploads\/usu668\/2024\/06\/P6075103_4_11zon-300x169.jpg 300w, https:\/\/agora.xtec.cat\/iesgerbert\/wp-content\/uploads\/usu668\/2024\/06\/P6075103_4_11zon-768x432.jpg 768w, https:\/\/agora.xtec.cat\/iesgerbert\/wp-content\/uploads\/usu668\/2024\/06\/P6075103_4_11zon-1536x864.jpg 1536w, https:\/\/agora.xtec.cat\/iesgerbert\/wp-content\/uploads\/usu668\/2024\/06\/P6075103_4_11zon-2048x1152.jpg 2048w\" sizes=\"auto, (max-width: 571px) 100vw, 571px\" \/><\/a> <a href=\"https:\/\/agora.xtec.cat\/iesgerbert\/wp-content\/uploads\/usu668\/2024\/06\/IMG_8848-2_3_11zon-scaled.jpg\"><img loading=\"lazy\" decoding=\"async\" class=\" wp-image-11762 alignleft\" src=\"https:\/\/agora.xtec.cat\/iesgerbert\/wp-content\/uploads\/usu668\/2024\/06\/IMG_8848-2_3_11zon-1024x768.jpg\" alt=\"\" width=\"572\" height=\"429\" srcset=\"https:\/\/agora.xtec.cat\/iesgerbert\/wp-content\/uploads\/usu668\/2024\/06\/IMG_8848-2_3_11zon-1024x768.jpg 1024w, https:\/\/agora.xtec.cat\/iesgerbert\/wp-content\/uploads\/usu668\/2024\/06\/IMG_8848-2_3_11zon-300x225.jpg 300w, https:\/\/agora.xtec.cat\/iesgerbert\/wp-content\/uploads\/usu668\/2024\/06\/IMG_8848-2_3_11zon-768x576.jpg 768w, https:\/\/agora.xtec.cat\/iesgerbert\/wp-content\/uploads\/usu668\/2024\/06\/IMG_8848-2_3_11zon-1536x1152.jpg 1536w, https:\/\/agora.xtec.cat\/iesgerbert\/wp-content\/uploads\/usu668\/2024\/06\/IMG_8848-2_3_11zon-2048x1536.jpg 2048w, https:\/\/agora.xtec.cat\/iesgerbert\/wp-content\/uploads\/usu668\/2024\/06\/IMG_8848-2_3_11zon-200x150.jpg 200w\" sizes=\"auto, (max-width: 572px) 100vw, 572px\" \/><\/a> <a href=\"https:\/\/agora.xtec.cat\/iesgerbert\/wp-content\/uploads\/usu668\/2024\/06\/IMG_8847-2_2_11zon-scaled.jpg\"><img loading=\"lazy\" decoding=\"async\" class=\" wp-image-11761 alignleft\" src=\"https:\/\/agora.xtec.cat\/iesgerbert\/wp-content\/uploads\/usu668\/2024\/06\/IMG_8847-2_2_11zon-1024x768.jpg\" alt=\"\" width=\"571\" height=\"428\" srcset=\"https:\/\/agora.xtec.cat\/iesgerbert\/wp-content\/uploads\/usu668\/2024\/06\/IMG_8847-2_2_11zon-1024x768.jpg 1024w, https:\/\/agora.xtec.cat\/iesgerbert\/wp-content\/uploads\/usu668\/2024\/06\/IMG_8847-2_2_11zon-300x225.jpg 300w, https:\/\/agora.xtec.cat\/iesgerbert\/wp-content\/uploads\/usu668\/2024\/06\/IMG_8847-2_2_11zon-768x576.jpg 768w, https:\/\/agora.xtec.cat\/iesgerbert\/wp-content\/uploads\/usu668\/2024\/06\/IMG_8847-2_2_11zon-1536x1152.jpg 1536w, https:\/\/agora.xtec.cat\/iesgerbert\/wp-content\/uploads\/usu668\/2024\/06\/IMG_8847-2_2_11zon-2048x1536.jpg 2048w, https:\/\/agora.xtec.cat\/iesgerbert\/wp-content\/uploads\/usu668\/2024\/06\/IMG_8847-2_2_11zon-200x150.jpg 200w\" sizes=\"auto, (max-width: 571px) 100vw, 571px\" \/><\/a> <a href=\"https:\/\/agora.xtec.cat\/iesgerbert\/wp-content\/uploads\/usu668\/2024\/06\/IMG_8843_1_11zon-scaled.jpg\"><img loading=\"lazy\" decoding=\"async\" class=\" wp-image-11760 alignleft\" src=\"https:\/\/agora.xtec.cat\/iesgerbert\/wp-content\/uploads\/usu668\/2024\/06\/IMG_8843_1_11zon-1024x768.jpg\" alt=\"\" width=\"572\" height=\"429\" srcset=\"https:\/\/agora.xtec.cat\/iesgerbert\/wp-content\/uploads\/usu668\/2024\/06\/IMG_8843_1_11zon-1024x768.jpg 1024w, https:\/\/agora.xtec.cat\/iesgerbert\/wp-content\/uploads\/usu668\/2024\/06\/IMG_8843_1_11zon-300x225.jpg 300w, https:\/\/agora.xtec.cat\/iesgerbert\/wp-content\/uploads\/usu668\/2024\/06\/IMG_8843_1_11zon-768x576.jpg 768w, https:\/\/agora.xtec.cat\/iesgerbert\/wp-content\/uploads\/usu668\/2024\/06\/IMG_8843_1_11zon-1536x1152.jpg 1536w, https:\/\/agora.xtec.cat\/iesgerbert\/wp-content\/uploads\/usu668\/2024\/06\/IMG_8843_1_11zon-2048x1536.jpg 2048w, https:\/\/agora.xtec.cat\/iesgerbert\/wp-content\/uploads\/usu668\/2024\/06\/IMG_8843_1_11zon-200x150.jpg 200w\" sizes=\"auto, (max-width: 572px) 100vw, 572px\" \/><\/a> <a href=\"https:\/\/agora.xtec.cat\/iesgerbert\/wp-content\/uploads\/usu668\/2024\/06\/7045a8f2-b48d-4e93-9aaa-c0a03a20f062.jpg\"><img loading=\"lazy\" decoding=\"async\" class=\" wp-image-11759 alignleft\" src=\"https:\/\/agora.xtec.cat\/iesgerbert\/wp-content\/uploads\/usu668\/2024\/06\/7045a8f2-b48d-4e93-9aaa-c0a03a20f062-1024x576.jpg\" alt=\"\" width=\"573\" height=\"322\" srcset=\"https:\/\/agora.xtec.cat\/iesgerbert\/wp-content\/uploads\/usu668\/2024\/06\/7045a8f2-b48d-4e93-9aaa-c0a03a20f062-1024x576.jpg 1024w, https:\/\/agora.xtec.cat\/iesgerbert\/wp-content\/uploads\/usu668\/2024\/06\/7045a8f2-b48d-4e93-9aaa-c0a03a20f062-300x169.jpg 300w, https:\/\/agora.xtec.cat\/iesgerbert\/wp-content\/uploads\/usu668\/2024\/06\/7045a8f2-b48d-4e93-9aaa-c0a03a20f062-768x432.jpg 768w, https:\/\/agora.xtec.cat\/iesgerbert\/wp-content\/uploads\/usu668\/2024\/06\/7045a8f2-b48d-4e93-9aaa-c0a03a20f062-1536x864.jpg 1536w, https:\/\/agora.xtec.cat\/iesgerbert\/wp-content\/uploads\/usu668\/2024\/06\/7045a8f2-b48d-4e93-9aaa-c0a03a20f062.jpg 1600w\" sizes=\"auto, (max-width: 573px) 100vw, 573px\" \/><\/a> <a href=\"https:\/\/agora.xtec.cat\/iesgerbert\/wp-content\/uploads\/usu668\/2024\/06\/8f62c8e8-1f48-4ce3-9e66-54fa8c715af5-2.jpg\"><img loading=\"lazy\" decoding=\"async\" class=\" wp-image-11758 alignleft\" src=\"https:\/\/agora.xtec.cat\/iesgerbert\/wp-content\/uploads\/usu668\/2024\/06\/8f62c8e8-1f48-4ce3-9e66-54fa8c715af5-2-1024x461.jpg\" alt=\"\" width=\"573\" height=\"258\" srcset=\"https:\/\/agora.xtec.cat\/iesgerbert\/wp-content\/uploads\/usu668\/2024\/06\/8f62c8e8-1f48-4ce3-9e66-54fa8c715af5-2-1024x461.jpg 1024w, https:\/\/agora.xtec.cat\/iesgerbert\/wp-content\/uploads\/usu668\/2024\/06\/8f62c8e8-1f48-4ce3-9e66-54fa8c715af5-2-300x135.jpg 300w, https:\/\/agora.xtec.cat\/iesgerbert\/wp-content\/uploads\/usu668\/2024\/06\/8f62c8e8-1f48-4ce3-9e66-54fa8c715af5-2-768x346.jpg 768w, https:\/\/agora.xtec.cat\/iesgerbert\/wp-content\/uploads\/usu668\/2024\/06\/8f62c8e8-1f48-4ce3-9e66-54fa8c715af5-2-1536x691.jpg 1536w, https:\/\/agora.xtec.cat\/iesgerbert\/wp-content\/uploads\/usu668\/2024\/06\/8f62c8e8-1f48-4ce3-9e66-54fa8c715af5-2.jpg 2000w\" sizes=\"auto, (max-width: 573px) 100vw, 573px\" \/><\/a> <a href=\"https:\/\/agora.xtec.cat\/iesgerbert\/wp-content\/uploads\/usu668\/2024\/06\/6f43b6de-1543-4482-8a21-15a8bbaab7e5-2.jpg\"><img loading=\"lazy\" decoding=\"async\" class=\" wp-image-11757 alignleft\" src=\"https:\/\/agora.xtec.cat\/iesgerbert\/wp-content\/uploads\/usu668\/2024\/06\/6f43b6de-1543-4482-8a21-15a8bbaab7e5-2-1024x461.jpg\" alt=\"\" width=\"574\" height=\"258\" srcset=\"https:\/\/agora.xtec.cat\/iesgerbert\/wp-content\/uploads\/usu668\/2024\/06\/6f43b6de-1543-4482-8a21-15a8bbaab7e5-2-1024x461.jpg 1024w, https:\/\/agora.xtec.cat\/iesgerbert\/wp-content\/uploads\/usu668\/2024\/06\/6f43b6de-1543-4482-8a21-15a8bbaab7e5-2-300x135.jpg 300w, https:\/\/agora.xtec.cat\/iesgerbert\/wp-content\/uploads\/usu668\/2024\/06\/6f43b6de-1543-4482-8a21-15a8bbaab7e5-2-768x346.jpg 768w, https:\/\/agora.xtec.cat\/iesgerbert\/wp-content\/uploads\/usu668\/2024\/06\/6f43b6de-1543-4482-8a21-15a8bbaab7e5-2-1536x691.jpg 1536w, https:\/\/agora.xtec.cat\/iesgerbert\/wp-content\/uploads\/usu668\/2024\/06\/6f43b6de-1543-4482-8a21-15a8bbaab7e5-2.jpg 2000w\" sizes=\"auto, (max-width: 574px) 100vw, 574px\" \/><\/a><\/p>\n","protected":false},"excerpt":{"rendered":"<p>El passat divendres 7 de juny, just despr\u00e9s de les intenses proves de les PAU, vam celebrar l&#8217;Acte de Graduaci\u00f3 de 2n de batxillerat de la promoci\u00f3 2022-2024, un acte molt esperat i emotiu en qu\u00e8 l\u2019alumnat graduat va poder comptar amb la companyia de les seves fam\u00edlies i del professorat i personal de l&#8217;institut. [&hellip;]<\/p>\n","protected":false},"author":18,"featured_media":11758,"comment_status":"open","ping_status":"closed","sticky":false,"template":"","format":"standard","meta":{"_bbp_topic_count":0,"_bbp_reply_count":0,"_bbp_total_topic_count":0,"_bbp_total_reply_count":0,"_bbp_voice_count":0,"_bbp_anonymous_reply_count":0,"_bbp_topic_count_hidden":0,"_bbp_reply_count_hidden":0,"_bbp_forum_subforum_count":0,"site-sidebar-layout":"default","site-content-layout":"","ast-site-content-layout":"","site-content-style":"default","site-sidebar-style":"default","ast-global-header-display":"","ast-banner-title-visibility":"","ast-main-header-display":"","ast-hfb-above-header-display":"","ast-hfb-below-header-display":"","ast-hfb-mobile-header-display":"","site-post-title":"","ast-breadcrumbs-content":"","ast-featured-img":"","footer-sml-layout":"","theme-transparent-header-meta":"","adv-header-id-meta":"","stick-header-meta":"","header-above-stick-meta":"","header-main-stick-meta":"","header-below-stick-meta":"","astra-migrate-meta-layouts":"default","ast-page-background-enabled":"default","ast-page-background-meta":{"desktop":{"background-color":"var(--ast-global-color-4)","background-image":"","background-repeat":"repeat","background-position":"center center","background-size":"auto","background-attachment":"scroll","background-type":"","background-media":"","overlay-type":"","overlay-color":"","overlay-opacity":"","overlay-gradient":""},"tablet":{"background-color":"","background-image":"","background-repeat":"repeat","background-position":"center center","background-size":"auto","background-attachment":"scroll","background-type":"","background-media":"","overlay-type":"","overlay-color":"","overlay-opacity":"","overlay-gradient":""},"mobile":{"background-color":"","background-image":"","background-repeat":"repeat","background-position":"center center","background-size":"auto","background-attachment":"scroll","background-type":"","background-media":"","overlay-type":"","overlay-color":"","overlay-opacity":"","overlay-gradient":""}},"ast-content-background-meta":{"desktop":{"background-color":"var(--ast-global-color-5)","background-image":"","background-repeat":"repeat","background-position":"center center","background-size":"auto","background-attachment":"scroll","background-type":"","background-media":"","overlay-type":"","overlay-color":"","overlay-opacity":"","overlay-gradient":""},"tablet":{"background-color":"var(--ast-global-color-5)","background-image":"","background-repeat":"repeat","background-position":"center center","background-size":"auto","background-attachment":"scroll","background-type":"","background-media":"","overlay-type":"","overlay-color":"","overlay-opacity":"","overlay-gradient":""},"mobile":{"background-color":"var(--ast-global-color-5)","background-image":"","background-repeat":"repeat","background-position":"center center","background-size":"auto","background-attachment":"scroll","background-type":"","background-media":"","overlay-type":"","overlay-color":"","overlay-opacity":"","overlay-gradient":""}},"footnotes":""},"categories":[98,31,1,29],"tags":[],"class_list":["post-11764","post","type-post","status-publish","format-standard","has-post-thumbnail","hentry","category-2n-batxillerat-batxillerat","category-afa","category-general","category-portada"],"post_mailing_queue_ids":[],"_links":{"self":[{"href":"https:\/\/agora.xtec.cat\/iesgerbert\/wp-json\/wp\/v2\/posts\/11764","targetHints":{"allow":["GET"]}}],"collection":[{"href":"https:\/\/agora.xtec.cat\/iesgerbert\/wp-json\/wp\/v2\/posts"}],"about":[{"href":"https:\/\/agora.xtec.cat\/iesgerbert\/wp-json\/wp\/v2\/types\/post"}],"author":[{"embeddable":true,"href":"https:\/\/agora.xtec.cat\/iesgerbert\/wp-json\/wp\/v2\/users\/18"}],"replies":[{"embeddable":true,"href":"https:\/\/agora.xtec.cat\/iesgerbert\/wp-json\/wp\/v2\/comments?post=11764"}],"version-history":[{"count":2,"href":"https:\/\/agora.xtec.cat\/iesgerbert\/wp-json\/wp\/v2\/posts\/11764\/revisions"}],"predecessor-version":[{"id":11798,"href":"https:\/\/agora.xtec.cat\/iesgerbert\/wp-json\/wp\/v2\/posts\/11764\/revisions\/11798"}],"wp:featuredmedia":[{"embeddable":true,"href":"https:\/\/agora.xtec.cat\/iesgerbert\/wp-json\/wp\/v2\/media\/11758"}],"wp:attachment":[{"href":"https:\/\/agora.xtec.cat\/iesgerbert\/wp-json\/wp\/v2\/media?parent=11764"}],"wp:term":[{"taxonomy":"category","embeddable":true,"href":"https:\/\/agora.xtec.cat\/iesgerbert\/wp-json\/wp\/v2\/categories?post=11764"},{"taxonomy":"post_tag","embeddable":true,"href":"https:\/\/agora.xtec.cat\/iesgerbert\/wp-json\/wp\/v2\/tags?post=11764"}],"curies":[{"name":"wp","href":"https:\/\/api.w.org\/{rel}","templated":true}]}}