{"id":11720,"date":"2024-05-28T17:56:18","date_gmt":"2024-05-28T15:56:18","guid":{"rendered":"https:\/\/agora.xtec.cat\/iesgerbert\/?p=11720"},"modified":"2024-06-14T17:35:12","modified_gmt":"2024-06-14T15:35:12","slug":"un-carrer-amb-nom-de-dona-francofona","status":"publish","type":"post","link":"https:\/\/agora.xtec.cat\/iesgerbert\/general\/un-carrer-amb-nom-de-dona-francofona\/","title":{"rendered":"UN CARRER AMB NOM DE DONA FRANC\u00d2FONA"},"content":{"rendered":"<p style=\"text-align: justify;\"><span style=\"font-weight: 400;\">El passat dijous 23 quatre representants de 2n de Batxibac (la Riham El Harti, l&#8217;Ona Am\u00e9rigo, el Jan M\u00e9rida i el Mart\u00ed M\u00e9rida) es van reunir a l&#8217;Ajuntament de Sant Fruit\u00f3s amb la M\u00f2nica Cruz (regidora d&#8217;Ensenyament i Sanitat) i amb el Sr. Joan Carles Batan\u00e9s (alcalde). El motiu de la trobada era presentar-los el projecte &#8220;Femme et rue&#8221; treballat des de la mat\u00e8ria de Llengua i literatura francesa. Despr\u00e9s d&#8217;haver treballat molts escriptors i escriptores durant els dos anys de Batxibac, el grup va acabar triant Annie Ernaux, primera dona francesa que ha guanyat el Premi Nobel de Literatura (2022), per demanar un carrer, passatge, avinguda o pla\u00e7a amb el seu nom en el nostre municipi. Els representants es van sentir molt ben acollits a l&#8217;Ajuntament i la trobada va ser molt amena i enriquidora per tothom. Us deixem la <a href=\"https:\/\/agora.xtec.cat\/iesgerbert\/wp-content\/uploads\/usu668\/2024\/05\/Carta-a-lalcalde-Carrer-Annie-Ernaux-Alumnes-de-2n-Batxibac-Institut-Gerbert-dAurillac-Catala-Definitiva-1.pdf\"><strong>carta<\/strong><\/a> que van presentar-los.<\/span><\/p>\n<p style=\"text-align: justify;\"><span style=\"font-weight: 400;\">Esperem que la petici\u00f3 vagi endavant i que ben aviat puguin explicar-vos el perqu\u00e8 d&#8217;Annie Ernaux. Tamb\u00e9 us convidem a comptar quants carrers de Sant Fruit\u00f3s, o dels vostres municipis, porten un nom de dona.<\/span><\/p>\n<p><strong>Marina Bonilla, coordinadora Batxibac<\/strong><\/p>\n<p><a href=\"https:\/\/agora.xtec.cat\/iesgerbert\/wp-content\/uploads\/usu668\/2024\/05\/IMG-20240527-WA0006.jpg\"><img loading=\"lazy\" decoding=\"async\" class=\" wp-image-11716 alignleft\" src=\"https:\/\/agora.xtec.cat\/iesgerbert\/wp-content\/uploads\/usu668\/2024\/05\/IMG-20240527-WA0006-1024x768.jpg\" alt=\"\" width=\"556\" height=\"417\" srcset=\"https:\/\/agora.xtec.cat\/iesgerbert\/wp-content\/uploads\/usu668\/2024\/05\/IMG-20240527-WA0006-1024x768.jpg 1024w, https:\/\/agora.xtec.cat\/iesgerbert\/wp-content\/uploads\/usu668\/2024\/05\/IMG-20240527-WA0006-300x225.jpg 300w, https:\/\/agora.xtec.cat\/iesgerbert\/wp-content\/uploads\/usu668\/2024\/05\/IMG-20240527-WA0006-768x576.jpg 768w, https:\/\/agora.xtec.cat\/iesgerbert\/wp-content\/uploads\/usu668\/2024\/05\/IMG-20240527-WA0006-1536x1152.jpg 1536w, https:\/\/agora.xtec.cat\/iesgerbert\/wp-content\/uploads\/usu668\/2024\/05\/IMG-20240527-WA0006-200x150.jpg 200w, https:\/\/agora.xtec.cat\/iesgerbert\/wp-content\/uploads\/usu668\/2024\/05\/IMG-20240527-WA0006.jpg 1600w\" sizes=\"auto, (max-width: 556px) 100vw, 556px\" \/><\/a> <a href=\"https:\/\/agora.xtec.cat\/iesgerbert\/wp-content\/uploads\/usu668\/2024\/05\/IMG-20240527-WA0007.jpg\"><img loading=\"lazy\" decoding=\"async\" class=\" wp-image-11717 alignleft\" src=\"https:\/\/agora.xtec.cat\/iesgerbert\/wp-content\/uploads\/usu668\/2024\/05\/IMG-20240527-WA0007-1024x560.jpg\" alt=\"\" width=\"557\" height=\"305\" srcset=\"https:\/\/agora.xtec.cat\/iesgerbert\/wp-content\/uploads\/usu668\/2024\/05\/IMG-20240527-WA0007-1024x560.jpg 1024w, https:\/\/agora.xtec.cat\/iesgerbert\/wp-content\/uploads\/usu668\/2024\/05\/IMG-20240527-WA0007-300x164.jpg 300w, https:\/\/agora.xtec.cat\/iesgerbert\/wp-content\/uploads\/usu668\/2024\/05\/IMG-20240527-WA0007-768x420.jpg 768w, https:\/\/agora.xtec.cat\/iesgerbert\/wp-content\/uploads\/usu668\/2024\/05\/IMG-20240527-WA0007-1536x840.jpg 1536w, https:\/\/agora.xtec.cat\/iesgerbert\/wp-content\/uploads\/usu668\/2024\/05\/IMG-20240527-WA0007.jpg 1600w\" sizes=\"auto, (max-width: 557px) 100vw, 557px\" \/><\/a><\/p>\n","protected":false},"excerpt":{"rendered":"<p>El passat dijous 23 quatre representants de 2n de Batxibac (la Riham El Harti, l&#8217;Ona Am\u00e9rigo, el Jan M\u00e9rida i el Mart\u00ed M\u00e9rida) es van reunir a l&#8217;Ajuntament de Sant Fruit\u00f3s amb la M\u00f2nica Cruz (regidora d&#8217;Ensenyament i Sanitat) i amb el Sr. Joan Carles Batan\u00e9s (alcalde). El motiu de la trobada era presentar-los el [&hellip;]<\/p>\n","protected":false},"author":18,"featured_media":11716,"comment_status":"open","ping_status":"closed","sticky":false,"template":"","format":"standard","meta":{"_bbp_topic_count":0,"_bbp_reply_count":0,"_bbp_total_topic_count":0,"_bbp_total_reply_count":0,"_bbp_voice_count":0,"_bbp_anonymous_reply_count":0,"_bbp_topic_count_hidden":0,"_bbp_reply_count_hidden":0,"_bbp_forum_subforum_count":0,"site-sidebar-layout":"default","site-content-layout":"","ast-site-content-layout":"","site-content-style":"default","site-sidebar-style":"default","ast-global-header-display":"","ast-banner-title-visibility":"","ast-main-header-display":"","ast-hfb-above-header-display":"","ast-hfb-below-header-display":"","ast-hfb-mobile-header-display":"","site-post-title":"","ast-breadcrumbs-content":"","ast-featured-img":"","footer-sml-layout":"","theme-transparent-header-meta":"","adv-header-id-meta":"","stick-header-meta":"","header-above-stick-meta":"","header-main-stick-meta":"","header-below-stick-meta":"","astra-migrate-meta-layouts":"default","ast-page-background-enabled":"default","ast-page-background-meta":{"desktop":{"background-color":"var(--ast-global-color-4)","background-image":"","background-repeat":"repeat","background-position":"center center","background-size":"auto","background-attachment":"scroll","background-type":"","background-media":"","overlay-type":"","overlay-color":"","overlay-opacity":"","overlay-gradient":""},"tablet":{"background-color":"","background-image":"","background-repeat":"repeat","background-position":"center center","background-size":"auto","background-attachment":"scroll","background-type":"","background-media":"","overlay-type":"","overlay-color":"","overlay-opacity":"","overlay-gradient":""},"mobile":{"background-color":"","background-image":"","background-repeat":"repeat","background-position":"center center","background-size":"auto","background-attachment":"scroll","background-type":"","background-media":"","overlay-type":"","overlay-color":"","overlay-opacity":"","overlay-gradient":""}},"ast-content-background-meta":{"desktop":{"background-color":"var(--ast-global-color-5)","background-image":"","background-repeat":"repeat","background-position":"center center","background-size":"auto","background-attachment":"scroll","background-type":"","background-media":"","overlay-type":"","overlay-color":"","overlay-opacity":"","overlay-gradient":""},"tablet":{"background-color":"var(--ast-global-color-5)","background-image":"","background-repeat":"repeat","background-position":"center center","background-size":"auto","background-attachment":"scroll","background-type":"","background-media":"","overlay-type":"","overlay-color":"","overlay-opacity":"","overlay-gradient":""},"mobile":{"background-color":"var(--ast-global-color-5)","background-image":"","background-repeat":"repeat","background-position":"center center","background-size":"auto","background-attachment":"scroll","background-type":"","background-media":"","overlay-type":"","overlay-color":"","overlay-opacity":"","overlay-gradient":""}},"footnotes":""},"categories":[31,99,1,29],"tags":[],"class_list":["post-11720","post","type-post","status-publish","format-standard","has-post-thumbnail","hentry","category-afa","category-batxibac","category-general","category-portada"],"post_mailing_queue_ids":[],"_links":{"self":[{"href":"https:\/\/agora.xtec.cat\/iesgerbert\/wp-json\/wp\/v2\/posts\/11720","targetHints":{"allow":["GET"]}}],"collection":[{"href":"https:\/\/agora.xtec.cat\/iesgerbert\/wp-json\/wp\/v2\/posts"}],"about":[{"href":"https:\/\/agora.xtec.cat\/iesgerbert\/wp-json\/wp\/v2\/types\/post"}],"author":[{"embeddable":true,"href":"https:\/\/agora.xtec.cat\/iesgerbert\/wp-json\/wp\/v2\/users\/18"}],"replies":[{"embeddable":true,"href":"https:\/\/agora.xtec.cat\/iesgerbert\/wp-json\/wp\/v2\/comments?post=11720"}],"version-history":[{"count":4,"href":"https:\/\/agora.xtec.cat\/iesgerbert\/wp-json\/wp\/v2\/posts\/11720\/revisions"}],"predecessor-version":[{"id":11801,"href":"https:\/\/agora.xtec.cat\/iesgerbert\/wp-json\/wp\/v2\/posts\/11720\/revisions\/11801"}],"wp:featuredmedia":[{"embeddable":true,"href":"https:\/\/agora.xtec.cat\/iesgerbert\/wp-json\/wp\/v2\/media\/11716"}],"wp:attachment":[{"href":"https:\/\/agora.xtec.cat\/iesgerbert\/wp-json\/wp\/v2\/media?parent=11720"}],"wp:term":[{"taxonomy":"category","embeddable":true,"href":"https:\/\/agora.xtec.cat\/iesgerbert\/wp-json\/wp\/v2\/categories?post=11720"},{"taxonomy":"post_tag","embeddable":true,"href":"https:\/\/agora.xtec.cat\/iesgerbert\/wp-json\/wp\/v2\/tags?post=11720"}],"curies":[{"name":"wp","href":"https:\/\/api.w.org\/{rel}","templated":true}]}}