{"id":11641,"date":"2024-05-14T12:52:47","date_gmt":"2024-05-14T10:52:47","guid":{"rendered":"https:\/\/agora.xtec.cat\/iesgerbert\/?p=11641"},"modified":"2024-05-14T12:52:47","modified_gmt":"2024-05-14T10:52:47","slug":"aparador-literari-marc-abril-maig","status":"publish","type":"post","link":"https:\/\/agora.xtec.cat\/iesgerbert\/general\/aparador-literari-marc-abril-maig\/","title":{"rendered":"APARADOR LITERARI MAR\u00c7-ABRIL-MAIG"},"content":{"rendered":"<p style=\"text-align: justify;\">Durant la primera quinzena del mes de mar\u00e7, enlla\u00e7ant-ho amb el 8M, vam centrar-nos, en la primera literatura feminista de casa nostra i d&#8217;Europa escrita per autores algunes de les quals han esdevingut molt famoses per\u00f2 d&#8217;altres, molt invisibilitzades, fins i tot avui dia. Dones que van ser pioneres i algunes que encara ho s\u00f3n tant per la tem\u00e0tica com pel mateix acte d&#8217;escriure en una \u00e8poca dominada pels homes.<\/p>\n<p style=\"text-align: justify;\">En la segona meitat de la quinzena, vam voler homenatjar l&#8217;obra &#8220;El Petit Pr\u00edncep&#8221; d&#8217;Antoine de Saint-Exup\u00e9ry, aprofitant que tamb\u00e9 es feia una exposici\u00f3 al Casino de Manresa en motiu dels 80 (de fet 81) anys de la publicaci\u00f3 d&#8217;aquesta obra tan universal. L&#8217;alumnat d&#8217;Aula Oberta, com sempre, ens va delectar amb una figura del Petit Pr\u00edncep espectacular.<\/p>\n<p style=\"text-align: justify;\">Aprofitant que \u00e9s l&#8217;Any Estell\u00e9s i l&#8217;Any Salvat-Papasse\u00eft, vam dedicar dos espais a aquests poetes amb exposici\u00f3 de poemes i llibres i amb treballs i roses de l&#8217;alumnat. De nou, felicitem la destresa dels alumnes d&#8217;Aula Oberta de 4t i de tot l&#8217;alumnat d&#8217;EVP de 4t, que ens van delectar amb uns projectes art\u00edstics de molt nivell.<\/p>\n<p style=\"text-align: justify;\">Aprofitant el Sant Jordi, durant la setmana pr\u00e8via, v\u00e0rem proposar a l&#8217;alumnat un concurs diari per posar t\u00edtols a poemes visuals. Els guanyadors van ser triats per l&#8217;alumnat de Creaci\u00f3 liter\u00e0ria.<\/p>\n<p style=\"text-align: justify;\">Ara que comen\u00e7a el maig, ens estem centrant en el C\u00f2mic, del qual tant n&#8217;hem sentit a parlar aquests darrers dies pel Sal\u00f3 del C\u00f2mic que s&#8217;ha celebrat a Barcelona, un g\u00e8nere molt atractiu per al nostre alumnat.<\/p>\n<p style=\"text-align: justify;\">Paral\u00b7lelament, hem estat adequant espais a la biblioteca del centre segons tem\u00e0tiques (amor, aventura, misteri, social, manga, c\u00f2mic cl\u00e0ssic&#8230;) que hem omplert amb t\u00edtols actuals, molt atractius, per tal que l&#8217;alumnat, pugui triar i endur-se&#8217;n algun en pr\u00e9stec, si s&#8217;escau. Per aix\u00f2, trobareu una llibreta al prestatge del C\u00f2mic cl\u00e0ssic on el professor titular o el de gu\u00e0rdia pot registrar-hi el pr\u00e9stec.<\/p>\n<p style=\"text-align: justify;\">Volem agrair a tot l&#8217;alumnat la implicaci\u00f3 en els diferents projectes, des de 1r d&#8217;ESO a 2n de Batxillerat, especialment Aula oberta de 4t, que ha col\u00b7laborat en tot el que els hem proposat; i, finalment, al professorat que s&#8217;ha avingut a acolorir el centre amb pinzellades de literatura.<\/p>\n<p>Bona lectura!<\/p>\n<p><strong>Comissi\u00f3 de Pla lector<\/strong><\/p>\n<p><a href=\"https:\/\/agora.xtec.cat\/iesgerbert\/wp-content\/uploads\/usu668\/2024\/05\/20240514_115728_4_11zon-scaled.jpg\"><img loading=\"lazy\" decoding=\"async\" class=\" wp-image-11640 alignleft\" src=\"https:\/\/agora.xtec.cat\/iesgerbert\/wp-content\/uploads\/usu668\/2024\/05\/20240514_115728_4_11zon-1024x768.jpg\" alt=\"\" width=\"575\" height=\"431\" srcset=\"https:\/\/agora.xtec.cat\/iesgerbert\/wp-content\/uploads\/usu668\/2024\/05\/20240514_115728_4_11zon-1024x768.jpg 1024w, https:\/\/agora.xtec.cat\/iesgerbert\/wp-content\/uploads\/usu668\/2024\/05\/20240514_115728_4_11zon-300x225.jpg 300w, https:\/\/agora.xtec.cat\/iesgerbert\/wp-content\/uploads\/usu668\/2024\/05\/20240514_115728_4_11zon-768x576.jpg 768w, https:\/\/agora.xtec.cat\/iesgerbert\/wp-content\/uploads\/usu668\/2024\/05\/20240514_115728_4_11zon-1536x1152.jpg 1536w, https:\/\/agora.xtec.cat\/iesgerbert\/wp-content\/uploads\/usu668\/2024\/05\/20240514_115728_4_11zon-2048x1536.jpg 2048w, https:\/\/agora.xtec.cat\/iesgerbert\/wp-content\/uploads\/usu668\/2024\/05\/20240514_115728_4_11zon-200x150.jpg 200w\" sizes=\"auto, (max-width: 575px) 100vw, 575px\" \/><\/a> <a href=\"https:\/\/agora.xtec.cat\/iesgerbert\/wp-content\/uploads\/usu668\/2024\/05\/20240514_115650_3_11zon-scaled.jpg\"><img loading=\"lazy\" decoding=\"async\" class=\" wp-image-11639 alignleft\" src=\"https:\/\/agora.xtec.cat\/iesgerbert\/wp-content\/uploads\/usu668\/2024\/05\/20240514_115650_3_11zon-1024x768.jpg\" alt=\"\" width=\"575\" height=\"431\" srcset=\"https:\/\/agora.xtec.cat\/iesgerbert\/wp-content\/uploads\/usu668\/2024\/05\/20240514_115650_3_11zon-1024x768.jpg 1024w, https:\/\/agora.xtec.cat\/iesgerbert\/wp-content\/uploads\/usu668\/2024\/05\/20240514_115650_3_11zon-300x225.jpg 300w, https:\/\/agora.xtec.cat\/iesgerbert\/wp-content\/uploads\/usu668\/2024\/05\/20240514_115650_3_11zon-768x576.jpg 768w, https:\/\/agora.xtec.cat\/iesgerbert\/wp-content\/uploads\/usu668\/2024\/05\/20240514_115650_3_11zon-1536x1152.jpg 1536w, https:\/\/agora.xtec.cat\/iesgerbert\/wp-content\/uploads\/usu668\/2024\/05\/20240514_115650_3_11zon-2048x1536.jpg 2048w, https:\/\/agora.xtec.cat\/iesgerbert\/wp-content\/uploads\/usu668\/2024\/05\/20240514_115650_3_11zon-200x150.jpg 200w\" sizes=\"auto, (max-width: 575px) 100vw, 575px\" \/><\/a> <a href=\"https:\/\/agora.xtec.cat\/iesgerbert\/wp-content\/uploads\/usu668\/2024\/05\/20240430_115142_2_11zon-scaled.jpg\"><img loading=\"lazy\" decoding=\"async\" class=\" wp-image-11638 alignleft\" src=\"https:\/\/agora.xtec.cat\/iesgerbert\/wp-content\/uploads\/usu668\/2024\/05\/20240430_115142_2_11zon-1024x768.jpg\" alt=\"\" width=\"574\" height=\"431\" srcset=\"https:\/\/agora.xtec.cat\/iesgerbert\/wp-content\/uploads\/usu668\/2024\/05\/20240430_115142_2_11zon-1024x768.jpg 1024w, https:\/\/agora.xtec.cat\/iesgerbert\/wp-content\/uploads\/usu668\/2024\/05\/20240430_115142_2_11zon-300x225.jpg 300w, https:\/\/agora.xtec.cat\/iesgerbert\/wp-content\/uploads\/usu668\/2024\/05\/20240430_115142_2_11zon-768x576.jpg 768w, https:\/\/agora.xtec.cat\/iesgerbert\/wp-content\/uploads\/usu668\/2024\/05\/20240430_115142_2_11zon-1536x1152.jpg 1536w, https:\/\/agora.xtec.cat\/iesgerbert\/wp-content\/uploads\/usu668\/2024\/05\/20240430_115142_2_11zon-2048x1536.jpg 2048w, https:\/\/agora.xtec.cat\/iesgerbert\/wp-content\/uploads\/usu668\/2024\/05\/20240430_115142_2_11zon-200x150.jpg 200w\" sizes=\"auto, (max-width: 574px) 100vw, 574px\" \/><\/a> <a href=\"https:\/\/agora.xtec.cat\/iesgerbert\/wp-content\/uploads\/usu668\/2024\/05\/20240430_115131_1_11zon-scaled.jpg\"><img loading=\"lazy\" decoding=\"async\" class=\" wp-image-11637 alignleft\" src=\"https:\/\/agora.xtec.cat\/iesgerbert\/wp-content\/uploads\/usu668\/2024\/05\/20240430_115131_1_11zon-768x1024.jpg\" alt=\"\" width=\"575\" height=\"766\" srcset=\"https:\/\/agora.xtec.cat\/iesgerbert\/wp-content\/uploads\/usu668\/2024\/05\/20240430_115131_1_11zon-768x1024.jpg 768w, https:\/\/agora.xtec.cat\/iesgerbert\/wp-content\/uploads\/usu668\/2024\/05\/20240430_115131_1_11zon-225x300.jpg 225w, https:\/\/agora.xtec.cat\/iesgerbert\/wp-content\/uploads\/usu668\/2024\/05\/20240430_115131_1_11zon-1152x1536.jpg 1152w, https:\/\/agora.xtec.cat\/iesgerbert\/wp-content\/uploads\/usu668\/2024\/05\/20240430_115131_1_11zon-1536x2048.jpg 1536w, https:\/\/agora.xtec.cat\/iesgerbert\/wp-content\/uploads\/usu668\/2024\/05\/20240430_115131_1_11zon-scaled.jpg 1920w\" sizes=\"auto, (max-width: 575px) 100vw, 575px\" \/><\/a><\/p>\n","protected":false},"excerpt":{"rendered":"<p>Durant la primera quinzena del mes de mar\u00e7, enlla\u00e7ant-ho amb el 8M, vam centrar-nos, en la primera literatura feminista de casa nostra i d&#8217;Europa escrita per autores algunes de les quals han esdevingut molt famoses per\u00f2 d&#8217;altres, molt invisibilitzades, fins i tot avui dia. Dones que van ser pioneres i algunes que encara ho s\u00f3n [&hellip;]<\/p>\n","protected":false},"author":18,"featured_media":11637,"comment_status":"open","ping_status":"closed","sticky":false,"template":"","format":"standard","meta":{"_bbp_topic_count":0,"_bbp_reply_count":0,"_bbp_total_topic_count":0,"_bbp_total_reply_count":0,"_bbp_voice_count":0,"_bbp_anonymous_reply_count":0,"_bbp_topic_count_hidden":0,"_bbp_reply_count_hidden":0,"_bbp_forum_subforum_count":0,"site-sidebar-layout":"default","site-content-layout":"","ast-site-content-layout":"","site-content-style":"default","site-sidebar-style":"default","ast-global-header-display":"","ast-banner-title-visibility":"","ast-main-header-display":"","ast-hfb-above-header-display":"","ast-hfb-below-header-display":"","ast-hfb-mobile-header-display":"","site-post-title":"","ast-breadcrumbs-content":"","ast-featured-img":"","footer-sml-layout":"","theme-transparent-header-meta":"","adv-header-id-meta":"","stick-header-meta":"","header-above-stick-meta":"","header-main-stick-meta":"","header-below-stick-meta":"","astra-migrate-meta-layouts":"default","ast-page-background-enabled":"default","ast-page-background-meta":{"desktop":{"background-color":"var(--ast-global-color-4)","background-image":"","background-repeat":"repeat","background-position":"center center","background-size":"auto","background-attachment":"scroll","background-type":"","background-media":"","overlay-type":"","overlay-color":"","overlay-opacity":"","overlay-gradient":""},"tablet":{"background-color":"","background-image":"","background-repeat":"repeat","background-position":"center center","background-size":"auto","background-attachment":"scroll","background-type":"","background-media":"","overlay-type":"","overlay-color":"","overlay-opacity":"","overlay-gradient":""},"mobile":{"background-color":"","background-image":"","background-repeat":"repeat","background-position":"center center","background-size":"auto","background-attachment":"scroll","background-type":"","background-media":"","overlay-type":"","overlay-color":"","overlay-opacity":"","overlay-gradient":""}},"ast-content-background-meta":{"desktop":{"background-color":"var(--ast-global-color-5)","background-image":"","background-repeat":"repeat","background-position":"center center","background-size":"auto","background-attachment":"scroll","background-type":"","background-media":"","overlay-type":"","overlay-color":"","overlay-opacity":"","overlay-gradient":""},"tablet":{"background-color":"var(--ast-global-color-5)","background-image":"","background-repeat":"repeat","background-position":"center center","background-size":"auto","background-attachment":"scroll","background-type":"","background-media":"","overlay-type":"","overlay-color":"","overlay-opacity":"","overlay-gradient":""},"mobile":{"background-color":"var(--ast-global-color-5)","background-image":"","background-repeat":"repeat","background-position":"center center","background-size":"auto","background-attachment":"scroll","background-type":"","background-media":"","overlay-type":"","overlay-color":"","overlay-opacity":"","overlay-gradient":""}},"footnotes":""},"categories":[31,99,8,3,1,29],"tags":[],"class_list":["post-11641","post","type-post","status-publish","format-standard","has-post-thumbnail","hentry","category-afa","category-batxibac","category-batxillerat","category-eso","category-general","category-portada"],"post_mailing_queue_ids":[],"_links":{"self":[{"href":"https:\/\/agora.xtec.cat\/iesgerbert\/wp-json\/wp\/v2\/posts\/11641","targetHints":{"allow":["GET"]}}],"collection":[{"href":"https:\/\/agora.xtec.cat\/iesgerbert\/wp-json\/wp\/v2\/posts"}],"about":[{"href":"https:\/\/agora.xtec.cat\/iesgerbert\/wp-json\/wp\/v2\/types\/post"}],"author":[{"embeddable":true,"href":"https:\/\/agora.xtec.cat\/iesgerbert\/wp-json\/wp\/v2\/users\/18"}],"replies":[{"embeddable":true,"href":"https:\/\/agora.xtec.cat\/iesgerbert\/wp-json\/wp\/v2\/comments?post=11641"}],"version-history":[{"count":2,"href":"https:\/\/agora.xtec.cat\/iesgerbert\/wp-json\/wp\/v2\/posts\/11641\/revisions"}],"predecessor-version":[{"id":11643,"href":"https:\/\/agora.xtec.cat\/iesgerbert\/wp-json\/wp\/v2\/posts\/11641\/revisions\/11643"}],"wp:featuredmedia":[{"embeddable":true,"href":"https:\/\/agora.xtec.cat\/iesgerbert\/wp-json\/wp\/v2\/media\/11637"}],"wp:attachment":[{"href":"https:\/\/agora.xtec.cat\/iesgerbert\/wp-json\/wp\/v2\/media?parent=11641"}],"wp:term":[{"taxonomy":"category","embeddable":true,"href":"https:\/\/agora.xtec.cat\/iesgerbert\/wp-json\/wp\/v2\/categories?post=11641"},{"taxonomy":"post_tag","embeddable":true,"href":"https:\/\/agora.xtec.cat\/iesgerbert\/wp-json\/wp\/v2\/tags?post=11641"}],"curies":[{"name":"wp","href":"https:\/\/api.w.org\/{rel}","templated":true}]}}