{"id":11608,"date":"2024-05-11T12:14:52","date_gmt":"2024-05-11T10:14:52","guid":{"rendered":"https:\/\/agora.xtec.cat\/iesgerbert\/?p=11608"},"modified":"2024-05-11T12:14:52","modified_gmt":"2024-05-11T10:14:52","slug":"fem-dansa","status":"publish","type":"post","link":"https:\/\/agora.xtec.cat\/iesgerbert\/general\/fem-dansa\/","title":{"rendered":"FEM DANSA"},"content":{"rendered":"<p style=\"text-align: justify;\">El passat dia 8 de maig una bona part de l&#8217;alumnat de 4t C va dur a terme la representaci\u00f3 del <em>Fem Dansa<\/em> al Kursaal de Manresa. Ha estat un projecte on hi han participat uns 150 alumnes de diferents centres de la comarca del Bages. El nom de l&#8217;espectacle ha estat &#8220;Hist\u00f2ria de la comunicaci\u00f3 dansada&#8221;, sens dubte una experi\u00e8ncia enriquidora i que mai oblidaran.<\/p>\n<p style=\"text-align: justify;\">Cal felicitar els alumnes que hi han participat i en especial a la Nadia i l&#8217;Aina que han estat les persones que han liderat el projecte, tamb\u00e9 al Servei educatiu del Kursaal per continuar creient amb aquests tipus de projectes.<\/p>\n<p><strong>Rosa Matamala. Professora d&#8217;educaci\u00f3 f\u00edsica<\/strong><\/p>\n<p><a href=\"https:\/\/agora.xtec.cat\/iesgerbert\/wp-content\/uploads\/usu668\/2024\/05\/Fem-Dansa-1.jpg\"><img loading=\"lazy\" decoding=\"async\" class=\" wp-image-11605 alignleft\" src=\"https:\/\/agora.xtec.cat\/iesgerbert\/wp-content\/uploads\/usu668\/2024\/05\/Fem-Dansa-1-1024x577.jpg\" alt=\"\" width=\"555\" height=\"313\" srcset=\"https:\/\/agora.xtec.cat\/iesgerbert\/wp-content\/uploads\/usu668\/2024\/05\/Fem-Dansa-1-1024x577.jpg 1024w, https:\/\/agora.xtec.cat\/iesgerbert\/wp-content\/uploads\/usu668\/2024\/05\/Fem-Dansa-1-300x169.jpg 300w, https:\/\/agora.xtec.cat\/iesgerbert\/wp-content\/uploads\/usu668\/2024\/05\/Fem-Dansa-1-768x432.jpg 768w, https:\/\/agora.xtec.cat\/iesgerbert\/wp-content\/uploads\/usu668\/2024\/05\/Fem-Dansa-1-1536x865.jpg 1536w, https:\/\/agora.xtec.cat\/iesgerbert\/wp-content\/uploads\/usu668\/2024\/05\/Fem-Dansa-1.jpg 1600w\" sizes=\"auto, (max-width: 555px) 100vw, 555px\" \/><\/a> <a href=\"https:\/\/agora.xtec.cat\/iesgerbert\/wp-content\/uploads\/usu668\/2024\/05\/Fem-Dansa-3-scaled.jpg\"><img loading=\"lazy\" decoding=\"async\" class=\" wp-image-11607 alignleft\" src=\"https:\/\/agora.xtec.cat\/iesgerbert\/wp-content\/uploads\/usu668\/2024\/05\/Fem-Dansa-3-1024x621.jpg\" alt=\"\" width=\"555\" height=\"337\" srcset=\"https:\/\/agora.xtec.cat\/iesgerbert\/wp-content\/uploads\/usu668\/2024\/05\/Fem-Dansa-3-1024x621.jpg 1024w, https:\/\/agora.xtec.cat\/iesgerbert\/wp-content\/uploads\/usu668\/2024\/05\/Fem-Dansa-3-300x182.jpg 300w, https:\/\/agora.xtec.cat\/iesgerbert\/wp-content\/uploads\/usu668\/2024\/05\/Fem-Dansa-3-768x466.jpg 768w, https:\/\/agora.xtec.cat\/iesgerbert\/wp-content\/uploads\/usu668\/2024\/05\/Fem-Dansa-3-1536x931.jpg 1536w, https:\/\/agora.xtec.cat\/iesgerbert\/wp-content\/uploads\/usu668\/2024\/05\/Fem-Dansa-3-2048x1242.jpg 2048w\" sizes=\"auto, (max-width: 555px) 100vw, 555px\" \/><\/a> <a href=\"https:\/\/agora.xtec.cat\/iesgerbert\/wp-content\/uploads\/usu668\/2024\/05\/Fem-Dansa-2.jpg\"><img loading=\"lazy\" decoding=\"async\" class=\" wp-image-11606 alignleft\" src=\"https:\/\/agora.xtec.cat\/iesgerbert\/wp-content\/uploads\/usu668\/2024\/05\/Fem-Dansa-2-1024x576.jpg\" alt=\"\" width=\"557\" height=\"313\" srcset=\"https:\/\/agora.xtec.cat\/iesgerbert\/wp-content\/uploads\/usu668\/2024\/05\/Fem-Dansa-2-1024x576.jpg 1024w, https:\/\/agora.xtec.cat\/iesgerbert\/wp-content\/uploads\/usu668\/2024\/05\/Fem-Dansa-2-300x169.jpg 300w, https:\/\/agora.xtec.cat\/iesgerbert\/wp-content\/uploads\/usu668\/2024\/05\/Fem-Dansa-2-768x432.jpg 768w, https:\/\/agora.xtec.cat\/iesgerbert\/wp-content\/uploads\/usu668\/2024\/05\/Fem-Dansa-2-1536x864.jpg 1536w, https:\/\/agora.xtec.cat\/iesgerbert\/wp-content\/uploads\/usu668\/2024\/05\/Fem-Dansa-2.jpg 2048w\" sizes=\"auto, (max-width: 557px) 100vw, 557px\" \/><\/a><\/p>\n","protected":false},"excerpt":{"rendered":"<p>El passat dia 8 de maig una bona part de l&#8217;alumnat de 4t C va dur a terme la representaci\u00f3 del Fem Dansa al Kursaal de Manresa. Ha estat un projecte on hi han participat uns 150 alumnes de diferents centres de la comarca del Bages. El nom de l&#8217;espectacle ha estat &#8220;Hist\u00f2ria de la [&hellip;]<\/p>\n","protected":false},"author":18,"featured_media":11605,"comment_status":"open","ping_status":"closed","sticky":false,"template":"","format":"standard","meta":{"_bbp_topic_count":0,"_bbp_reply_count":0,"_bbp_total_topic_count":0,"_bbp_total_reply_count":0,"_bbp_voice_count":0,"_bbp_anonymous_reply_count":0,"_bbp_topic_count_hidden":0,"_bbp_reply_count_hidden":0,"_bbp_forum_subforum_count":0,"site-sidebar-layout":"default","site-content-layout":"","ast-site-content-layout":"","site-content-style":"default","site-sidebar-style":"default","ast-global-header-display":"","ast-banner-title-visibility":"","ast-main-header-display":"","ast-hfb-above-header-display":"","ast-hfb-below-header-display":"","ast-hfb-mobile-header-display":"","site-post-title":"","ast-breadcrumbs-content":"","ast-featured-img":"","footer-sml-layout":"","theme-transparent-header-meta":"","adv-header-id-meta":"","stick-header-meta":"","header-above-stick-meta":"","header-main-stick-meta":"","header-below-stick-meta":"","astra-migrate-meta-layouts":"default","ast-page-background-enabled":"default","ast-page-background-meta":{"desktop":{"background-color":"var(--ast-global-color-4)","background-image":"","background-repeat":"repeat","background-position":"center center","background-size":"auto","background-attachment":"scroll","background-type":"","background-media":"","overlay-type":"","overlay-color":"","overlay-opacity":"","overlay-gradient":""},"tablet":{"background-color":"","background-image":"","background-repeat":"repeat","background-position":"center center","background-size":"auto","background-attachment":"scroll","background-type":"","background-media":"","overlay-type":"","overlay-color":"","overlay-opacity":"","overlay-gradient":""},"mobile":{"background-color":"","background-image":"","background-repeat":"repeat","background-position":"center center","background-size":"auto","background-attachment":"scroll","background-type":"","background-media":"","overlay-type":"","overlay-color":"","overlay-opacity":"","overlay-gradient":""}},"ast-content-background-meta":{"desktop":{"background-color":"var(--ast-global-color-5)","background-image":"","background-repeat":"repeat","background-position":"center center","background-size":"auto","background-attachment":"scroll","background-type":"","background-media":"","overlay-type":"","overlay-color":"","overlay-opacity":"","overlay-gradient":""},"tablet":{"background-color":"var(--ast-global-color-5)","background-image":"","background-repeat":"repeat","background-position":"center center","background-size":"auto","background-attachment":"scroll","background-type":"","background-media":"","overlay-type":"","overlay-color":"","overlay-opacity":"","overlay-gradient":""},"mobile":{"background-color":"var(--ast-global-color-5)","background-image":"","background-repeat":"repeat","background-position":"center center","background-size":"auto","background-attachment":"scroll","background-type":"","background-media":"","overlay-type":"","overlay-color":"","overlay-opacity":"","overlay-gradient":""}},"footnotes":""},"categories":[31,26,1,29],"tags":[],"class_list":["post-11608","post","type-post","status-publish","format-standard","has-post-thumbnail","hentry","category-afa","category-eso-4c","category-general","category-portada"],"post_mailing_queue_ids":[],"_links":{"self":[{"href":"https:\/\/agora.xtec.cat\/iesgerbert\/wp-json\/wp\/v2\/posts\/11608","targetHints":{"allow":["GET"]}}],"collection":[{"href":"https:\/\/agora.xtec.cat\/iesgerbert\/wp-json\/wp\/v2\/posts"}],"about":[{"href":"https:\/\/agora.xtec.cat\/iesgerbert\/wp-json\/wp\/v2\/types\/post"}],"author":[{"embeddable":true,"href":"https:\/\/agora.xtec.cat\/iesgerbert\/wp-json\/wp\/v2\/users\/18"}],"replies":[{"embeddable":true,"href":"https:\/\/agora.xtec.cat\/iesgerbert\/wp-json\/wp\/v2\/comments?post=11608"}],"version-history":[{"count":1,"href":"https:\/\/agora.xtec.cat\/iesgerbert\/wp-json\/wp\/v2\/posts\/11608\/revisions"}],"predecessor-version":[{"id":11609,"href":"https:\/\/agora.xtec.cat\/iesgerbert\/wp-json\/wp\/v2\/posts\/11608\/revisions\/11609"}],"wp:featuredmedia":[{"embeddable":true,"href":"https:\/\/agora.xtec.cat\/iesgerbert\/wp-json\/wp\/v2\/media\/11605"}],"wp:attachment":[{"href":"https:\/\/agora.xtec.cat\/iesgerbert\/wp-json\/wp\/v2\/media?parent=11608"}],"wp:term":[{"taxonomy":"category","embeddable":true,"href":"https:\/\/agora.xtec.cat\/iesgerbert\/wp-json\/wp\/v2\/categories?post=11608"},{"taxonomy":"post_tag","embeddable":true,"href":"https:\/\/agora.xtec.cat\/iesgerbert\/wp-json\/wp\/v2\/tags?post=11608"}],"curies":[{"name":"wp","href":"https:\/\/api.w.org\/{rel}","templated":true}]}}