{"id":11516,"date":"2024-04-16T18:28:36","date_gmt":"2024-04-16T16:28:36","guid":{"rendered":"https:\/\/agora.xtec.cat\/iesgerbert\/?p=11516"},"modified":"2024-04-16T18:28:36","modified_gmt":"2024-04-16T16:28:36","slug":"infoescoles-nova-informacio-a-la-web","status":"publish","type":"post","link":"https:\/\/agora.xtec.cat\/iesgerbert\/general\/infoescoles-nova-informacio-a-la-web\/","title":{"rendered":"INFOESCOLES: NOVA INFORMACI\u00d3 A LA WEB"},"content":{"rendered":"<p style=\"text-align: justify;\">L&#8217;alumnat del nostre institut, com la resta de centres educatius de Sant Fruit\u00f3s de Bages, participa en l\u2019emissi\u00f3 d\u2019un programa mensual anomenat Infoescoles que s\u2019emet l\u2019\u00faltim dissabte de mes a <a href=\"https:\/\/radiosantfruitos.cat\/WEB\/\">R\u00e0dio Sant Fruit\u00f3s<\/a>. A partir d&#8217;avui, a dins l&#8217;apartat MEN\u00da&gt;L&#8217;INSTITUT&gt;INFOESCOLES de la nostra p\u00e0gina web, podeu accedir a les emissions a mesura que vagin estant disponibles. Us deixem l&#8217;enlla\u00e7 directe <strong><a href=\"https:\/\/agora.xtec.cat\/iesgerbert\/linstitut\/infoescoles\/\">aqu\u00ed<\/a> <\/strong>tamb\u00e9.<\/p>\n<p><a href=\"https:\/\/agora.xtec.cat\/iesgerbert\/wp-content\/uploads\/usu668\/2024\/04\/INFOESCOLES-2-1.png\"><img loading=\"lazy\" decoding=\"async\" class=\" wp-image-11515 alignleft\" src=\"https:\/\/agora.xtec.cat\/iesgerbert\/wp-content\/uploads\/usu668\/2024\/04\/INFOESCOLES-2-1.png\" alt=\"\" width=\"387\" height=\"387\" srcset=\"https:\/\/agora.xtec.cat\/iesgerbert\/wp-content\/uploads\/usu668\/2024\/04\/INFOESCOLES-2-1.png 500w, https:\/\/agora.xtec.cat\/iesgerbert\/wp-content\/uploads\/usu668\/2024\/04\/INFOESCOLES-2-1-300x300.png 300w, https:\/\/agora.xtec.cat\/iesgerbert\/wp-content\/uploads\/usu668\/2024\/04\/INFOESCOLES-2-1-150x150.png 150w\" sizes=\"auto, (max-width: 387px) 100vw, 387px\" \/><\/a><\/p>\n","protected":false},"excerpt":{"rendered":"<p>L&#8217;alumnat del nostre institut, com la resta de centres educatius de Sant Fruit\u00f3s de Bages, participa en l\u2019emissi\u00f3 d\u2019un programa mensual anomenat Infoescoles que s\u2019emet l\u2019\u00faltim dissabte de mes a R\u00e0dio Sant Fruit\u00f3s. A partir d&#8217;avui, a dins l&#8217;apartat MEN\u00da&gt;L&#8217;INSTITUT&gt;INFOESCOLES de la nostra p\u00e0gina web, podeu accedir a les emissions a mesura que vagin estant [&hellip;]<\/p>\n","protected":false},"author":18,"featured_media":11514,"comment_status":"open","ping_status":"closed","sticky":false,"template":"","format":"standard","meta":{"_bbp_topic_count":0,"_bbp_reply_count":0,"_bbp_total_topic_count":0,"_bbp_total_reply_count":0,"_bbp_voice_count":0,"_bbp_anonymous_reply_count":0,"_bbp_topic_count_hidden":0,"_bbp_reply_count_hidden":0,"_bbp_forum_subforum_count":0,"site-sidebar-layout":"default","site-content-layout":"","ast-site-content-layout":"","site-content-style":"default","site-sidebar-style":"default","ast-global-header-display":"","ast-banner-title-visibility":"","ast-main-header-display":"","ast-hfb-above-header-display":"","ast-hfb-below-header-display":"","ast-hfb-mobile-header-display":"","site-post-title":"","ast-breadcrumbs-content":"","ast-featured-img":"","footer-sml-layout":"","theme-transparent-header-meta":"","adv-header-id-meta":"","stick-header-meta":"","header-above-stick-meta":"","header-main-stick-meta":"","header-below-stick-meta":"","astra-migrate-meta-layouts":"default","ast-page-background-enabled":"default","ast-page-background-meta":{"desktop":{"background-color":"var(--ast-global-color-4)","background-image":"","background-repeat":"repeat","background-position":"center center","background-size":"auto","background-attachment":"scroll","background-type":"","background-media":"","overlay-type":"","overlay-color":"","overlay-opacity":"","overlay-gradient":""},"tablet":{"background-color":"","background-image":"","background-repeat":"repeat","background-position":"center center","background-size":"auto","background-attachment":"scroll","background-type":"","background-media":"","overlay-type":"","overlay-color":"","overlay-opacity":"","overlay-gradient":""},"mobile":{"background-color":"","background-image":"","background-repeat":"repeat","background-position":"center center","background-size":"auto","background-attachment":"scroll","background-type":"","background-media":"","overlay-type":"","overlay-color":"","overlay-opacity":"","overlay-gradient":""}},"ast-content-background-meta":{"desktop":{"background-color":"var(--ast-global-color-5)","background-image":"","background-repeat":"repeat","background-position":"center center","background-size":"auto","background-attachment":"scroll","background-type":"","background-media":"","overlay-type":"","overlay-color":"","overlay-opacity":"","overlay-gradient":""},"tablet":{"background-color":"var(--ast-global-color-5)","background-image":"","background-repeat":"repeat","background-position":"center center","background-size":"auto","background-attachment":"scroll","background-type":"","background-media":"","overlay-type":"","overlay-color":"","overlay-opacity":"","overlay-gradient":""},"mobile":{"background-color":"var(--ast-global-color-5)","background-image":"","background-repeat":"repeat","background-position":"center center","background-size":"auto","background-attachment":"scroll","background-type":"","background-media":"","overlay-type":"","overlay-color":"","overlay-opacity":"","overlay-gradient":""}},"footnotes":""},"categories":[31,8,3,1,29],"tags":[],"class_list":["post-11516","post","type-post","status-publish","format-standard","has-post-thumbnail","hentry","category-afa","category-batxillerat","category-eso","category-general","category-portada"],"post_mailing_queue_ids":[],"_links":{"self":[{"href":"https:\/\/agora.xtec.cat\/iesgerbert\/wp-json\/wp\/v2\/posts\/11516","targetHints":{"allow":["GET"]}}],"collection":[{"href":"https:\/\/agora.xtec.cat\/iesgerbert\/wp-json\/wp\/v2\/posts"}],"about":[{"href":"https:\/\/agora.xtec.cat\/iesgerbert\/wp-json\/wp\/v2\/types\/post"}],"author":[{"embeddable":true,"href":"https:\/\/agora.xtec.cat\/iesgerbert\/wp-json\/wp\/v2\/users\/18"}],"replies":[{"embeddable":true,"href":"https:\/\/agora.xtec.cat\/iesgerbert\/wp-json\/wp\/v2\/comments?post=11516"}],"version-history":[{"count":1,"href":"https:\/\/agora.xtec.cat\/iesgerbert\/wp-json\/wp\/v2\/posts\/11516\/revisions"}],"predecessor-version":[{"id":11517,"href":"https:\/\/agora.xtec.cat\/iesgerbert\/wp-json\/wp\/v2\/posts\/11516\/revisions\/11517"}],"wp:featuredmedia":[{"embeddable":true,"href":"https:\/\/agora.xtec.cat\/iesgerbert\/wp-json\/wp\/v2\/media\/11514"}],"wp:attachment":[{"href":"https:\/\/agora.xtec.cat\/iesgerbert\/wp-json\/wp\/v2\/media?parent=11516"}],"wp:term":[{"taxonomy":"category","embeddable":true,"href":"https:\/\/agora.xtec.cat\/iesgerbert\/wp-json\/wp\/v2\/categories?post=11516"},{"taxonomy":"post_tag","embeddable":true,"href":"https:\/\/agora.xtec.cat\/iesgerbert\/wp-json\/wp\/v2\/tags?post=11516"}],"curies":[{"name":"wp","href":"https:\/\/api.w.org\/{rel}","templated":true}]}}