{"id":11486,"date":"2024-04-11T10:51:39","date_gmt":"2024-04-11T08:51:39","guid":{"rendered":"https:\/\/agora.xtec.cat\/iesgerbert\/?p=11486"},"modified":"2024-04-11T10:51:39","modified_gmt":"2024-04-11T08:51:39","slug":"lhort-escolar","status":"publish","type":"post","link":"https:\/\/agora.xtec.cat\/iesgerbert\/general\/lhort-escolar\/","title":{"rendered":"L&#8217;HORT ESCOLAR"},"content":{"rendered":"<p style=\"text-align: justify;\">L\u2019hort escolar \u00e9s una gran oportunitat educativa per treballar h\u00e0bits, valors, cooperaci\u00f3, participaci\u00f3 i autonomia d&#8217;una forma transversal. \u00c9s una font d\u2019aprenentatge molt important, ja que l\u2019alumnat no nom\u00e9s apr\u00e8n coneixements sobre les plantes, sin\u00f3 tamb\u00e9 valors i comprom\u00eds personal.<\/p>\n<p style=\"text-align: justify;\">En dos trimestres hem aconseguit un hort ple d&#8217;abund\u00e0ncia i ja fa setmanes que en recollim els fruits: faves, enciams, cebes, escaroles&#8230; Quina descoberta per a molts el plaer de menjar p\u00e8sols directament de la pesolera o d&#8217;endur-se enciam per a l&#8217;amanida de casa. Qui s&#8217;ho hauria imaginat!<\/p>\n<p style=\"text-align: justify;\"><strong>Mar Puig<\/strong><\/p>\n<p><a href=\"https:\/\/agora.xtec.cat\/iesgerbert\/wp-content\/uploads\/usu668\/2024\/04\/ceba_11zon-scaled.jpg\"><img loading=\"lazy\" decoding=\"async\" class=\" wp-image-11485 alignleft\" src=\"https:\/\/agora.xtec.cat\/iesgerbert\/wp-content\/uploads\/usu668\/2024\/04\/ceba_11zon-1024x509.jpg\" alt=\"\" width=\"611\" height=\"304\" srcset=\"https:\/\/agora.xtec.cat\/iesgerbert\/wp-content\/uploads\/usu668\/2024\/04\/ceba_11zon-1024x509.jpg 1024w, https:\/\/agora.xtec.cat\/iesgerbert\/wp-content\/uploads\/usu668\/2024\/04\/ceba_11zon-300x149.jpg 300w, https:\/\/agora.xtec.cat\/iesgerbert\/wp-content\/uploads\/usu668\/2024\/04\/ceba_11zon-768x382.jpg 768w, https:\/\/agora.xtec.cat\/iesgerbert\/wp-content\/uploads\/usu668\/2024\/04\/ceba_11zon-1536x764.jpg 1536w, https:\/\/agora.xtec.cat\/iesgerbert\/wp-content\/uploads\/usu668\/2024\/04\/ceba_11zon-2048x1018.jpg 2048w\" sizes=\"auto, (max-width: 611px) 100vw, 611px\" \/><\/a><\/p>\n<p>&nbsp;<\/p>\n","protected":false},"excerpt":{"rendered":"<p>L\u2019hort escolar \u00e9s una gran oportunitat educativa per treballar h\u00e0bits, valors, cooperaci\u00f3, participaci\u00f3 i autonomia d&#8217;una forma transversal. \u00c9s una font d\u2019aprenentatge molt important, ja que l\u2019alumnat no nom\u00e9s apr\u00e8n coneixements sobre les plantes, sin\u00f3 tamb\u00e9 valors i comprom\u00eds personal. En dos trimestres hem aconseguit un hort ple d&#8217;abund\u00e0ncia i ja fa setmanes que en [&hellip;]<\/p>\n","protected":false},"author":18,"featured_media":11485,"comment_status":"open","ping_status":"closed","sticky":false,"template":"","format":"standard","meta":{"_bbp_topic_count":0,"_bbp_reply_count":0,"_bbp_total_topic_count":0,"_bbp_total_reply_count":0,"_bbp_voice_count":0,"_bbp_anonymous_reply_count":0,"_bbp_topic_count_hidden":0,"_bbp_reply_count_hidden":0,"_bbp_forum_subforum_count":0,"site-sidebar-layout":"default","site-content-layout":"","ast-site-content-layout":"","site-content-style":"default","site-sidebar-style":"default","ast-global-header-display":"","ast-banner-title-visibility":"","ast-main-header-display":"","ast-hfb-above-header-display":"","ast-hfb-below-header-display":"","ast-hfb-mobile-header-display":"","site-post-title":"","ast-breadcrumbs-content":"","ast-featured-img":"","footer-sml-layout":"","theme-transparent-header-meta":"","adv-header-id-meta":"","stick-header-meta":"","header-above-stick-meta":"","header-main-stick-meta":"","header-below-stick-meta":"","astra-migrate-meta-layouts":"default","ast-page-background-enabled":"default","ast-page-background-meta":{"desktop":{"background-color":"var(--ast-global-color-4)","background-image":"","background-repeat":"repeat","background-position":"center center","background-size":"auto","background-attachment":"scroll","background-type":"","background-media":"","overlay-type":"","overlay-color":"","overlay-opacity":"","overlay-gradient":""},"tablet":{"background-color":"","background-image":"","background-repeat":"repeat","background-position":"center center","background-size":"auto","background-attachment":"scroll","background-type":"","background-media":"","overlay-type":"","overlay-color":"","overlay-opacity":"","overlay-gradient":""},"mobile":{"background-color":"","background-image":"","background-repeat":"repeat","background-position":"center center","background-size":"auto","background-attachment":"scroll","background-type":"","background-media":"","overlay-type":"","overlay-color":"","overlay-opacity":"","overlay-gradient":""}},"ast-content-background-meta":{"desktop":{"background-color":"var(--ast-global-color-5)","background-image":"","background-repeat":"repeat","background-position":"center center","background-size":"auto","background-attachment":"scroll","background-type":"","background-media":"","overlay-type":"","overlay-color":"","overlay-opacity":"","overlay-gradient":""},"tablet":{"background-color":"var(--ast-global-color-5)","background-image":"","background-repeat":"repeat","background-position":"center center","background-size":"auto","background-attachment":"scroll","background-type":"","background-media":"","overlay-type":"","overlay-color":"","overlay-opacity":"","overlay-gradient":""},"mobile":{"background-color":"var(--ast-global-color-5)","background-image":"","background-repeat":"repeat","background-position":"center center","background-size":"auto","background-attachment":"scroll","background-type":"","background-media":"","overlay-type":"","overlay-color":"","overlay-opacity":"","overlay-gradient":""}},"footnotes":""},"categories":[31,6,7,1,29],"tags":[],"class_list":["post-11486","post","type-post","status-publish","format-standard","has-post-thumbnail","hentry","category-afa","category-eso-3","category-eso-4","category-general","category-portada"],"post_mailing_queue_ids":[],"_links":{"self":[{"href":"https:\/\/agora.xtec.cat\/iesgerbert\/wp-json\/wp\/v2\/posts\/11486","targetHints":{"allow":["GET"]}}],"collection":[{"href":"https:\/\/agora.xtec.cat\/iesgerbert\/wp-json\/wp\/v2\/posts"}],"about":[{"href":"https:\/\/agora.xtec.cat\/iesgerbert\/wp-json\/wp\/v2\/types\/post"}],"author":[{"embeddable":true,"href":"https:\/\/agora.xtec.cat\/iesgerbert\/wp-json\/wp\/v2\/users\/18"}],"replies":[{"embeddable":true,"href":"https:\/\/agora.xtec.cat\/iesgerbert\/wp-json\/wp\/v2\/comments?post=11486"}],"version-history":[{"count":3,"href":"https:\/\/agora.xtec.cat\/iesgerbert\/wp-json\/wp\/v2\/posts\/11486\/revisions"}],"predecessor-version":[{"id":11489,"href":"https:\/\/agora.xtec.cat\/iesgerbert\/wp-json\/wp\/v2\/posts\/11486\/revisions\/11489"}],"wp:featuredmedia":[{"embeddable":true,"href":"https:\/\/agora.xtec.cat\/iesgerbert\/wp-json\/wp\/v2\/media\/11485"}],"wp:attachment":[{"href":"https:\/\/agora.xtec.cat\/iesgerbert\/wp-json\/wp\/v2\/media?parent=11486"}],"wp:term":[{"taxonomy":"category","embeddable":true,"href":"https:\/\/agora.xtec.cat\/iesgerbert\/wp-json\/wp\/v2\/categories?post=11486"},{"taxonomy":"post_tag","embeddable":true,"href":"https:\/\/agora.xtec.cat\/iesgerbert\/wp-json\/wp\/v2\/tags?post=11486"}],"curies":[{"name":"wp","href":"https:\/\/api.w.org\/{rel}","templated":true}]}}