{"id":11245,"date":"2024-02-12T19:47:33","date_gmt":"2024-02-12T18:47:33","guid":{"rendered":"https:\/\/agora.xtec.cat\/iesgerbert\/?p=11245"},"modified":"2024-02-12T19:47:33","modified_gmt":"2024-02-12T18:47:33","slug":"sortida-a-les-ppoo-de-la-uab","status":"publish","type":"post","link":"https:\/\/agora.xtec.cat\/iesgerbert\/general\/sortida-a-les-ppoo-de-la-uab\/","title":{"rendered":"SORTIDA A LES PPOO DE LA UAB"},"content":{"rendered":"<p style=\"font-weight: 400; text-align: justify;\">Com cada curs, el passat dimecres 7 de febrer, es va portar a terme la sortida de tutoria a les Jornades de Portes Obertes de la UAB amb l\u2019alumnat de 2n de batxillerat. Aquesta vegada contra tot pron\u00f2stic, degut a la manifestaci\u00f3 de pagesos a Barcelona i l&#8217;amena\u00e7a dels talls de carreteres. Sortosament, varen poder gaudir d&#8217;una passejada pel campus per descobrir tots els serveis que els ofereix com la Vila Universit\u00e0ria, les biblioteques, les cafeteries, el Servei d&#8217;Activitat F\u00edsica i varen poder assistir a les diferents sessions informatives dels graus ofertes per les facultats. Una experi\u00e8ncia que han valorat molt positivament i que esperem que els sigui \u00fatil per la seva futura tria.<\/p>\n<p style=\"font-weight: 400;\"><strong>Coordinadora de Batxillerat<\/strong><\/p>\n<p><a href=\"https:\/\/agora.xtec.cat\/iesgerbert\/wp-content\/uploads\/usu668\/2024\/02\/IMG_9691_1_11zon-1-scaled.jpeg\"><img loading=\"lazy\" decoding=\"async\" class=\" wp-image-11244 alignleft\" src=\"https:\/\/agora.xtec.cat\/iesgerbert\/wp-content\/uploads\/usu668\/2024\/02\/IMG_9691_1_11zon-1-768x1024.jpeg\" alt=\"\" width=\"475\" height=\"634\" srcset=\"https:\/\/agora.xtec.cat\/iesgerbert\/wp-content\/uploads\/usu668\/2024\/02\/IMG_9691_1_11zon-1-768x1024.jpeg 768w, https:\/\/agora.xtec.cat\/iesgerbert\/wp-content\/uploads\/usu668\/2024\/02\/IMG_9691_1_11zon-1-225x300.jpeg 225w, https:\/\/agora.xtec.cat\/iesgerbert\/wp-content\/uploads\/usu668\/2024\/02\/IMG_9691_1_11zon-1-1152x1536.jpeg 1152w, https:\/\/agora.xtec.cat\/iesgerbert\/wp-content\/uploads\/usu668\/2024\/02\/IMG_9691_1_11zon-1-1536x2048.jpeg 1536w, https:\/\/agora.xtec.cat\/iesgerbert\/wp-content\/uploads\/usu668\/2024\/02\/IMG_9691_1_11zon-1-scaled.jpeg 1920w\" sizes=\"auto, (max-width: 475px) 100vw, 475px\" \/><\/a><\/p>\n","protected":false},"excerpt":{"rendered":"<p>Com cada curs, el passat dimecres 7 de febrer, es va portar a terme la sortida de tutoria a les Jornades de Portes Obertes de la UAB amb l\u2019alumnat de 2n de batxillerat. Aquesta vegada contra tot pron\u00f2stic, degut a la manifestaci\u00f3 de pagesos a Barcelona i l&#8217;amena\u00e7a dels talls de carreteres. Sortosament, varen poder [&hellip;]<\/p>\n","protected":false},"author":18,"featured_media":11244,"comment_status":"open","ping_status":"closed","sticky":false,"template":"","format":"standard","meta":{"_bbp_topic_count":0,"_bbp_reply_count":0,"_bbp_total_topic_count":0,"_bbp_total_reply_count":0,"_bbp_voice_count":0,"_bbp_anonymous_reply_count":0,"_bbp_topic_count_hidden":0,"_bbp_reply_count_hidden":0,"_bbp_forum_subforum_count":0,"site-sidebar-layout":"default","site-content-layout":"","ast-site-content-layout":"","site-content-style":"default","site-sidebar-style":"default","ast-global-header-display":"","ast-banner-title-visibility":"","ast-main-header-display":"","ast-hfb-above-header-display":"","ast-hfb-below-header-display":"","ast-hfb-mobile-header-display":"","site-post-title":"","ast-breadcrumbs-content":"","ast-featured-img":"","footer-sml-layout":"","theme-transparent-header-meta":"","adv-header-id-meta":"","stick-header-meta":"","header-above-stick-meta":"","header-main-stick-meta":"","header-below-stick-meta":"","astra-migrate-meta-layouts":"default","ast-page-background-enabled":"default","ast-page-background-meta":{"desktop":{"background-color":"var(--ast-global-color-4)","background-image":"","background-repeat":"repeat","background-position":"center center","background-size":"auto","background-attachment":"scroll","background-type":"","background-media":"","overlay-type":"","overlay-color":"","overlay-opacity":"","overlay-gradient":""},"tablet":{"background-color":"","background-image":"","background-repeat":"repeat","background-position":"center center","background-size":"auto","background-attachment":"scroll","background-type":"","background-media":"","overlay-type":"","overlay-color":"","overlay-opacity":"","overlay-gradient":""},"mobile":{"background-color":"","background-image":"","background-repeat":"repeat","background-position":"center center","background-size":"auto","background-attachment":"scroll","background-type":"","background-media":"","overlay-type":"","overlay-color":"","overlay-opacity":"","overlay-gradient":""}},"ast-content-background-meta":{"desktop":{"background-color":"var(--ast-global-color-5)","background-image":"","background-repeat":"repeat","background-position":"center center","background-size":"auto","background-attachment":"scroll","background-type":"","background-media":"","overlay-type":"","overlay-color":"","overlay-opacity":"","overlay-gradient":""},"tablet":{"background-color":"var(--ast-global-color-5)","background-image":"","background-repeat":"repeat","background-position":"center center","background-size":"auto","background-attachment":"scroll","background-type":"","background-media":"","overlay-type":"","overlay-color":"","overlay-opacity":"","overlay-gradient":""},"mobile":{"background-color":"var(--ast-global-color-5)","background-image":"","background-repeat":"repeat","background-position":"center center","background-size":"auto","background-attachment":"scroll","background-type":"","background-media":"","overlay-type":"","overlay-color":"","overlay-opacity":"","overlay-gradient":""}},"footnotes":""},"categories":[98,31,8,1,29],"tags":[],"class_list":["post-11245","post","type-post","status-publish","format-standard","has-post-thumbnail","hentry","category-2n-batxillerat-batxillerat","category-afa","category-batxillerat","category-general","category-portada"],"post_mailing_queue_ids":[],"_links":{"self":[{"href":"https:\/\/agora.xtec.cat\/iesgerbert\/wp-json\/wp\/v2\/posts\/11245","targetHints":{"allow":["GET"]}}],"collection":[{"href":"https:\/\/agora.xtec.cat\/iesgerbert\/wp-json\/wp\/v2\/posts"}],"about":[{"href":"https:\/\/agora.xtec.cat\/iesgerbert\/wp-json\/wp\/v2\/types\/post"}],"author":[{"embeddable":true,"href":"https:\/\/agora.xtec.cat\/iesgerbert\/wp-json\/wp\/v2\/users\/18"}],"replies":[{"embeddable":true,"href":"https:\/\/agora.xtec.cat\/iesgerbert\/wp-json\/wp\/v2\/comments?post=11245"}],"version-history":[{"count":1,"href":"https:\/\/agora.xtec.cat\/iesgerbert\/wp-json\/wp\/v2\/posts\/11245\/revisions"}],"predecessor-version":[{"id":11246,"href":"https:\/\/agora.xtec.cat\/iesgerbert\/wp-json\/wp\/v2\/posts\/11245\/revisions\/11246"}],"wp:featuredmedia":[{"embeddable":true,"href":"https:\/\/agora.xtec.cat\/iesgerbert\/wp-json\/wp\/v2\/media\/11244"}],"wp:attachment":[{"href":"https:\/\/agora.xtec.cat\/iesgerbert\/wp-json\/wp\/v2\/media?parent=11245"}],"wp:term":[{"taxonomy":"category","embeddable":true,"href":"https:\/\/agora.xtec.cat\/iesgerbert\/wp-json\/wp\/v2\/categories?post=11245"},{"taxonomy":"post_tag","embeddable":true,"href":"https:\/\/agora.xtec.cat\/iesgerbert\/wp-json\/wp\/v2\/tags?post=11245"}],"curies":[{"name":"wp","href":"https:\/\/api.w.org\/{rel}","templated":true}]}}