{"id":11100,"date":"2023-12-20T11:53:36","date_gmt":"2023-12-20T10:53:36","guid":{"rendered":"https:\/\/agora.xtec.cat\/iesgerbert\/?p=11100"},"modified":"2023-12-20T11:53:36","modified_gmt":"2023-12-20T10:53:36","slug":"25-anys-sense-lautora-gloria-fuertes","status":"publish","type":"post","link":"https:\/\/agora.xtec.cat\/iesgerbert\/general\/25-anys-sense-lautora-gloria-fuertes\/","title":{"rendered":"25 ANYS SENSE L\u2019AUTORA GLORIA FUERTES"},"content":{"rendered":"<p style=\"text-align: justify;\">Durant el mes de novembre, l\u2019alumnat de 2n d\u2019ESO ha treballat poemes de l\u2019escriptora madrilenya Gloria Fuertes per commemorar els 25 anys de la seva mort. Cada alumne ha triat un poema i l\u2019ha il\u00b7lustrat en un cartell.<\/p>\n<p style=\"text-align: justify;\">En el transcurs de dues setmanes, l\u2019alumnat ha pogut participar en la votaci\u00f3 dels diferents poemes exposats i els poemes il\u00b7lustrats que han tingut m\u00e9s \u00e8xit han estat:<\/p>\n<p style=\"text-align: justify;\">1r. <em>La risa<\/em> (il\u00b7lustrat per Laia L\u00f3pez i J\u00falia Domingo)<\/p>\n<p style=\"text-align: justify;\"><a href=\"https:\/\/agora.xtec.cat\/iesgerbert\/wp-content\/uploads\/usu668\/2023\/12\/1r.-La-Risa.-Laia-Lopez-i-Julia-Domingo-rotated.jpg\"><img loading=\"lazy\" decoding=\"async\" class=\"wp-image-11097 aligncenter\" src=\"https:\/\/agora.xtec.cat\/iesgerbert\/wp-content\/uploads\/usu668\/2023\/12\/1r.-La-Risa.-Laia-Lopez-i-Julia-Domingo-768x1024.jpg\" alt=\"\" width=\"490\" height=\"654\" srcset=\"https:\/\/agora.xtec.cat\/iesgerbert\/wp-content\/uploads\/usu668\/2023\/12\/1r.-La-Risa.-Laia-Lopez-i-Julia-Domingo-768x1024.jpg 768w, https:\/\/agora.xtec.cat\/iesgerbert\/wp-content\/uploads\/usu668\/2023\/12\/1r.-La-Risa.-Laia-Lopez-i-Julia-Domingo-225x300.jpg 225w, https:\/\/agora.xtec.cat\/iesgerbert\/wp-content\/uploads\/usu668\/2023\/12\/1r.-La-Risa.-Laia-Lopez-i-Julia-Domingo-1152x1536.jpg 1152w, https:\/\/agora.xtec.cat\/iesgerbert\/wp-content\/uploads\/usu668\/2023\/12\/1r.-La-Risa.-Laia-Lopez-i-Julia-Domingo-rotated.jpg 1200w\" sizes=\"auto, (max-width: 490px) 100vw, 490px\" \/><\/a><\/p>\n<p style=\"text-align: justify;\">2n. <em>Viajar es un placer<\/em> (il\u00b7lustrat per Unai Cabrera i Abril Par\u00e9s)<\/p>\n<p style=\"text-align: justify;\"><a href=\"https:\/\/agora.xtec.cat\/iesgerbert\/wp-content\/uploads\/usu668\/2023\/12\/3r.-En-mi-cara-redondita.-Oscar-Dominguez-i-Robert-Martinez.jpg\"><img loading=\"lazy\" decoding=\"async\" class=\"wp-image-11099 aligncenter\" src=\"https:\/\/agora.xtec.cat\/iesgerbert\/wp-content\/uploads\/usu668\/2023\/12\/3r.-En-mi-cara-redondita.-Oscar-Dominguez-i-Robert-Martinez-768x1024.jpg\" alt=\"\" width=\"493\" height=\"657\" srcset=\"https:\/\/agora.xtec.cat\/iesgerbert\/wp-content\/uploads\/usu668\/2023\/12\/3r.-En-mi-cara-redondita.-Oscar-Dominguez-i-Robert-Martinez-768x1024.jpg 768w, https:\/\/agora.xtec.cat\/iesgerbert\/wp-content\/uploads\/usu668\/2023\/12\/3r.-En-mi-cara-redondita.-Oscar-Dominguez-i-Robert-Martinez-225x300.jpg 225w, https:\/\/agora.xtec.cat\/iesgerbert\/wp-content\/uploads\/usu668\/2023\/12\/3r.-En-mi-cara-redondita.-Oscar-Dominguez-i-Robert-Martinez-1152x1536.jpg 1152w, https:\/\/agora.xtec.cat\/iesgerbert\/wp-content\/uploads\/usu668\/2023\/12\/3r.-En-mi-cara-redondita.-Oscar-Dominguez-i-Robert-Martinez.jpg 1200w\" sizes=\"auto, (max-width: 493px) 100vw, 493px\" \/><\/a><\/p>\n<p style=\"text-align: justify;\">3r. <em>En mi cara redondita<\/em> (il\u00b7lustrat per \u00d3scar Dom\u00ednguez i Robert Mart\u00ednez)<\/p>\n<p><a href=\"https:\/\/agora.xtec.cat\/iesgerbert\/wp-content\/uploads\/usu668\/2023\/12\/2n.-Viajar-es-un-placer.-Unai-Cabrera-i-Abril-Pares-rotated.jpg\"><img loading=\"lazy\" decoding=\"async\" class=\"wp-image-11098 aligncenter\" src=\"https:\/\/agora.xtec.cat\/iesgerbert\/wp-content\/uploads\/usu668\/2023\/12\/2n.-Viajar-es-un-placer.-Unai-Cabrera-i-Abril-Pares-768x1024.jpg\" alt=\"\" width=\"497\" height=\"662\" srcset=\"https:\/\/agora.xtec.cat\/iesgerbert\/wp-content\/uploads\/usu668\/2023\/12\/2n.-Viajar-es-un-placer.-Unai-Cabrera-i-Abril-Pares-768x1024.jpg 768w, https:\/\/agora.xtec.cat\/iesgerbert\/wp-content\/uploads\/usu668\/2023\/12\/2n.-Viajar-es-un-placer.-Unai-Cabrera-i-Abril-Pares-225x300.jpg 225w, https:\/\/agora.xtec.cat\/iesgerbert\/wp-content\/uploads\/usu668\/2023\/12\/2n.-Viajar-es-un-placer.-Unai-Cabrera-i-Abril-Pares-1152x1536.jpg 1152w, https:\/\/agora.xtec.cat\/iesgerbert\/wp-content\/uploads\/usu668\/2023\/12\/2n.-Viajar-es-un-placer.-Unai-Cabrera-i-Abril-Pares-rotated.jpg 1200w\" sizes=\"auto, (max-width: 497px) 100vw, 497px\" \/><\/a><\/p>\n","protected":false},"excerpt":{"rendered":"<p>Durant el mes de novembre, l\u2019alumnat de 2n d\u2019ESO ha treballat poemes de l\u2019escriptora madrilenya Gloria Fuertes per commemorar els 25 anys de la seva mort. Cada alumne ha triat un poema i l\u2019ha il\u00b7lustrat en un cartell. En el transcurs de dues setmanes, l\u2019alumnat ha pogut participar en la votaci\u00f3 dels diferents poemes exposats [&hellip;]<\/p>\n","protected":false},"author":18,"featured_media":11097,"comment_status":"open","ping_status":"closed","sticky":false,"template":"","format":"standard","meta":{"_bbp_topic_count":0,"_bbp_reply_count":0,"_bbp_total_topic_count":0,"_bbp_total_reply_count":0,"_bbp_voice_count":0,"_bbp_anonymous_reply_count":0,"_bbp_topic_count_hidden":0,"_bbp_reply_count_hidden":0,"_bbp_forum_subforum_count":0,"site-sidebar-layout":"default","site-content-layout":"","ast-site-content-layout":"","site-content-style":"default","site-sidebar-style":"default","ast-global-header-display":"","ast-banner-title-visibility":"","ast-main-header-display":"","ast-hfb-above-header-display":"","ast-hfb-below-header-display":"","ast-hfb-mobile-header-display":"","site-post-title":"","ast-breadcrumbs-content":"","ast-featured-img":"","footer-sml-layout":"","theme-transparent-header-meta":"","adv-header-id-meta":"","stick-header-meta":"","header-above-stick-meta":"","header-main-stick-meta":"","header-below-stick-meta":"","astra-migrate-meta-layouts":"default","ast-page-background-enabled":"default","ast-page-background-meta":{"desktop":{"background-color":"var(--ast-global-color-4)","background-image":"","background-repeat":"repeat","background-position":"center center","background-size":"auto","background-attachment":"scroll","background-type":"","background-media":"","overlay-type":"","overlay-color":"","overlay-opacity":"","overlay-gradient":""},"tablet":{"background-color":"","background-image":"","background-repeat":"repeat","background-position":"center center","background-size":"auto","background-attachment":"scroll","background-type":"","background-media":"","overlay-type":"","overlay-color":"","overlay-opacity":"","overlay-gradient":""},"mobile":{"background-color":"","background-image":"","background-repeat":"repeat","background-position":"center center","background-size":"auto","background-attachment":"scroll","background-type":"","background-media":"","overlay-type":"","overlay-color":"","overlay-opacity":"","overlay-gradient":""}},"ast-content-background-meta":{"desktop":{"background-color":"var(--ast-global-color-5)","background-image":"","background-repeat":"repeat","background-position":"center center","background-size":"auto","background-attachment":"scroll","background-type":"","background-media":"","overlay-type":"","overlay-color":"","overlay-opacity":"","overlay-gradient":""},"tablet":{"background-color":"var(--ast-global-color-5)","background-image":"","background-repeat":"repeat","background-position":"center center","background-size":"auto","background-attachment":"scroll","background-type":"","background-media":"","overlay-type":"","overlay-color":"","overlay-opacity":"","overlay-gradient":""},"mobile":{"background-color":"var(--ast-global-color-5)","background-image":"","background-repeat":"repeat","background-position":"center center","background-size":"auto","background-attachment":"scroll","background-type":"","background-media":"","overlay-type":"","overlay-color":"","overlay-opacity":"","overlay-gradient":""}},"footnotes":""},"categories":[31,5,1,29],"tags":[],"class_list":["post-11100","post","type-post","status-publish","format-standard","has-post-thumbnail","hentry","category-afa","category-eso-2","category-general","category-portada"],"post_mailing_queue_ids":[],"_links":{"self":[{"href":"https:\/\/agora.xtec.cat\/iesgerbert\/wp-json\/wp\/v2\/posts\/11100","targetHints":{"allow":["GET"]}}],"collection":[{"href":"https:\/\/agora.xtec.cat\/iesgerbert\/wp-json\/wp\/v2\/posts"}],"about":[{"href":"https:\/\/agora.xtec.cat\/iesgerbert\/wp-json\/wp\/v2\/types\/post"}],"author":[{"embeddable":true,"href":"https:\/\/agora.xtec.cat\/iesgerbert\/wp-json\/wp\/v2\/users\/18"}],"replies":[{"embeddable":true,"href":"https:\/\/agora.xtec.cat\/iesgerbert\/wp-json\/wp\/v2\/comments?post=11100"}],"version-history":[{"count":4,"href":"https:\/\/agora.xtec.cat\/iesgerbert\/wp-json\/wp\/v2\/posts\/11100\/revisions"}],"predecessor-version":[{"id":11104,"href":"https:\/\/agora.xtec.cat\/iesgerbert\/wp-json\/wp\/v2\/posts\/11100\/revisions\/11104"}],"wp:featuredmedia":[{"embeddable":true,"href":"https:\/\/agora.xtec.cat\/iesgerbert\/wp-json\/wp\/v2\/media\/11097"}],"wp:attachment":[{"href":"https:\/\/agora.xtec.cat\/iesgerbert\/wp-json\/wp\/v2\/media?parent=11100"}],"wp:term":[{"taxonomy":"category","embeddable":true,"href":"https:\/\/agora.xtec.cat\/iesgerbert\/wp-json\/wp\/v2\/categories?post=11100"},{"taxonomy":"post_tag","embeddable":true,"href":"https:\/\/agora.xtec.cat\/iesgerbert\/wp-json\/wp\/v2\/tags?post=11100"}],"curies":[{"name":"wp","href":"https:\/\/api.w.org\/{rel}","templated":true}]}}