{"id":11046,"date":"2023-12-18T07:00:14","date_gmt":"2023-12-18T06:00:14","guid":{"rendered":"https:\/\/agora.xtec.cat\/iesgerbert\/?p=11046"},"modified":"2023-12-18T08:51:36","modified_gmt":"2023-12-18T07:51:36","slug":"un-passeig-per-berlin-amb-2n-de-batxillerat","status":"publish","type":"post","link":"https:\/\/agora.xtec.cat\/iesgerbert\/general\/un-passeig-per-berlin-amb-2n-de-batxillerat\/","title":{"rendered":"UN PASSEIG PER BERL\u00cdN AMB 2n DE BATXILLERAT"},"content":{"rendered":"<p style=\"text-align: justify;\"><span style=\"font-weight: 400;\">Des de l\u2019assignatura optativa d\u2019alemany es valora molt positivament el fet que el nostre alumnat tingui l\u2019oportunitat d\u2019experimentar la vida en un pa\u00eds fins ara encara for\u00e7a desconegut per la majoria i on la seva llengua vehicular \u00e9s l\u2019<\/span><b>alemany<\/b><span style=\"font-weight: 400;\">. \u00c9s per aquest motiu que s\u2019ha organitzat el viatge de 4 dies a la ciutat de Berl\u00edn, del 10 al 13 de desembre, aprofitant el per\u00edode prenadalenc. Durant aquests dies hem pogut visitar les parts de la ciutat m\u00e9s emblem\u00e0tiques com les restes del mur, el Checkpoint Charlie (un dels tres punts de control del mur juntament amb Alfa i Bravo), l\u2019Illa dels Museus, l\u2019Alexander Platz (amb el Rellotge Mundial, la Torre de la Televisi\u00f3&#8230;), l\u2019Avinguda Unter den Linden que ens condueix a la Porta de Brandenburg. Tamb\u00e9 hem pujat a dalt de la c\u00fapula de vidre del Reichstag i hem passejat per la zona de Ku\u2019dam, que \u00e9s la m\u00e9s comercial.<\/span><\/p>\n<p style=\"text-align: justify;\"><span style=\"font-weight: 400;\">\u00a0<\/span><span style=\"font-weight: 400;\">En aquest viatge, el nostre alumnat ha apr\u00e8s que el Mur de Berl\u00edn es va construir en una sola nit, del 12 al 13 d\u2019agost del 1961, i que despr\u00e9s de la Segona Guerra Mundial, la ciutat es va dividir en dos blocs, el cant\u00f3 sovi\u00e8tic (la Rep\u00fablica Democr\u00e0tica Alemanya) i el cant\u00f3 occidental (la Rep\u00fablica Federal Alemanya), ja que el sector oriental volia evitar que els seus habitants deixessin d\u2019emigrar cap al cant\u00f3 occidental, on hi havia m\u00e9s treball i millors condicions de vida.<\/span><\/p>\n<p style=\"text-align: justify;\"><span style=\"font-weight: 400;\">\u00a0<\/span><span style=\"font-weight: 400;\">Aix\u00ed mateix, hem pogut observar que Berl\u00edn est\u00e0 plegada d\u2019enormes tubs de colors rosa i blau que serveixen per drenar l\u2019aigua dels subterranis i que en els sem\u00e0fors encara apareix la figura de l\u2019Ampelm\u00e4nnchen. Tamb\u00e9 hem pogut assaborir la t\u00edpica salsitxa alemanya o Currywurst i el peculiar Lebkuchen, un dol\u00e7 nadalenc que val a dir que no ha agradat a tothom.<\/span><\/p>\n<p style=\"text-align: justify;\"><span style=\"font-weight: 400;\">\u00a0<\/span><span style=\"font-weight: 400;\">A m\u00e9s de visitar l\u2019impactant camp de concentraci\u00f3 Sachsenhausen, tamb\u00e9 hem estat testimonis del rastre dels nombrosos bombardejos que va patir durant la Segona Guerra Mundial gr\u00e0cies al fet que alguns edificis s\u2019han volgut preservar sense reconstruir-los del tot, com per exemple l\u2019esgl\u00e9sia del Memorial Kaiser Wilhelm o Ged\u00e4chtsniskirche, amb la intenci\u00f3 de mai m\u00e9s poder oblidar aquest terrible cap\u00edtol de la hist\u00f2ria per Alemanya.<\/span><\/p>\n<p style=\"text-align: justify;\"><span style=\"font-weight: 400;\">En resum, se\u2019ls ha volgut donar una experi\u00e8ncia m\u00e9s enll\u00e0 dels confins de les aules i que esperem que recordin tota la vida.<\/span><\/p>\n<p><b>Rosa C\u00f2dul. Professora d&#8217;alemany i coordinadora de Batxillerat<\/b><\/p>\n<p><a href=\"https:\/\/agora.xtec.cat\/iesgerbert\/wp-content\/uploads\/usu668\/2023\/12\/Arena.jpg\"><img loading=\"lazy\" decoding=\"async\" class=\" wp-image-11048 alignleft\" src=\"https:\/\/agora.xtec.cat\/iesgerbert\/wp-content\/uploads\/usu668\/2023\/12\/Arena.jpg\" alt=\"\" width=\"484\" height=\"363\" srcset=\"https:\/\/agora.xtec.cat\/iesgerbert\/wp-content\/uploads\/usu668\/2023\/12\/Arena.jpg 1024w, https:\/\/agora.xtec.cat\/iesgerbert\/wp-content\/uploads\/usu668\/2023\/12\/Arena-300x225.jpg 300w, https:\/\/agora.xtec.cat\/iesgerbert\/wp-content\/uploads\/usu668\/2023\/12\/Arena-768x576.jpg 768w, https:\/\/agora.xtec.cat\/iesgerbert\/wp-content\/uploads\/usu668\/2023\/12\/Arena-200x150.jpg 200w\" sizes=\"auto, (max-width: 484px) 100vw, 484px\" \/><\/a> <a href=\"https:\/\/agora.xtec.cat\/iesgerbert\/wp-content\/uploads\/usu668\/2023\/12\/Weltzeituhr_5_11zon-scaled.jpg\"><img loading=\"lazy\" decoding=\"async\" class=\" wp-image-11061 alignleft\" src=\"https:\/\/agora.xtec.cat\/iesgerbert\/wp-content\/uploads\/usu668\/2023\/12\/Weltzeituhr_5_11zon-768x1024.jpg\" alt=\"\" width=\"483\" height=\"644\" srcset=\"https:\/\/agora.xtec.cat\/iesgerbert\/wp-content\/uploads\/usu668\/2023\/12\/Weltzeituhr_5_11zon-768x1024.jpg 768w, https:\/\/agora.xtec.cat\/iesgerbert\/wp-content\/uploads\/usu668\/2023\/12\/Weltzeituhr_5_11zon-225x300.jpg 225w, https:\/\/agora.xtec.cat\/iesgerbert\/wp-content\/uploads\/usu668\/2023\/12\/Weltzeituhr_5_11zon-1152x1536.jpg 1152w, https:\/\/agora.xtec.cat\/iesgerbert\/wp-content\/uploads\/usu668\/2023\/12\/Weltzeituhr_5_11zon-1536x2048.jpg 1536w, https:\/\/agora.xtec.cat\/iesgerbert\/wp-content\/uploads\/usu668\/2023\/12\/Weltzeituhr_5_11zon-scaled.jpg 1920w\" sizes=\"auto, (max-width: 483px) 100vw, 483px\" \/><\/a> <a href=\"https:\/\/agora.xtec.cat\/iesgerbert\/wp-content\/uploads\/usu668\/2023\/12\/Weihnachtsmarkt-2_4_11zon-scaled.jpg\"><img loading=\"lazy\" decoding=\"async\" class=\" wp-image-11060 alignleft\" src=\"https:\/\/agora.xtec.cat\/iesgerbert\/wp-content\/uploads\/usu668\/2023\/12\/Weihnachtsmarkt-2_4_11zon-768x1024.jpg\" alt=\"\" width=\"483\" height=\"644\" srcset=\"https:\/\/agora.xtec.cat\/iesgerbert\/wp-content\/uploads\/usu668\/2023\/12\/Weihnachtsmarkt-2_4_11zon-768x1024.jpg 768w, https:\/\/agora.xtec.cat\/iesgerbert\/wp-content\/uploads\/usu668\/2023\/12\/Weihnachtsmarkt-2_4_11zon-225x300.jpg 225w, https:\/\/agora.xtec.cat\/iesgerbert\/wp-content\/uploads\/usu668\/2023\/12\/Weihnachtsmarkt-2_4_11zon-1152x1536.jpg 1152w, https:\/\/agora.xtec.cat\/iesgerbert\/wp-content\/uploads\/usu668\/2023\/12\/Weihnachtsmarkt-2_4_11zon-1536x2048.jpg 1536w, https:\/\/agora.xtec.cat\/iesgerbert\/wp-content\/uploads\/usu668\/2023\/12\/Weihnachtsmarkt-2_4_11zon-scaled.jpg 1920w\" sizes=\"auto, (max-width: 483px) 100vw, 483px\" \/><\/a> <a href=\"https:\/\/agora.xtec.cat\/iesgerbert\/wp-content\/uploads\/usu668\/2023\/12\/Sachsenhausen-2_3_11zon-scaled.jpg\"><img loading=\"lazy\" decoding=\"async\" class=\" wp-image-11059 alignleft\" src=\"https:\/\/agora.xtec.cat\/iesgerbert\/wp-content\/uploads\/usu668\/2023\/12\/Sachsenhausen-2_3_11zon-768x1024.jpg\" alt=\"\" width=\"481\" height=\"641\" srcset=\"https:\/\/agora.xtec.cat\/iesgerbert\/wp-content\/uploads\/usu668\/2023\/12\/Sachsenhausen-2_3_11zon-768x1024.jpg 768w, https:\/\/agora.xtec.cat\/iesgerbert\/wp-content\/uploads\/usu668\/2023\/12\/Sachsenhausen-2_3_11zon-225x300.jpg 225w, https:\/\/agora.xtec.cat\/iesgerbert\/wp-content\/uploads\/usu668\/2023\/12\/Sachsenhausen-2_3_11zon-1152x1536.jpg 1152w, https:\/\/agora.xtec.cat\/iesgerbert\/wp-content\/uploads\/usu668\/2023\/12\/Sachsenhausen-2_3_11zon-1536x2048.jpg 1536w, https:\/\/agora.xtec.cat\/iesgerbert\/wp-content\/uploads\/usu668\/2023\/12\/Sachsenhausen-2_3_11zon-scaled.jpg 1920w\" sizes=\"auto, (max-width: 481px) 100vw, 481px\" \/><\/a> <a href=\"https:\/\/agora.xtec.cat\/iesgerbert\/wp-content\/uploads\/usu668\/2023\/12\/Reichstag_2_11zon-scaled.jpg\"><img loading=\"lazy\" decoding=\"async\" class=\" wp-image-11058 alignleft\" src=\"https:\/\/agora.xtec.cat\/iesgerbert\/wp-content\/uploads\/usu668\/2023\/12\/Reichstag_2_11zon-768x1024.jpg\" alt=\"\" width=\"479\" height=\"639\" srcset=\"https:\/\/agora.xtec.cat\/iesgerbert\/wp-content\/uploads\/usu668\/2023\/12\/Reichstag_2_11zon-768x1024.jpg 768w, https:\/\/agora.xtec.cat\/iesgerbert\/wp-content\/uploads\/usu668\/2023\/12\/Reichstag_2_11zon-225x300.jpg 225w, https:\/\/agora.xtec.cat\/iesgerbert\/wp-content\/uploads\/usu668\/2023\/12\/Reichstag_2_11zon-1152x1536.jpg 1152w, https:\/\/agora.xtec.cat\/iesgerbert\/wp-content\/uploads\/usu668\/2023\/12\/Reichstag_2_11zon-1536x2048.jpg 1536w, https:\/\/agora.xtec.cat\/iesgerbert\/wp-content\/uploads\/usu668\/2023\/12\/Reichstag_2_11zon-scaled.jpg 1920w\" sizes=\"auto, (max-width: 479px) 100vw, 479px\" \/><\/a> <a href=\"https:\/\/agora.xtec.cat\/iesgerbert\/wp-content\/uploads\/usu668\/2023\/12\/Humboldt-Universita\u0308t_1-scaled.jpg\"><img loading=\"lazy\" decoding=\"async\" class=\" wp-image-11057 alignleft\" src=\"https:\/\/agora.xtec.cat\/iesgerbert\/wp-content\/uploads\/usu668\/2023\/12\/Humboldt-Universita\u0308t_1-768x1024.jpg\" alt=\"\" width=\"479\" height=\"638\" srcset=\"https:\/\/agora.xtec.cat\/iesgerbert\/wp-content\/uploads\/usu668\/2023\/12\/Humboldt-Universita\u0308t_1-768x1024.jpg 768w, https:\/\/agora.xtec.cat\/iesgerbert\/wp-content\/uploads\/usu668\/2023\/12\/Humboldt-Universita\u0308t_1-225x300.jpg 225w, https:\/\/agora.xtec.cat\/iesgerbert\/wp-content\/uploads\/usu668\/2023\/12\/Humboldt-Universita\u0308t_1-1152x1536.jpg 1152w, https:\/\/agora.xtec.cat\/iesgerbert\/wp-content\/uploads\/usu668\/2023\/12\/Humboldt-Universita\u0308t_1-1536x2048.jpg 1536w, https:\/\/agora.xtec.cat\/iesgerbert\/wp-content\/uploads\/usu668\/2023\/12\/Humboldt-Universita\u0308t_1-scaled.jpg 1920w\" sizes=\"auto, (max-width: 479px) 100vw, 479px\" \/><\/a> <a href=\"https:\/\/agora.xtec.cat\/iesgerbert\/wp-content\/uploads\/usu668\/2023\/12\/Weihnachtsmarkt.jpg\"><img loading=\"lazy\" decoding=\"async\" class=\" wp-image-11056 alignleft\" src=\"https:\/\/agora.xtec.cat\/iesgerbert\/wp-content\/uploads\/usu668\/2023\/12\/Weihnachtsmarkt-576x1024.jpg\" alt=\"\" width=\"480\" height=\"854\" srcset=\"https:\/\/agora.xtec.cat\/iesgerbert\/wp-content\/uploads\/usu668\/2023\/12\/Weihnachtsmarkt-576x1024.jpg 576w, https:\/\/agora.xtec.cat\/iesgerbert\/wp-content\/uploads\/usu668\/2023\/12\/Weihnachtsmarkt-169x300.jpg 169w, https:\/\/agora.xtec.cat\/iesgerbert\/wp-content\/uploads\/usu668\/2023\/12\/Weihnachtsmarkt-768x1365.jpg 768w, https:\/\/agora.xtec.cat\/iesgerbert\/wp-content\/uploads\/usu668\/2023\/12\/Weihnachtsmarkt-864x1536.jpg 864w, https:\/\/agora.xtec.cat\/iesgerbert\/wp-content\/uploads\/usu668\/2023\/12\/Weihnachtsmarkt.jpg 1152w\" sizes=\"auto, (max-width: 480px) 100vw, 480px\" \/><\/a> <a href=\"https:\/\/agora.xtec.cat\/iesgerbert\/wp-content\/uploads\/usu668\/2023\/12\/Neues-Museum.jpg\"><img loading=\"lazy\" decoding=\"async\" class=\" wp-image-11055 alignleft\" src=\"https:\/\/agora.xtec.cat\/iesgerbert\/wp-content\/uploads\/usu668\/2023\/12\/Neues-Museum.jpg\" alt=\"\" width=\"481\" height=\"642\" srcset=\"https:\/\/agora.xtec.cat\/iesgerbert\/wp-content\/uploads\/usu668\/2023\/12\/Neues-Museum.jpg 768w, https:\/\/agora.xtec.cat\/iesgerbert\/wp-content\/uploads\/usu668\/2023\/12\/Neues-Museum-225x300.jpg 225w\" sizes=\"auto, (max-width: 481px) 100vw, 481px\" \/><\/a> <a href=\"https:\/\/agora.xtec.cat\/iesgerbert\/wp-content\/uploads\/usu668\/2023\/12\/Museuminsel.jpg\"><img loading=\"lazy\" decoding=\"async\" class=\" wp-image-11054 alignleft\" src=\"https:\/\/agora.xtec.cat\/iesgerbert\/wp-content\/uploads\/usu668\/2023\/12\/Museuminsel-768x1024.jpg\" alt=\"\" width=\"481\" height=\"641\" srcset=\"https:\/\/agora.xtec.cat\/iesgerbert\/wp-content\/uploads\/usu668\/2023\/12\/Museuminsel-768x1024.jpg 768w, https:\/\/agora.xtec.cat\/iesgerbert\/wp-content\/uploads\/usu668\/2023\/12\/Museuminsel-225x300.jpg 225w, https:\/\/agora.xtec.cat\/iesgerbert\/wp-content\/uploads\/usu668\/2023\/12\/Museuminsel-1152x1536.jpg 1152w, https:\/\/agora.xtec.cat\/iesgerbert\/wp-content\/uploads\/usu668\/2023\/12\/Museuminsel.jpg 1200w\" sizes=\"auto, (max-width: 481px) 100vw, 481px\" \/><\/a> <a href=\"https:\/\/agora.xtec.cat\/iesgerbert\/wp-content\/uploads\/usu668\/2023\/12\/Marx-Engels.jpeg\"><img loading=\"lazy\" decoding=\"async\" class=\" wp-image-11053 alignleft\" src=\"https:\/\/agora.xtec.cat\/iesgerbert\/wp-content\/uploads\/usu668\/2023\/12\/Marx-Engels-1024x768.jpeg\" alt=\"\" width=\"481\" height=\"361\" srcset=\"https:\/\/agora.xtec.cat\/iesgerbert\/wp-content\/uploads\/usu668\/2023\/12\/Marx-Engels-1024x768.jpeg 1024w, https:\/\/agora.xtec.cat\/iesgerbert\/wp-content\/uploads\/usu668\/2023\/12\/Marx-Engels-300x225.jpeg 300w, https:\/\/agora.xtec.cat\/iesgerbert\/wp-content\/uploads\/usu668\/2023\/12\/Marx-Engels-768x576.jpeg 768w, https:\/\/agora.xtec.cat\/iesgerbert\/wp-content\/uploads\/usu668\/2023\/12\/Marx-Engels-1536x1152.jpeg 1536w, https:\/\/agora.xtec.cat\/iesgerbert\/wp-content\/uploads\/usu668\/2023\/12\/Marx-Engels-200x150.jpeg 200w, https:\/\/agora.xtec.cat\/iesgerbert\/wp-content\/uploads\/usu668\/2023\/12\/Marx-Engels.jpeg 1552w\" sizes=\"auto, (max-width: 481px) 100vw, 481px\" \/><\/a> <a href=\"https:\/\/agora.xtec.cat\/iesgerbert\/wp-content\/uploads\/usu668\/2023\/12\/Geda\u0308chtniskirche.jpg\"><img loading=\"lazy\" decoding=\"async\" class=\" wp-image-11052 alignleft\" src=\"https:\/\/agora.xtec.cat\/iesgerbert\/wp-content\/uploads\/usu668\/2023\/12\/Geda\u0308chtniskirche-768x1024.jpg\" alt=\"\" width=\"481\" height=\"642\" srcset=\"https:\/\/agora.xtec.cat\/iesgerbert\/wp-content\/uploads\/usu668\/2023\/12\/Geda\u0308chtniskirche-768x1024.jpg 768w, https:\/\/agora.xtec.cat\/iesgerbert\/wp-content\/uploads\/usu668\/2023\/12\/Geda\u0308chtniskirche-225x300.jpg 225w, https:\/\/agora.xtec.cat\/iesgerbert\/wp-content\/uploads\/usu668\/2023\/12\/Geda\u0308chtniskirche-1152x1536.jpg 1152w, https:\/\/agora.xtec.cat\/iesgerbert\/wp-content\/uploads\/usu668\/2023\/12\/Geda\u0308chtniskirche.jpg 1200w\" sizes=\"auto, (max-width: 481px) 100vw, 481px\" \/><\/a> <a href=\"https:\/\/agora.xtec.cat\/iesgerbert\/wp-content\/uploads\/usu668\/2023\/12\/Fernsehturm.jpg\"><img loading=\"lazy\" decoding=\"async\" class=\" wp-image-11051 alignleft\" src=\"https:\/\/agora.xtec.cat\/iesgerbert\/wp-content\/uploads\/usu668\/2023\/12\/Fernsehturm-1024x768.jpg\" alt=\"\" width=\"482\" height=\"361\" srcset=\"https:\/\/agora.xtec.cat\/iesgerbert\/wp-content\/uploads\/usu668\/2023\/12\/Fernsehturm-1024x768.jpg 1024w, https:\/\/agora.xtec.cat\/iesgerbert\/wp-content\/uploads\/usu668\/2023\/12\/Fernsehturm-300x225.jpg 300w, https:\/\/agora.xtec.cat\/iesgerbert\/wp-content\/uploads\/usu668\/2023\/12\/Fernsehturm-768x576.jpg 768w, https:\/\/agora.xtec.cat\/iesgerbert\/wp-content\/uploads\/usu668\/2023\/12\/Fernsehturm-1536x1152.jpg 1536w, https:\/\/agora.xtec.cat\/iesgerbert\/wp-content\/uploads\/usu668\/2023\/12\/Fernsehturm-200x150.jpg 200w, https:\/\/agora.xtec.cat\/iesgerbert\/wp-content\/uploads\/usu668\/2023\/12\/Fernsehturm.jpg 1600w\" sizes=\"auto, (max-width: 482px) 100vw, 482px\" \/><\/a> <a href=\"https:\/\/agora.xtec.cat\/iesgerbert\/wp-content\/uploads\/usu668\/2023\/12\/Brandenburger-Tor.jpeg\"><img loading=\"lazy\" decoding=\"async\" class=\" wp-image-11050 alignleft\" src=\"https:\/\/agora.xtec.cat\/iesgerbert\/wp-content\/uploads\/usu668\/2023\/12\/Brandenburger-Tor-1024x768.jpeg\" alt=\"\" width=\"483\" height=\"362\" srcset=\"https:\/\/agora.xtec.cat\/iesgerbert\/wp-content\/uploads\/usu668\/2023\/12\/Brandenburger-Tor-1024x768.jpeg 1024w, https:\/\/agora.xtec.cat\/iesgerbert\/wp-content\/uploads\/usu668\/2023\/12\/Brandenburger-Tor-300x225.jpeg 300w, https:\/\/agora.xtec.cat\/iesgerbert\/wp-content\/uploads\/usu668\/2023\/12\/Brandenburger-Tor-768x576.jpeg 768w, https:\/\/agora.xtec.cat\/iesgerbert\/wp-content\/uploads\/usu668\/2023\/12\/Brandenburger-Tor-200x150.jpeg 200w, https:\/\/agora.xtec.cat\/iesgerbert\/wp-content\/uploads\/usu668\/2023\/12\/Brandenburger-Tor.jpeg 1526w\" sizes=\"auto, (max-width: 483px) 100vw, 483px\" \/><\/a> <a href=\"https:\/\/agora.xtec.cat\/iesgerbert\/wp-content\/uploads\/usu668\/2023\/12\/Berliner-Dom.jpg\"><img loading=\"lazy\" decoding=\"async\" class=\" wp-image-11049 alignleft\" src=\"https:\/\/agora.xtec.cat\/iesgerbert\/wp-content\/uploads\/usu668\/2023\/12\/Berliner-Dom-768x1024.jpg\" alt=\"\" width=\"483\" height=\"644\" srcset=\"https:\/\/agora.xtec.cat\/iesgerbert\/wp-content\/uploads\/usu668\/2023\/12\/Berliner-Dom-768x1024.jpg 768w, https:\/\/agora.xtec.cat\/iesgerbert\/wp-content\/uploads\/usu668\/2023\/12\/Berliner-Dom-225x300.jpg 225w, https:\/\/agora.xtec.cat\/iesgerbert\/wp-content\/uploads\/usu668\/2023\/12\/Berliner-Dom-1152x1536.jpg 1152w, https:\/\/agora.xtec.cat\/iesgerbert\/wp-content\/uploads\/usu668\/2023\/12\/Berliner-Dom.jpg 1200w\" sizes=\"auto, (max-width: 483px) 100vw, 483px\" \/><\/a><\/p>\n","protected":false},"excerpt":{"rendered":"<p>Des de l\u2019assignatura optativa d\u2019alemany es valora molt positivament el fet que el nostre alumnat tingui l\u2019oportunitat d\u2019experimentar la vida en un pa\u00eds fins ara encara for\u00e7a desconegut per la majoria i on la seva llengua vehicular \u00e9s l\u2019alemany. \u00c9s per aquest motiu que s\u2019ha organitzat el viatge de 4 dies a la ciutat de [&hellip;]<\/p>\n","protected":false},"author":18,"featured_media":11050,"comment_status":"open","ping_status":"closed","sticky":false,"template":"","format":"standard","meta":{"_bbp_topic_count":0,"_bbp_reply_count":0,"_bbp_total_topic_count":0,"_bbp_total_reply_count":0,"_bbp_voice_count":0,"_bbp_anonymous_reply_count":0,"_bbp_topic_count_hidden":0,"_bbp_reply_count_hidden":0,"_bbp_forum_subforum_count":0,"site-sidebar-layout":"default","site-content-layout":"","ast-site-content-layout":"","site-content-style":"default","site-sidebar-style":"default","ast-global-header-display":"","ast-banner-title-visibility":"","ast-main-header-display":"","ast-hfb-above-header-display":"","ast-hfb-below-header-display":"","ast-hfb-mobile-header-display":"","site-post-title":"","ast-breadcrumbs-content":"","ast-featured-img":"","footer-sml-layout":"","theme-transparent-header-meta":"","adv-header-id-meta":"","stick-header-meta":"","header-above-stick-meta":"","header-main-stick-meta":"","header-below-stick-meta":"","astra-migrate-meta-layouts":"default","ast-page-background-enabled":"default","ast-page-background-meta":{"desktop":{"background-color":"var(--ast-global-color-4)","background-image":"","background-repeat":"repeat","background-position":"center center","background-size":"auto","background-attachment":"scroll","background-type":"","background-media":"","overlay-type":"","overlay-color":"","overlay-opacity":"","overlay-gradient":""},"tablet":{"background-color":"","background-image":"","background-repeat":"repeat","background-position":"center center","background-size":"auto","background-attachment":"scroll","background-type":"","background-media":"","overlay-type":"","overlay-color":"","overlay-opacity":"","overlay-gradient":""},"mobile":{"background-color":"","background-image":"","background-repeat":"repeat","background-position":"center center","background-size":"auto","background-attachment":"scroll","background-type":"","background-media":"","overlay-type":"","overlay-color":"","overlay-opacity":"","overlay-gradient":""}},"ast-content-background-meta":{"desktop":{"background-color":"var(--ast-global-color-5)","background-image":"","background-repeat":"repeat","background-position":"center center","background-size":"auto","background-attachment":"scroll","background-type":"","background-media":"","overlay-type":"","overlay-color":"","overlay-opacity":"","overlay-gradient":""},"tablet":{"background-color":"var(--ast-global-color-5)","background-image":"","background-repeat":"repeat","background-position":"center center","background-size":"auto","background-attachment":"scroll","background-type":"","background-media":"","overlay-type":"","overlay-color":"","overlay-opacity":"","overlay-gradient":""},"mobile":{"background-color":"var(--ast-global-color-5)","background-image":"","background-repeat":"repeat","background-position":"center center","background-size":"auto","background-attachment":"scroll","background-type":"","background-media":"","overlay-type":"","overlay-color":"","overlay-opacity":"","overlay-gradient":""}},"footnotes":""},"categories":[98,31,1,29],"tags":[],"class_list":["post-11046","post","type-post","status-publish","format-standard","has-post-thumbnail","hentry","category-2n-batxillerat-batxillerat","category-afa","category-general","category-portada"],"post_mailing_queue_ids":[],"_links":{"self":[{"href":"https:\/\/agora.xtec.cat\/iesgerbert\/wp-json\/wp\/v2\/posts\/11046","targetHints":{"allow":["GET"]}}],"collection":[{"href":"https:\/\/agora.xtec.cat\/iesgerbert\/wp-json\/wp\/v2\/posts"}],"about":[{"href":"https:\/\/agora.xtec.cat\/iesgerbert\/wp-json\/wp\/v2\/types\/post"}],"author":[{"embeddable":true,"href":"https:\/\/agora.xtec.cat\/iesgerbert\/wp-json\/wp\/v2\/users\/18"}],"replies":[{"embeddable":true,"href":"https:\/\/agora.xtec.cat\/iesgerbert\/wp-json\/wp\/v2\/comments?post=11046"}],"version-history":[{"count":5,"href":"https:\/\/agora.xtec.cat\/iesgerbert\/wp-json\/wp\/v2\/posts\/11046\/revisions"}],"predecessor-version":[{"id":11069,"href":"https:\/\/agora.xtec.cat\/iesgerbert\/wp-json\/wp\/v2\/posts\/11046\/revisions\/11069"}],"wp:featuredmedia":[{"embeddable":true,"href":"https:\/\/agora.xtec.cat\/iesgerbert\/wp-json\/wp\/v2\/media\/11050"}],"wp:attachment":[{"href":"https:\/\/agora.xtec.cat\/iesgerbert\/wp-json\/wp\/v2\/media?parent=11046"}],"wp:term":[{"taxonomy":"category","embeddable":true,"href":"https:\/\/agora.xtec.cat\/iesgerbert\/wp-json\/wp\/v2\/categories?post=11046"},{"taxonomy":"post_tag","embeddable":true,"href":"https:\/\/agora.xtec.cat\/iesgerbert\/wp-json\/wp\/v2\/tags?post=11046"}],"curies":[{"name":"wp","href":"https:\/\/api.w.org\/{rel}","templated":true}]}}