{"id":10435,"date":"2023-06-30T13:39:15","date_gmt":"2023-06-30T11:39:15","guid":{"rendered":"https:\/\/agora.xtec.cat\/iesgerbert\/?p=10435"},"modified":"2023-06-30T13:40:08","modified_gmt":"2023-06-30T11:40:08","slug":"tancament-duna-etapa-directiva","status":"publish","type":"post","link":"https:\/\/agora.xtec.cat\/iesgerbert\/general\/tancament-duna-etapa-directiva\/","title":{"rendered":"TANCAMENT D\u2019UNA ETAPA DIRECTIVA"},"content":{"rendered":"<p style=\"text-align: justify;\"><span style=\"font-weight: 400;\">Tota la comunitat de l\u2019Institut Gerbert d\u2019Aurillac vol agrair la feina duta a terme durant tots aquests darrers anys per l\u2019actual equip directiu d\u2019aquest centre, que avui s\u2019acomiada. Han estat uns anys de molts canvis, per\u00f2 aquest equip directiu s\u2019ha mostrat implicat i dedicat per superar els obstacles que han anat sorgint per tal de garantir el bon funcionament del centre.\u00a0<\/span><\/p>\n<p style=\"text-align: justify;\"><span style=\"font-weight: 400;\">Agra\u00efm la gran dedicaci\u00f3 i la professionalitat a l\u2019Imma Pons, coordinadora pedag\u00f2gica durant 7 cursos; aix\u00ed com a la S\u00edlvia Bosch, la cap d\u2019estudis durant els darrers 5 anys; la Rosa Matamala, secret\u00e0ria durant 21 anys i el Llu\u00eds Vir\u00f3s, director de l\u2019institut durant 7 anys, que a partir de dem\u00e0 comen\u00e7a una nova etapa amb la seva jubilaci\u00f3.\u00a0<\/span><\/p>\n<p style=\"text-align: justify;\"><span style=\"font-weight: 400;\">Donem pas a una nova directiva a la qual desitgem molta sort i encerts.<\/span><\/p>\n<p><a href=\"https:\/\/agora.xtec.cat\/iesgerbert\/wp-content\/uploads\/usu668\/2023\/06\/IMG_20221125_091940117_HDR.jpg\"><img loading=\"lazy\" decoding=\"async\" class=\"alignnone size-full wp-image-10434\" src=\"https:\/\/agora.xtec.cat\/iesgerbert\/wp-content\/uploads\/usu668\/2023\/06\/IMG_20221125_091940117_HDR.jpg\" alt=\"\" width=\"1000\" height=\"750\" srcset=\"https:\/\/agora.xtec.cat\/iesgerbert\/wp-content\/uploads\/usu668\/2023\/06\/IMG_20221125_091940117_HDR.jpg 1000w, https:\/\/agora.xtec.cat\/iesgerbert\/wp-content\/uploads\/usu668\/2023\/06\/IMG_20221125_091940117_HDR-300x225.jpg 300w, https:\/\/agora.xtec.cat\/iesgerbert\/wp-content\/uploads\/usu668\/2023\/06\/IMG_20221125_091940117_HDR-768x576.jpg 768w, https:\/\/agora.xtec.cat\/iesgerbert\/wp-content\/uploads\/usu668\/2023\/06\/IMG_20221125_091940117_HDR-200x150.jpg 200w\" sizes=\"auto, (max-width: 1000px) 100vw, 1000px\" \/><\/a><\/p>\n","protected":false},"excerpt":{"rendered":"<p>Tota la comunitat de l\u2019Institut Gerbert d\u2019Aurillac vol agrair la feina duta a terme durant tots aquests darrers anys per l\u2019actual equip directiu d\u2019aquest centre, que avui s\u2019acomiada. Han estat uns anys de molts canvis, per\u00f2 aquest equip directiu s\u2019ha mostrat implicat<\/p>\n","protected":false},"author":6,"featured_media":10434,"comment_status":"open","ping_status":"closed","sticky":false,"template":"","format":"standard","meta":{"_bbp_topic_count":0,"_bbp_reply_count":0,"_bbp_total_topic_count":0,"_bbp_total_reply_count":0,"_bbp_voice_count":0,"_bbp_anonymous_reply_count":0,"_bbp_topic_count_hidden":0,"_bbp_reply_count_hidden":0,"_bbp_forum_subforum_count":0,"site-sidebar-layout":"default","site-content-layout":"","ast-site-content-layout":"","site-content-style":"default","site-sidebar-style":"default","ast-global-header-display":"","ast-banner-title-visibility":"","ast-main-header-display":"","ast-hfb-above-header-display":"","ast-hfb-below-header-display":"","ast-hfb-mobile-header-display":"","site-post-title":"","ast-breadcrumbs-content":"","ast-featured-img":"","footer-sml-layout":"","theme-transparent-header-meta":"","adv-header-id-meta":"","stick-header-meta":"","header-above-stick-meta":"","header-main-stick-meta":"","header-below-stick-meta":"","astra-migrate-meta-layouts":"default","ast-page-background-enabled":"default","ast-page-background-meta":{"desktop":{"background-color":"var(--ast-global-color-4)","background-image":"","background-repeat":"repeat","background-position":"center center","background-size":"auto","background-attachment":"scroll","background-type":"","background-media":"","overlay-type":"","overlay-color":"","overlay-opacity":"","overlay-gradient":""},"tablet":{"background-color":"","background-image":"","background-repeat":"repeat","background-position":"center center","background-size":"auto","background-attachment":"scroll","background-type":"","background-media":"","overlay-type":"","overlay-color":"","overlay-opacity":"","overlay-gradient":""},"mobile":{"background-color":"","background-image":"","background-repeat":"repeat","background-position":"center center","background-size":"auto","background-attachment":"scroll","background-type":"","background-media":"","overlay-type":"","overlay-color":"","overlay-opacity":"","overlay-gradient":""}},"ast-content-background-meta":{"desktop":{"background-color":"var(--ast-global-color-5)","background-image":"","background-repeat":"repeat","background-position":"center center","background-size":"auto","background-attachment":"scroll","background-type":"","background-media":"","overlay-type":"","overlay-color":"","overlay-opacity":"","overlay-gradient":""},"tablet":{"background-color":"var(--ast-global-color-5)","background-image":"","background-repeat":"repeat","background-position":"center center","background-size":"auto","background-attachment":"scroll","background-type":"","background-media":"","overlay-type":"","overlay-color":"","overlay-opacity":"","overlay-gradient":""},"mobile":{"background-color":"var(--ast-global-color-5)","background-image":"","background-repeat":"repeat","background-position":"center center","background-size":"auto","background-attachment":"scroll","background-type":"","background-media":"","overlay-type":"","overlay-color":"","overlay-opacity":"","overlay-gradient":""}},"footnotes":""},"categories":[31,1,29],"tags":[],"class_list":["post-10435","post","type-post","status-publish","format-standard","has-post-thumbnail","hentry","category-afa","category-general","category-portada"],"post_mailing_queue_ids":[],"_links":{"self":[{"href":"https:\/\/agora.xtec.cat\/iesgerbert\/wp-json\/wp\/v2\/posts\/10435","targetHints":{"allow":["GET"]}}],"collection":[{"href":"https:\/\/agora.xtec.cat\/iesgerbert\/wp-json\/wp\/v2\/posts"}],"about":[{"href":"https:\/\/agora.xtec.cat\/iesgerbert\/wp-json\/wp\/v2\/types\/post"}],"author":[{"embeddable":true,"href":"https:\/\/agora.xtec.cat\/iesgerbert\/wp-json\/wp\/v2\/users\/6"}],"replies":[{"embeddable":true,"href":"https:\/\/agora.xtec.cat\/iesgerbert\/wp-json\/wp\/v2\/comments?post=10435"}],"version-history":[{"count":1,"href":"https:\/\/agora.xtec.cat\/iesgerbert\/wp-json\/wp\/v2\/posts\/10435\/revisions"}],"predecessor-version":[{"id":10436,"href":"https:\/\/agora.xtec.cat\/iesgerbert\/wp-json\/wp\/v2\/posts\/10435\/revisions\/10436"}],"wp:featuredmedia":[{"embeddable":true,"href":"https:\/\/agora.xtec.cat\/iesgerbert\/wp-json\/wp\/v2\/media\/10434"}],"wp:attachment":[{"href":"https:\/\/agora.xtec.cat\/iesgerbert\/wp-json\/wp\/v2\/media?parent=10435"}],"wp:term":[{"taxonomy":"category","embeddable":true,"href":"https:\/\/agora.xtec.cat\/iesgerbert\/wp-json\/wp\/v2\/categories?post=10435"},{"taxonomy":"post_tag","embeddable":true,"href":"https:\/\/agora.xtec.cat\/iesgerbert\/wp-json\/wp\/v2\/tags?post=10435"}],"curies":[{"name":"wp","href":"https:\/\/api.w.org\/{rel}","templated":true}]}}