{"id":10276,"date":"2023-06-21T09:57:37","date_gmt":"2023-06-21T07:57:37","guid":{"rendered":"https:\/\/agora.xtec.cat\/iesgerbert\/?p=10276"},"modified":"2023-06-21T09:59:28","modified_gmt":"2023-06-21T07:59:28","slug":"el-canvi-climatic-a-laula-dacollida","status":"publish","type":"post","link":"https:\/\/agora.xtec.cat\/iesgerbert\/general\/el-canvi-climatic-a-laula-dacollida\/","title":{"rendered":"EL CANVI CLIM\u00c0TIC A L&#8217;AULA D&#8217;ACOLLIDA"},"content":{"rendered":"<p style=\"text-align: justify;\">Amb els alumnes de l&#8217;aula d&#8217;acollida hem treballat el canvi clim\u00e0tic des de dos punts de vista diferents: efectes negatius sobre el medi ambient (desgla\u00e7, desertitzaci\u00f3, incendis, fen\u00f2mens meteorol\u00f2gics extrems&#8230;) i possibles accions que podem dur a terme per revertir aquests efectes (3R -reduir, reutilitzar i reciclar-, consum de productes de proximitat i l&#8217;estalvi d&#8217;energia).<\/p>\n<p style=\"text-align: justify;\">Vam aprofitar aquest projecte per parlar de la sequera que afecta Catalunya i de mesures d&#8217;estalvi d&#8217;aigua o de reciclatge que poguessin aplicar al seu entorn m\u00e9s proper.<\/p>\n<p style=\"text-align: justify;\">A partir de tota aquesta informaci\u00f3 vam dissenyar un mural entre totes les aportacions individuals.<\/p>\n<p>Una activitat m\u00e9s per intentar conscienciar sobre la import\u00e0ncia de cuidar el nostre planeta.<\/p>\n<p><strong>Equip Aula d&#8217;Acollida<\/strong><\/p>\n<p><a href=\"https:\/\/agora.xtec.cat\/iesgerbert\/wp-content\/uploads\/usu668\/2023\/06\/Canvi-Climatic.png\"><img loading=\"lazy\" decoding=\"async\" class=\"alignnone size-full wp-image-10278\" src=\"https:\/\/agora.xtec.cat\/iesgerbert\/wp-content\/uploads\/usu668\/2023\/06\/Canvi-Climatic.png\" alt=\"\" width=\"905\" height=\"654\" srcset=\"https:\/\/agora.xtec.cat\/iesgerbert\/wp-content\/uploads\/usu668\/2023\/06\/Canvi-Climatic.png 905w, https:\/\/agora.xtec.cat\/iesgerbert\/wp-content\/uploads\/usu668\/2023\/06\/Canvi-Climatic-300x217.png 300w, https:\/\/agora.xtec.cat\/iesgerbert\/wp-content\/uploads\/usu668\/2023\/06\/Canvi-Climatic-768x555.png 768w\" sizes=\"auto, (max-width: 905px) 100vw, 905px\" \/><\/a><\/p>\n<p>&nbsp;<\/p>\n","protected":false},"excerpt":{"rendered":"<p>Amb els alumnes de l&#8217;aula d&#8217;acollida hem treballat el canvi clim\u00e0tic des de dos punts de vista diferents: efectes negatius sobre el medi ambient (desgla\u00e7, desertitzaci\u00f3, incendis, fen\u00f2mens meteorol\u00f2gics extrems&#8230;) i possibles accions que podem dur a terme per revertir aquests efectes (3R -reduir, reutilitzar i reciclar-,<\/p>\n","protected":false},"author":6,"featured_media":10278,"comment_status":"open","ping_status":"closed","sticky":false,"template":"","format":"standard","meta":{"_bbp_topic_count":0,"_bbp_reply_count":0,"_bbp_total_topic_count":0,"_bbp_total_reply_count":0,"_bbp_voice_count":0,"_bbp_anonymous_reply_count":0,"_bbp_topic_count_hidden":0,"_bbp_reply_count_hidden":0,"_bbp_forum_subforum_count":0,"site-sidebar-layout":"default","site-content-layout":"","ast-site-content-layout":"","site-content-style":"default","site-sidebar-style":"default","ast-global-header-display":"","ast-banner-title-visibility":"","ast-main-header-display":"","ast-hfb-above-header-display":"","ast-hfb-below-header-display":"","ast-hfb-mobile-header-display":"","site-post-title":"","ast-breadcrumbs-content":"","ast-featured-img":"","footer-sml-layout":"","theme-transparent-header-meta":"","adv-header-id-meta":"","stick-header-meta":"","header-above-stick-meta":"","header-main-stick-meta":"","header-below-stick-meta":"","astra-migrate-meta-layouts":"default","ast-page-background-enabled":"default","ast-page-background-meta":{"desktop":{"background-color":"var(--ast-global-color-4)","background-image":"","background-repeat":"repeat","background-position":"center center","background-size":"auto","background-attachment":"scroll","background-type":"","background-media":"","overlay-type":"","overlay-color":"","overlay-opacity":"","overlay-gradient":""},"tablet":{"background-color":"","background-image":"","background-repeat":"repeat","background-position":"center center","background-size":"auto","background-attachment":"scroll","background-type":"","background-media":"","overlay-type":"","overlay-color":"","overlay-opacity":"","overlay-gradient":""},"mobile":{"background-color":"","background-image":"","background-repeat":"repeat","background-position":"center center","background-size":"auto","background-attachment":"scroll","background-type":"","background-media":"","overlay-type":"","overlay-color":"","overlay-opacity":"","overlay-gradient":""}},"ast-content-background-meta":{"desktop":{"background-color":"var(--ast-global-color-5)","background-image":"","background-repeat":"repeat","background-position":"center center","background-size":"auto","background-attachment":"scroll","background-type":"","background-media":"","overlay-type":"","overlay-color":"","overlay-opacity":"","overlay-gradient":""},"tablet":{"background-color":"var(--ast-global-color-5)","background-image":"","background-repeat":"repeat","background-position":"center center","background-size":"auto","background-attachment":"scroll","background-type":"","background-media":"","overlay-type":"","overlay-color":"","overlay-opacity":"","overlay-gradient":""},"mobile":{"background-color":"var(--ast-global-color-5)","background-image":"","background-repeat":"repeat","background-position":"center center","background-size":"auto","background-attachment":"scroll","background-type":"","background-media":"","overlay-type":"","overlay-color":"","overlay-opacity":"","overlay-gradient":""}},"footnotes":""},"categories":[31,3,1,29],"tags":[],"class_list":["post-10276","post","type-post","status-publish","format-standard","has-post-thumbnail","hentry","category-afa","category-eso","category-general","category-portada"],"post_mailing_queue_ids":[],"_links":{"self":[{"href":"https:\/\/agora.xtec.cat\/iesgerbert\/wp-json\/wp\/v2\/posts\/10276","targetHints":{"allow":["GET"]}}],"collection":[{"href":"https:\/\/agora.xtec.cat\/iesgerbert\/wp-json\/wp\/v2\/posts"}],"about":[{"href":"https:\/\/agora.xtec.cat\/iesgerbert\/wp-json\/wp\/v2\/types\/post"}],"author":[{"embeddable":true,"href":"https:\/\/agora.xtec.cat\/iesgerbert\/wp-json\/wp\/v2\/users\/6"}],"replies":[{"embeddable":true,"href":"https:\/\/agora.xtec.cat\/iesgerbert\/wp-json\/wp\/v2\/comments?post=10276"}],"version-history":[{"count":4,"href":"https:\/\/agora.xtec.cat\/iesgerbert\/wp-json\/wp\/v2\/posts\/10276\/revisions"}],"predecessor-version":[{"id":10281,"href":"https:\/\/agora.xtec.cat\/iesgerbert\/wp-json\/wp\/v2\/posts\/10276\/revisions\/10281"}],"wp:featuredmedia":[{"embeddable":true,"href":"https:\/\/agora.xtec.cat\/iesgerbert\/wp-json\/wp\/v2\/media\/10278"}],"wp:attachment":[{"href":"https:\/\/agora.xtec.cat\/iesgerbert\/wp-json\/wp\/v2\/media?parent=10276"}],"wp:term":[{"taxonomy":"category","embeddable":true,"href":"https:\/\/agora.xtec.cat\/iesgerbert\/wp-json\/wp\/v2\/categories?post=10276"},{"taxonomy":"post_tag","embeddable":true,"href":"https:\/\/agora.xtec.cat\/iesgerbert\/wp-json\/wp\/v2\/tags?post=10276"}],"curies":[{"name":"wp","href":"https:\/\/api.w.org\/{rel}","templated":true}]}}