{"id":10061,"date":"2023-05-23T10:06:03","date_gmt":"2023-05-23T08:06:03","guid":{"rendered":"https:\/\/agora.xtec.cat\/iesgerbert\/?p=10061"},"modified":"2023-05-23T10:06:03","modified_gmt":"2023-05-23T08:06:03","slug":"la-llegenda-de-la-llum-a-laula-dacollida","status":"publish","type":"post","link":"https:\/\/agora.xtec.cat\/iesgerbert\/general\/la-llegenda-de-la-llum-a-laula-dacollida\/","title":{"rendered":"LA LLEGENDA DE LA LLUM A L&#8217;AULA D&#8217;ACOLLIDA"},"content":{"rendered":"<p style=\"text-align: justify;\">Amb motiu del la Festa de la Llum de Manresa del 21 de febrer, a l&#8217;Aula d&#8217;Acollida vam explicar la hist\u00f2ria i llegenda que hi ha entorn d&#8217;aquesta diada. Primer de tot, vam llegir un text sobre el miracle de la Llum i vam fer algunes activitats de comprensi\u00f3. A partir d&#8217;aqu\u00ed, cada alumne va triar una part de la hist\u00f2ria i en va fer un dibuix. Entre tots vam posar veu i imatge al miracle de la Llum! Cliqueu sobre la imatge per visionar el v\u00eddeo.<\/p>\n<p><strong>Cristina Mas, professora de Catal\u00e0 i responsable de l&#8217;Aula d&#8217;Acollida<\/strong><\/p>\n<p><a href=\"https:\/\/youtu.be\/FUhVxxBDnv0\"><img loading=\"lazy\" decoding=\"async\" class=\"alignnone wp-image-10063\" src=\"https:\/\/agora.xtec.cat\/iesgerbert\/wp-content\/uploads\/usu668\/2023\/05\/1-1-1024x485.jpg\" alt=\"\" width=\"835\" height=\"396\" srcset=\"https:\/\/agora.xtec.cat\/iesgerbert\/wp-content\/uploads\/usu668\/2023\/05\/1-1-1024x485.jpg 1024w, https:\/\/agora.xtec.cat\/iesgerbert\/wp-content\/uploads\/usu668\/2023\/05\/1-1-300x142.jpg 300w, https:\/\/agora.xtec.cat\/iesgerbert\/wp-content\/uploads\/usu668\/2023\/05\/1-1-768x364.jpg 768w, https:\/\/agora.xtec.cat\/iesgerbert\/wp-content\/uploads\/usu668\/2023\/05\/1-1.jpg 1169w\" sizes=\"auto, (max-width: 835px) 100vw, 835px\" \/><\/a><\/p>\n<p>&nbsp;<\/p>\n","protected":false},"excerpt":{"rendered":"<p>Amb motiu del la Festa de la Llum de Manresa del 21 de febrer, a l&#8217;aula d&#8217;acollida vam explicar la hist\u00f2ria i llegenda que hi ha entorn d&#8217;aquesta diada. Primer de tot, vam llegir un text sobre el miracle de la Llum i vam fer algunes activitats de comprensi\u00f3. A partir d&#8217;aqu\u00ed, cada alumne va triar una part de la hist\u00f2ria i en va fer un dibuix.<\/p>\n","protected":false},"author":6,"featured_media":10063,"comment_status":"open","ping_status":"closed","sticky":false,"template":"","format":"standard","meta":{"_bbp_topic_count":0,"_bbp_reply_count":0,"_bbp_total_topic_count":0,"_bbp_total_reply_count":0,"_bbp_voice_count":0,"_bbp_anonymous_reply_count":0,"_bbp_topic_count_hidden":0,"_bbp_reply_count_hidden":0,"_bbp_forum_subforum_count":0,"site-sidebar-layout":"default","site-content-layout":"","ast-site-content-layout":"","site-content-style":"default","site-sidebar-style":"default","ast-global-header-display":"","ast-banner-title-visibility":"","ast-main-header-display":"","ast-hfb-above-header-display":"","ast-hfb-below-header-display":"","ast-hfb-mobile-header-display":"","site-post-title":"","ast-breadcrumbs-content":"","ast-featured-img":"","footer-sml-layout":"","theme-transparent-header-meta":"","adv-header-id-meta":"","stick-header-meta":"","header-above-stick-meta":"","header-main-stick-meta":"","header-below-stick-meta":"","astra-migrate-meta-layouts":"default","ast-page-background-enabled":"default","ast-page-background-meta":{"desktop":{"background-color":"var(--ast-global-color-4)","background-image":"","background-repeat":"repeat","background-position":"center center","background-size":"auto","background-attachment":"scroll","background-type":"","background-media":"","overlay-type":"","overlay-color":"","overlay-opacity":"","overlay-gradient":""},"tablet":{"background-color":"","background-image":"","background-repeat":"repeat","background-position":"center center","background-size":"auto","background-attachment":"scroll","background-type":"","background-media":"","overlay-type":"","overlay-color":"","overlay-opacity":"","overlay-gradient":""},"mobile":{"background-color":"","background-image":"","background-repeat":"repeat","background-position":"center center","background-size":"auto","background-attachment":"scroll","background-type":"","background-media":"","overlay-type":"","overlay-color":"","overlay-opacity":"","overlay-gradient":""}},"ast-content-background-meta":{"desktop":{"background-color":"var(--ast-global-color-5)","background-image":"","background-repeat":"repeat","background-position":"center center","background-size":"auto","background-attachment":"scroll","background-type":"","background-media":"","overlay-type":"","overlay-color":"","overlay-opacity":"","overlay-gradient":""},"tablet":{"background-color":"var(--ast-global-color-5)","background-image":"","background-repeat":"repeat","background-position":"center center","background-size":"auto","background-attachment":"scroll","background-type":"","background-media":"","overlay-type":"","overlay-color":"","overlay-opacity":"","overlay-gradient":""},"mobile":{"background-color":"var(--ast-global-color-5)","background-image":"","background-repeat":"repeat","background-position":"center center","background-size":"auto","background-attachment":"scroll","background-type":"","background-media":"","overlay-type":"","overlay-color":"","overlay-opacity":"","overlay-gradient":""}},"footnotes":""},"categories":[31,3,1,29],"tags":[],"class_list":["post-10061","post","type-post","status-publish","format-standard","has-post-thumbnail","hentry","category-afa","category-eso","category-general","category-portada"],"post_mailing_queue_ids":[],"_links":{"self":[{"href":"https:\/\/agora.xtec.cat\/iesgerbert\/wp-json\/wp\/v2\/posts\/10061","targetHints":{"allow":["GET"]}}],"collection":[{"href":"https:\/\/agora.xtec.cat\/iesgerbert\/wp-json\/wp\/v2\/posts"}],"about":[{"href":"https:\/\/agora.xtec.cat\/iesgerbert\/wp-json\/wp\/v2\/types\/post"}],"author":[{"embeddable":true,"href":"https:\/\/agora.xtec.cat\/iesgerbert\/wp-json\/wp\/v2\/users\/6"}],"replies":[{"embeddable":true,"href":"https:\/\/agora.xtec.cat\/iesgerbert\/wp-json\/wp\/v2\/comments?post=10061"}],"version-history":[{"count":3,"href":"https:\/\/agora.xtec.cat\/iesgerbert\/wp-json\/wp\/v2\/posts\/10061\/revisions"}],"predecessor-version":[{"id":10066,"href":"https:\/\/agora.xtec.cat\/iesgerbert\/wp-json\/wp\/v2\/posts\/10061\/revisions\/10066"}],"wp:featuredmedia":[{"embeddable":true,"href":"https:\/\/agora.xtec.cat\/iesgerbert\/wp-json\/wp\/v2\/media\/10063"}],"wp:attachment":[{"href":"https:\/\/agora.xtec.cat\/iesgerbert\/wp-json\/wp\/v2\/media?parent=10061"}],"wp:term":[{"taxonomy":"category","embeddable":true,"href":"https:\/\/agora.xtec.cat\/iesgerbert\/wp-json\/wp\/v2\/categories?post=10061"},{"taxonomy":"post_tag","embeddable":true,"href":"https:\/\/agora.xtec.cat\/iesgerbert\/wp-json\/wp\/v2\/tags?post=10061"}],"curies":[{"name":"wp","href":"https:\/\/api.w.org\/{rel}","templated":true}]}}