{"id":132,"count":11,"description":"Erasmus+ \u00e9s el programa europeu en els \u00e0mbits de l\u2019educaci\u00f3, la formaci\u00f3, la joventut i l\u2019esport per al per\u00edode 2014-2020.\r\n\r\nErasmus+ \u00e9s el programa \u00fanic que tracta d\u2019impulsar les perspectives laborals i el desenvolupament personal, a m\u00e9s d\u2019ajudar als nostres sistemes d\u2019educaci\u00f3, formaci\u00f3 i joventut a proporcionar un ensenyament i un aprenentatge que dotin les persones de les capacitats necess\u00e0ries per al mercat laboral i la societat actual i futura.\r\n\r\nL\u2019institut Gerbert d\u2019Aurillac participa en aquest programa en dues accions claus,\u00a0<a href=\"https:\/\/agora.xtec.cat\/iesgerbert\/com-treballem\/erasmus-4\/erasmus-3\/\">kA2<\/a>\u00a0i\u00a0<a href=\"https:\/\/agora.xtec.cat\/iesgerbert\/com-treballem\/erasmus-4\/erasmus-ka229-manifold-europe\/\">KA229.<\/a>\r\n\r\n<iframe title=\"Erasmus+ Manifold Europe: Students Meeting in Spain\" src=\"\/\/www.youtube.com\/embed\/9Abr6UQNbM8\" width=\"640\" height=\"360\" frameborder=\"0\" allowfullscreen=\"allowfullscreen\"><\/iframe>","link":"https:\/\/agora.xtec.cat\/iesgerbert\/categoria\/erasmus\/","name":"Erasmus+","slug":"erasmus","taxonomy":"category","parent":0,"meta":[],"_links":{"self":[{"href":"https:\/\/agora.xtec.cat\/iesgerbert\/wp-json\/wp\/v2\/categories\/132","targetHints":{"allow":["GET"]}}],"collection":[{"href":"https:\/\/agora.xtec.cat\/iesgerbert\/wp-json\/wp\/v2\/categories"}],"about":[{"href":"https:\/\/agora.xtec.cat\/iesgerbert\/wp-json\/wp\/v2\/taxonomies\/category"}],"wp:post_type":[{"href":"https:\/\/agora.xtec.cat\/iesgerbert\/wp-json\/wp\/v2\/posts?categories=132"}],"curies":[{"name":"wp","href":"https:\/\/api.w.org\/{rel}","templated":true}]}}