{"id":13263,"date":"2026-04-24T13:42:37","date_gmt":"2026-04-24T11:42:37","guid":{"rendered":"https:\/\/agora.xtec.cat\/iesgaudi\/?p=13263"},"modified":"2026-04-24T14:01:34","modified_gmt":"2026-04-24T12:01:34","slug":"nou-cicle-formatiu-linstitut-gaudi-pioner-a-catalunya-en-oferir-el-cicle-formatiu-de-grau-mitja-en-serveis-funeraris","status":"publish","type":"post","link":"https:\/\/agora.xtec.cat\/iesgaudi\/portada\/nou-cicle-formatiu-linstitut-gaudi-pioner-a-catalunya-en-oferir-el-cicle-formatiu-de-grau-mitja-en-serveis-funeraris\/","title":{"rendered":"NOU CICLE FORMATIU! L\u2019Institut Gaud\u00ed, pioner a Catalunya en oferir el cicle formatiu de grau mitj\u00e0 en Serveis Funeraris"},"content":{"rendered":"\n<figure class=\"wp-block-image size-large\"><a href=\"https:\/\/agora.xtec.cat\/iesgaudi\/wp-content\/uploads\/usu31\/2026\/04\/Presentacio-nou-cicle-FP-Serveis-Funeraris-1-20260416133415.jpeg\"><img loading=\"lazy\" decoding=\"async\" width=\"1024\" height=\"768\" src=\"https:\/\/agora.xtec.cat\/iesgaudi\/wp-content\/uploads\/usu31\/2026\/04\/Presentacio-nou-cicle-FP-Serveis-Funeraris-1-20260416133415-1024x768.jpeg\" alt=\"\" class=\"wp-image-13264\" srcset=\"https:\/\/agora.xtec.cat\/iesgaudi\/wp-content\/uploads\/usu31\/2026\/04\/Presentacio-nou-cicle-FP-Serveis-Funeraris-1-20260416133415-1024x768.jpeg 1024w, https:\/\/agora.xtec.cat\/iesgaudi\/wp-content\/uploads\/usu31\/2026\/04\/Presentacio-nou-cicle-FP-Serveis-Funeraris-1-20260416133415-300x225.jpeg 300w, https:\/\/agora.xtec.cat\/iesgaudi\/wp-content\/uploads\/usu31\/2026\/04\/Presentacio-nou-cicle-FP-Serveis-Funeraris-1-20260416133415-768x576.jpeg 768w, https:\/\/agora.xtec.cat\/iesgaudi\/wp-content\/uploads\/usu31\/2026\/04\/Presentacio-nou-cicle-FP-Serveis-Funeraris-1-20260416133415-1536x1152.jpeg 1536w, https:\/\/agora.xtec.cat\/iesgaudi\/wp-content\/uploads\/usu31\/2026\/04\/Presentacio-nou-cicle-FP-Serveis-Funeraris-1-20260416133415.jpeg 1600w\" sizes=\"auto, (max-width: 1024px) 100vw, 1024px\" \/><\/a><\/figure>\n\n\n\n<p>L\u2019Institut Gaud\u00ed de Reus ser\u00e0 un dels dos instituts catalans que impartir\u00e0 a partir del curs vinent el nou cicle formatiu de grau mitj\u00e0 en Serveis Funeraris, aprovat recentment. Es tracta d\u2019una formaci\u00f3 professionalitzadora que instrueix l\u2019alumnat en diversos aspectes relatius als serveis funeraris, com la contractaci\u00f3, desenvolupament i organitzaci\u00f3 d\u2019actes de protocol; el transport, manipulaci\u00f3 i condicionament dels cad\u00e0vers, restes o cendres; i el manteniment i maneig b\u00e0sic de forns crematoris d\u2019acord amb la normativa.<\/p>\n\n\n\n<figure class=\"wp-block-image size-large\"><a href=\"https:\/\/agora.xtec.cat\/iesgaudi\/wp-content\/uploads\/usu31\/2026\/04\/Presentacio-nou-cicle-FP-Serveis-Funeraris-20260416133353.jpeg\"><img loading=\"lazy\" decoding=\"async\" width=\"1024\" height=\"768\" src=\"https:\/\/agora.xtec.cat\/iesgaudi\/wp-content\/uploads\/usu31\/2026\/04\/Presentacio-nou-cicle-FP-Serveis-Funeraris-20260416133353-1024x768.jpeg\" alt=\"\" class=\"wp-image-13265\" srcset=\"https:\/\/agora.xtec.cat\/iesgaudi\/wp-content\/uploads\/usu31\/2026\/04\/Presentacio-nou-cicle-FP-Serveis-Funeraris-20260416133353-1024x768.jpeg 1024w, https:\/\/agora.xtec.cat\/iesgaudi\/wp-content\/uploads\/usu31\/2026\/04\/Presentacio-nou-cicle-FP-Serveis-Funeraris-20260416133353-300x225.jpeg 300w, https:\/\/agora.xtec.cat\/iesgaudi\/wp-content\/uploads\/usu31\/2026\/04\/Presentacio-nou-cicle-FP-Serveis-Funeraris-20260416133353-768x576.jpeg 768w, https:\/\/agora.xtec.cat\/iesgaudi\/wp-content\/uploads\/usu31\/2026\/04\/Presentacio-nou-cicle-FP-Serveis-Funeraris-20260416133353-1536x1152.jpeg 1536w, https:\/\/agora.xtec.cat\/iesgaudi\/wp-content\/uploads\/usu31\/2026\/04\/Presentacio-nou-cicle-FP-Serveis-Funeraris-20260416133353.jpeg 1600w\" sizes=\"auto, (max-width: 1024px) 100vw, 1024px\" \/><\/a><\/figure>\n\n\n\n<p><a href=\"https:\/\/www.reus.cat\/noticia\/linstitut-gaudi-pioner-catalunya-en-oferir-el-cicle-formatiu-de-grau-mitja-en-serveis\">https:\/\/www.reus.cat\/noticia\/linstitut-gaudi-pioner-catalunya-en-oferir-el-cicle-formatiu-de-grau-mitja-en-serveis<\/a><\/p>\n","protected":false},"excerpt":{"rendered":"<p>L\u2019Institut Gaud\u00ed de Reus ser\u00e0 un dels dos instituts catalans que impartir\u00e0 a partir del curs vinent el nou cicle formatiu de grau mitj\u00e0 en Serveis Funeraris, aprovat recentment. Es tracta d\u2019una formaci\u00f3 professionalitzadora que instrueix l\u2019alumnat en diversos aspectes relatius als serveis funeraris, com la contractaci\u00f3, desenvolupament i organitzaci\u00f3 d\u2019actes de protocol; el transport, [&hellip;]<\/p>\n","protected":false},"author":1,"featured_media":13264,"comment_status":"open","ping_status":"open","sticky":false,"template":"","format":"standard","meta":{"_bbp_topic_count":0,"_bbp_reply_count":0,"_bbp_total_topic_count":0,"_bbp_total_reply_count":0,"_bbp_voice_count":0,"_bbp_anonymous_reply_count":0,"_bbp_topic_count_hidden":0,"_bbp_reply_count_hidden":0,"_bbp_forum_subforum_count":0,"site-sidebar-layout":"default","site-content-layout":"","ast-site-content-layout":"default","site-content-style":"default","site-sidebar-style":"default","ast-global-header-display":"","ast-banner-title-visibility":"","ast-main-header-display":"","ast-hfb-above-header-display":"","ast-hfb-below-header-display":"","ast-hfb-mobile-header-display":"","site-post-title":"","ast-breadcrumbs-content":"","ast-featured-img":"","footer-sml-layout":"","theme-transparent-header-meta":"","adv-header-id-meta":"","stick-header-meta":"","header-above-stick-meta":"","header-main-stick-meta":"","header-below-stick-meta":"","astra-migrate-meta-layouts":"set","ast-page-background-enabled":"default","ast-page-background-meta":{"desktop":{"background-color":"var(--ast-global-color-4)","background-image":"","background-repeat":"repeat","background-position":"center center","background-size":"auto","background-attachment":"scroll","background-type":"","background-media":"","overlay-type":"","overlay-color":"","overlay-opacity":"","overlay-gradient":""},"tablet":{"background-color":"","background-image":"","background-repeat":"repeat","background-position":"center center","background-size":"auto","background-attachment":"scroll","background-type":"","background-media":"","overlay-type":"","overlay-color":"","overlay-opacity":"","overlay-gradient":""},"mobile":{"background-color":"","background-image":"","background-repeat":"repeat","background-position":"center center","background-size":"auto","background-attachment":"scroll","background-type":"","background-media":"","overlay-type":"","overlay-color":"","overlay-opacity":"","overlay-gradient":""}},"ast-content-background-meta":{"desktop":{"background-color":"var(--ast-global-color-5)","background-image":"","background-repeat":"repeat","background-position":"center center","background-size":"auto","background-attachment":"scroll","background-type":"","background-media":"","overlay-type":"","overlay-color":"","overlay-opacity":"","overlay-gradient":""},"tablet":{"background-color":"var(--ast-global-color-5)","background-image":"","background-repeat":"repeat","background-position":"center center","background-size":"auto","background-attachment":"scroll","background-type":"","background-media":"","overlay-type":"","overlay-color":"","overlay-opacity":"","overlay-gradient":""},"mobile":{"background-color":"var(--ast-global-color-5)","background-image":"","background-repeat":"repeat","background-position":"center center","background-size":"auto","background-attachment":"scroll","background-type":"","background-media":"","overlay-type":"","overlay-color":"","overlay-opacity":"","overlay-gradient":""}},"footnotes":""},"categories":[30,29],"tags":[58],"class_list":["post-13263","post","type-post","status-publish","format-standard","has-post-thumbnail","hentry","category-fp","category-portada","tag-cicles"],"post_mailing_queue_ids":[],"_links":{"self":[{"href":"https:\/\/agora.xtec.cat\/iesgaudi\/wp-json\/wp\/v2\/posts\/13263","targetHints":{"allow":["GET"]}}],"collection":[{"href":"https:\/\/agora.xtec.cat\/iesgaudi\/wp-json\/wp\/v2\/posts"}],"about":[{"href":"https:\/\/agora.xtec.cat\/iesgaudi\/wp-json\/wp\/v2\/types\/post"}],"author":[{"embeddable":true,"href":"https:\/\/agora.xtec.cat\/iesgaudi\/wp-json\/wp\/v2\/users\/1"}],"replies":[{"embeddable":true,"href":"https:\/\/agora.xtec.cat\/iesgaudi\/wp-json\/wp\/v2\/comments?post=13263"}],"version-history":[{"count":3,"href":"https:\/\/agora.xtec.cat\/iesgaudi\/wp-json\/wp\/v2\/posts\/13263\/revisions"}],"predecessor-version":[{"id":13268,"href":"https:\/\/agora.xtec.cat\/iesgaudi\/wp-json\/wp\/v2\/posts\/13263\/revisions\/13268"}],"wp:featuredmedia":[{"embeddable":true,"href":"https:\/\/agora.xtec.cat\/iesgaudi\/wp-json\/wp\/v2\/media\/13264"}],"wp:attachment":[{"href":"https:\/\/agora.xtec.cat\/iesgaudi\/wp-json\/wp\/v2\/media?parent=13263"}],"wp:term":[{"taxonomy":"category","embeddable":true,"href":"https:\/\/agora.xtec.cat\/iesgaudi\/wp-json\/wp\/v2\/categories?post=13263"},{"taxonomy":"post_tag","embeddable":true,"href":"https:\/\/agora.xtec.cat\/iesgaudi\/wp-json\/wp\/v2\/tags?post=13263"}],"curies":[{"name":"wp","href":"https:\/\/api.w.org\/{rel}","templated":true}]}}