{"id":7341,"date":"2026-03-05T12:41:17","date_gmt":"2026-03-05T11:41:17","guid":{"rendered":"https:\/\/agora.xtec.cat\/iesgallecs\/?p=7341"},"modified":"2026-03-05T12:41:37","modified_gmt":"2026-03-05T11:41:37","slug":"8m-a-linstitut-gallecs","status":"publish","type":"post","link":"https:\/\/agora.xtec.cat\/iesgallecs\/general\/8m-a-linstitut-gallecs\/","title":{"rendered":"8M a l&#8217;Institut Gallecs"},"content":{"rendered":"<p><span style=\"text-decoration: underline;\"><strong>8M curs 25-26<\/strong><\/span><\/p>\n<p>A l&#8217;Institut Gallecs volem reivindicar i posar en valor la feina quotidiana de teixir.<\/p>\n<p>Volem teixir valors, sentiments, pensaments, idees, necessitats, realitats&#8230; d\u2019IGUALTAT.\u00a0Volem aconseguir recuperar una activitat gaireb\u00e9 present a totes les cases. Volem reivindicar la hist\u00f2ria que han filat les dones per donar-los el protagonisme que\u00a0es mereixen.<br \/>\nTeixir \u00e9s art i molt m\u00e9s, \u00e9s una manera de lligar-nos com a comunitat.\u00a0Al GALLECS TEIXIM IGUALTAT, TEIXIM COMUNITAT!!<\/p>\n<p>Gr\u00e0cies a 2n. Integraci\u00f3 Social Mat\u00ed per la seva iniciativa i creativitat per fer-ne difusi\u00f3.<\/p>\n<div class=\"ast-oembed-container \" style=\"height: 100%;\"><iframe loading=\"lazy\" title=\"8M curs 25-26\" width=\"500\" height=\"281\" src=\"https:\/\/www.youtube.com\/embed\/_ACtBnEweFA?feature=oembed\" frameborder=\"0\" allow=\"accelerometer; autoplay; clipboard-write; encrypted-media; gyroscope; picture-in-picture; web-share\" referrerpolicy=\"strict-origin-when-cross-origin\" allowfullscreen><\/iframe><\/div>\n<p>&nbsp;<\/p>\n","protected":false},"excerpt":{"rendered":"<p>8M curs 25-26 A l&#8217;Institut Gallecs volem reivindicar i posar en valor la feina quotidiana de teixir. Volem teixir valors, sentiments, pensaments, idees, necessitats, realitats&#8230; d\u2019IGUALTAT.\u00a0Volem aconseguir recuperar una activitat gaireb\u00e9 present a totes les cases. Volem reivindicar la hist\u00f2ria que han filat les dones per donar-los el protagonisme que\u00a0es mereixen. Teixir \u00e9s art i [&hellip;]<\/p>\n","protected":false},"author":36,"featured_media":7342,"comment_status":"closed","ping_status":"open","sticky":false,"template":"","format":"standard","meta":{"site-sidebar-layout":"default","site-content-layout":"","ast-site-content-layout":"default","site-content-style":"default","site-sidebar-style":"default","ast-global-header-display":"","ast-banner-title-visibility":"","ast-main-header-display":"","ast-hfb-above-header-display":"","ast-hfb-below-header-display":"","ast-hfb-mobile-header-display":"","site-post-title":"","ast-breadcrumbs-content":"","ast-featured-img":"","footer-sml-layout":"","theme-transparent-header-meta":"default","adv-header-id-meta":"","stick-header-meta":"","header-above-stick-meta":"","header-main-stick-meta":"","header-below-stick-meta":"","astra-migrate-meta-layouts":"set","ast-page-background-enabled":"default","ast-page-background-meta":{"desktop":{"background-color":"var(--ast-global-color-5)","background-image":"","background-repeat":"repeat","background-position":"center center","background-size":"auto","background-attachment":"scroll","background-type":"","background-media":"","overlay-type":"","overlay-color":"","overlay-opacity":"","overlay-gradient":""},"tablet":{"background-color":"","background-image":"","background-repeat":"repeat","background-position":"center center","background-size":"auto","background-attachment":"scroll","background-type":"","background-media":"","overlay-type":"","overlay-color":"","overlay-opacity":"","overlay-gradient":""},"mobile":{"background-color":"","background-image":"","background-repeat":"repeat","background-position":"center center","background-size":"auto","background-attachment":"scroll","background-type":"","background-media":"","overlay-type":"","overlay-color":"","overlay-opacity":"","overlay-gradient":""}},"ast-content-background-meta":{"desktop":{"background-color":"var(--ast-global-color-4)","background-image":"","background-repeat":"repeat","background-position":"center center","background-size":"auto","background-attachment":"scroll","background-type":"","background-media":"","overlay-type":"","overlay-color":"","overlay-opacity":"","overlay-gradient":""},"tablet":{"background-color":"var(--ast-global-color-4)","background-image":"","background-repeat":"repeat","background-position":"center center","background-size":"auto","background-attachment":"scroll","background-type":"","background-media":"","overlay-type":"","overlay-color":"","overlay-opacity":"","overlay-gradient":""},"mobile":{"background-color":"var(--ast-global-color-4)","background-image":"","background-repeat":"repeat","background-position":"center center","background-size":"auto","background-attachment":"scroll","background-type":"","background-media":"","overlay-type":"","overlay-color":"","overlay-opacity":"","overlay-gradient":""}},"footnotes":""},"categories":[1,29],"tags":[176,193],"class_list":["post-7341","post","type-post","status-publish","format-standard","has-post-thumbnail","hentry","category-general","category-portada","tag-8m","tag-cicles-formatius"],"post_mailing_queue_ids":[],"_links":{"self":[{"href":"https:\/\/agora.xtec.cat\/iesgallecs\/wp-json\/wp\/v2\/posts\/7341","targetHints":{"allow":["GET"]}}],"collection":[{"href":"https:\/\/agora.xtec.cat\/iesgallecs\/wp-json\/wp\/v2\/posts"}],"about":[{"href":"https:\/\/agora.xtec.cat\/iesgallecs\/wp-json\/wp\/v2\/types\/post"}],"author":[{"embeddable":true,"href":"https:\/\/agora.xtec.cat\/iesgallecs\/wp-json\/wp\/v2\/users\/36"}],"replies":[{"embeddable":true,"href":"https:\/\/agora.xtec.cat\/iesgallecs\/wp-json\/wp\/v2\/comments?post=7341"}],"version-history":[{"count":1,"href":"https:\/\/agora.xtec.cat\/iesgallecs\/wp-json\/wp\/v2\/posts\/7341\/revisions"}],"predecessor-version":[{"id":7343,"href":"https:\/\/agora.xtec.cat\/iesgallecs\/wp-json\/wp\/v2\/posts\/7341\/revisions\/7343"}],"wp:featuredmedia":[{"embeddable":true,"href":"https:\/\/agora.xtec.cat\/iesgallecs\/wp-json\/wp\/v2\/media\/7342"}],"wp:attachment":[{"href":"https:\/\/agora.xtec.cat\/iesgallecs\/wp-json\/wp\/v2\/media?parent=7341"}],"wp:term":[{"taxonomy":"category","embeddable":true,"href":"https:\/\/agora.xtec.cat\/iesgallecs\/wp-json\/wp\/v2\/categories?post=7341"},{"taxonomy":"post_tag","embeddable":true,"href":"https:\/\/agora.xtec.cat\/iesgallecs\/wp-json\/wp\/v2\/tags?post=7341"}],"curies":[{"name":"wp","href":"https:\/\/api.w.org\/{rel}","templated":true}]}}