{"id":6553,"date":"2025-06-17T12:24:34","date_gmt":"2025-06-17T10:24:34","guid":{"rendered":"https:\/\/agora.xtec.cat\/iesgallecs\/?p=6553"},"modified":"2025-06-20T23:30:44","modified_gmt":"2025-06-20T21:30:44","slug":"informacio-matriculacio-deso-2025-2026","status":"publish","type":"post","link":"https:\/\/agora.xtec.cat\/iesgallecs\/general\/informacio-matriculacio-deso-2025-2026\/","title":{"rendered":"INFORMACI\u00d3 MATRICULACI\u00d3 D\u2019ESO 2025-2026"},"content":{"rendered":"<p>A continuaci\u00f3 trobareu la informaci\u00f3 per a fer la matriculaci\u00f3 de l&#8217;ESO pel curs 25-26.<\/p>\n<p><strong>TERMINI: DES DEL DIA 25 DE JUNY AL 3 DE JULIOL DE 2025<\/strong><\/p>\n<p><strong>PREPARAR LA DOCUMENTACI\u00d3 SEG\u00dcENT<\/strong><\/p>\n<ul>\n<li><strong>C\u00f2pia del carnet de vacunacions en el qual figurin les dosis de les vacunes rebudes amb les dates corresponents.<\/strong><\/li>\n<li><strong>Si no t\u00e9 el carnet de vacunacions, aportar un certificat m\u00e8dic oficial o el carnet de salut de l\u2019infant en el qual figurin les dosis de les vacunes rebudes amb les dates corresponents. Si el nen o la nena no ha estat vacunat o vacunada per indicaci\u00f3 m\u00e8dica o per altres circumst\u00e0ncies, cal presentar un certificat m\u00e8dic oficial justificatiu.<\/strong><\/li>\n<li><strong>C\u00f2pia DNI dels tutors legals<\/strong><\/li>\n<li><strong>C\u00f2pia de la targeta sanit\u00e0ria de l\u2019alumne\/a<\/strong><\/li>\n<li><strong>C\u00f2pia del DNI de l\u2019alumne\/a si en t\u00e9<\/strong><\/li>\n<\/ul>\n<p><strong>El dia 25 de juny podreu accedir a\u00a0 l\u2019enlla\u00e7 des del qual podeu omplir el formulari de la matr\u00edcula i adjuntar els documents<\/strong><\/p>\n<p><a href=\"https:\/\/docs.google.com\/forms\/d\/e\/1FAIpQLSdUSAuO3ebtbZ091chdgy2JUq4Irps-lPWGRNK4_fpF--L91g\/viewform?usp=dialog\" target=\"_blank\" rel=\"noopener\">Enlla\u00e7 al formulari de matr\u00edcula d&#8217;ESO 25-26<\/a><\/p>\n<p><a href=\"https:\/\/agora.xtec.cat\/iesgallecs\/wp-content\/uploads\/usu1971\/2025\/06\/QR-ESO.png\"><img loading=\"lazy\" decoding=\"async\" class=\" wp-image-6567 alignleft\" src=\"https:\/\/agora.xtec.cat\/iesgallecs\/wp-content\/uploads\/usu1971\/2025\/06\/QR-ESO.png\" alt=\"\" width=\"301\" height=\"301\" srcset=\"https:\/\/agora.xtec.cat\/iesgallecs\/wp-content\/uploads\/usu1971\/2025\/06\/QR-ESO.png 1920w, https:\/\/agora.xtec.cat\/iesgallecs\/wp-content\/uploads\/usu1971\/2025\/06\/QR-ESO-300x300.png 300w, https:\/\/agora.xtec.cat\/iesgallecs\/wp-content\/uploads\/usu1971\/2025\/06\/QR-ESO-1024x1024.png 1024w, https:\/\/agora.xtec.cat\/iesgallecs\/wp-content\/uploads\/usu1971\/2025\/06\/QR-ESO-150x150.png 150w, https:\/\/agora.xtec.cat\/iesgallecs\/wp-content\/uploads\/usu1971\/2025\/06\/QR-ESO-768x768.png 768w, https:\/\/agora.xtec.cat\/iesgallecs\/wp-content\/uploads\/usu1971\/2025\/06\/QR-ESO-1536x1536.png 1536w\" sizes=\"auto, (max-width: 301px) 100vw, 301px\" \/><\/a><\/p>\n","protected":false},"excerpt":{"rendered":"<p>A continuaci\u00f3 trobareu la informaci\u00f3 per a fer la matriculaci\u00f3 de l&#8217;ESO pel curs 25-26. TERMINI: DES DEL DIA 25 DE JUNY AL 3 DE JULIOL DE 2025 PREPARAR LA DOCUMENTACI\u00d3 SEG\u00dcENT C\u00f2pia del carnet de vacunacions en el qual figurin les dosis de les vacunes rebudes amb les dates corresponents. Si no t\u00e9 el [&hellip;]<\/p>\n","protected":false},"author":36,"featured_media":6554,"comment_status":"closed","ping_status":"open","sticky":false,"template":"","format":"standard","meta":{"site-sidebar-layout":"default","site-content-layout":"","ast-site-content-layout":"","site-content-style":"default","site-sidebar-style":"default","ast-global-header-display":"","ast-banner-title-visibility":"","ast-main-header-display":"","ast-hfb-above-header-display":"","ast-hfb-below-header-display":"","ast-hfb-mobile-header-display":"","site-post-title":"","ast-breadcrumbs-content":"","ast-featured-img":"","footer-sml-layout":"","theme-transparent-header-meta":"","adv-header-id-meta":"","stick-header-meta":"","header-above-stick-meta":"","header-main-stick-meta":"","header-below-stick-meta":"","astra-migrate-meta-layouts":"default","ast-page-background-enabled":"default","ast-page-background-meta":{"desktop":{"background-color":"var(--ast-global-color-5)","background-image":"","background-repeat":"repeat","background-position":"center center","background-size":"auto","background-attachment":"scroll","background-type":"","background-media":"","overlay-type":"","overlay-color":"","overlay-opacity":"","overlay-gradient":""},"tablet":{"background-color":"","background-image":"","background-repeat":"repeat","background-position":"center center","background-size":"auto","background-attachment":"scroll","background-type":"","background-media":"","overlay-type":"","overlay-color":"","overlay-opacity":"","overlay-gradient":""},"mobile":{"background-color":"","background-image":"","background-repeat":"repeat","background-position":"center center","background-size":"auto","background-attachment":"scroll","background-type":"","background-media":"","overlay-type":"","overlay-color":"","overlay-opacity":"","overlay-gradient":""}},"ast-content-background-meta":{"desktop":{"background-color":"var(--ast-global-color-4)","background-image":"","background-repeat":"repeat","background-position":"center center","background-size":"auto","background-attachment":"scroll","background-type":"","background-media":"","overlay-type":"","overlay-color":"","overlay-opacity":"","overlay-gradient":""},"tablet":{"background-color":"var(--ast-global-color-4)","background-image":"","background-repeat":"repeat","background-position":"center center","background-size":"auto","background-attachment":"scroll","background-type":"","background-media":"","overlay-type":"","overlay-color":"","overlay-opacity":"","overlay-gradient":""},"mobile":{"background-color":"var(--ast-global-color-4)","background-image":"","background-repeat":"repeat","background-position":"center center","background-size":"auto","background-attachment":"scroll","background-type":"","background-media":"","overlay-type":"","overlay-color":"","overlay-opacity":"","overlay-gradient":""}},"footnotes":""},"categories":[1,29],"tags":[250,142,219],"class_list":["post-6553","post","type-post","status-publish","format-standard","has-post-thumbnail","hentry","category-general","category-portada","tag-curs-25-26","tag-eso","tag-matricula"],"post_mailing_queue_ids":[],"_links":{"self":[{"href":"https:\/\/agora.xtec.cat\/iesgallecs\/wp-json\/wp\/v2\/posts\/6553","targetHints":{"allow":["GET"]}}],"collection":[{"href":"https:\/\/agora.xtec.cat\/iesgallecs\/wp-json\/wp\/v2\/posts"}],"about":[{"href":"https:\/\/agora.xtec.cat\/iesgallecs\/wp-json\/wp\/v2\/types\/post"}],"author":[{"embeddable":true,"href":"https:\/\/agora.xtec.cat\/iesgallecs\/wp-json\/wp\/v2\/users\/36"}],"replies":[{"embeddable":true,"href":"https:\/\/agora.xtec.cat\/iesgallecs\/wp-json\/wp\/v2\/comments?post=6553"}],"version-history":[{"count":3,"href":"https:\/\/agora.xtec.cat\/iesgallecs\/wp-json\/wp\/v2\/posts\/6553\/revisions"}],"predecessor-version":[{"id":6568,"href":"https:\/\/agora.xtec.cat\/iesgallecs\/wp-json\/wp\/v2\/posts\/6553\/revisions\/6568"}],"wp:featuredmedia":[{"embeddable":true,"href":"https:\/\/agora.xtec.cat\/iesgallecs\/wp-json\/wp\/v2\/media\/6554"}],"wp:attachment":[{"href":"https:\/\/agora.xtec.cat\/iesgallecs\/wp-json\/wp\/v2\/media?parent=6553"}],"wp:term":[{"taxonomy":"category","embeddable":true,"href":"https:\/\/agora.xtec.cat\/iesgallecs\/wp-json\/wp\/v2\/categories?post=6553"},{"taxonomy":"post_tag","embeddable":true,"href":"https:\/\/agora.xtec.cat\/iesgallecs\/wp-json\/wp\/v2\/tags?post=6553"}],"curies":[{"name":"wp","href":"https:\/\/api.w.org\/{rel}","templated":true}]}}