{"id":6528,"date":"2025-05-24T10:25:59","date_gmt":"2025-05-24T08:25:59","guid":{"rendered":"https:\/\/agora.xtec.cat\/iesgallecs\/?p=6528"},"modified":"2025-05-24T10:27:39","modified_gmt":"2025-05-24T08:27:39","slug":"lart-transforma-emociona-i-obre-consciencies","status":"publish","type":"post","link":"https:\/\/agora.xtec.cat\/iesgallecs\/general\/lart-transforma-emociona-i-obre-consciencies\/","title":{"rendered":"\u00a0L\u2019art transforma, emociona i obre consci\u00e8ncies&#8230;"},"content":{"rendered":"<p>El passat\u00a0<strong>8 de maig<\/strong>\u00a0vam celebrar la\u00a0<strong>3a edici\u00f3 del Fest Curts<\/strong>, una tarda molt especial de\u00a0<em>Cinema Social<\/em>\u00a0al nostre centre!<\/p>\n<p>L\u2019alumnat de\u00a0<strong>2n del CFGS d&#8217;Integraci\u00f3 Social<\/strong>\u00a0va presentar els seus curtmetratges, fruit d&#8217;un treball intens i comprom\u00e8s dins del\u00a0<strong>m\u00f2dul de projecte d\u2019intervenci\u00f3 social<\/strong>.<\/p>\n<p>Aquests curts no nom\u00e9s s\u00f3n peces art\u00edstiques: s\u00f3n\u00a0<strong>veus valentes<\/strong>\u00a0que expressen, comuniquen i\u00a0<strong>visibilitzen realitats que ens afecten com a societat<\/strong>. Han triat temes que els interpel\u00b7len, que els preocupen i que ens obliguen a pensar.<\/p>\n<p>Gr\u00e0cies a totes les fam\u00edlies i amistats que ens vau acompanyar, i especialment a\u00a0<strong>l&#8217;alumnat<\/strong>, per convertir l&#8217;art en una eina de canvi i reflexi\u00f3.<\/p>\n<p>I un reconeixement especial als\u00a0<strong>mitjans de comunicaci\u00f3<\/strong>\u00a0\u00a0per fer arribar\u00a0 lluny aquest projecte educatiu, social i art\u00edstic.<br \/>\n#r\u00e0diomollet #sommollet @vvtelevisio @betevecat<\/p>\n<p>#FestCurts2025 #CinemaSocial #Integraci\u00f3Social #FPambValor #Educaci\u00f3Transformadora #ArtComprom\u00e8s #VET #Barcelona #curtmetratges #jovescreadors\u00a0@educaciocat<\/p>\n<p>Mira la not\u00edcia a:<\/p>\n<p><strong>#r\u00e0diomollet\u00a0<\/strong><a href=\"https:\/\/www.radiomollet.com\/programs\/molletaldia\/radiomollet_podcast_31348\" data-saferedirecturl=\"https:\/\/www.google.com\/url?q=https:\/\/www.radiomollet.com\/programs\/molletaldia\/radiomollet_podcast_31348&amp;source=gmail&amp;ust=1748161012478000&amp;usg=AOvVaw1ebjjszIr8UeQmp_FElDff\">https:\/\/www.radiomollet.com\/programs\/molletaldia\/radiomollet_podcast_31348<\/a><\/p>\n<p><strong>#sommollet\u00a0<\/strong><a href=\"https:\/\/www.sommollet.cat\/noticia\/104056\/ins-gallecs-curts?&amp;utm_source=whatsapp&amp;utm_medium=social-media&amp;utm_campaign=addtoany\" data-saferedirecturl=\"https:\/\/www.google.com\/url?q=https:\/\/www.sommollet.cat\/noticia\/104056\/ins-gallecs-curts?%26utm_source%3Dwhatsapp%26utm_medium%3Dsocial-media%26utm_campaign%3Daddtoany&amp;source=gmail&amp;ust=1748161012478000&amp;usg=AOvVaw1wWRN8S2E-zQfpWEZRqmGp\">https:\/\/www.sommollet.cat\/noticia\/104056\/ins-gallecs-curts?&amp;utm_source=whatsapp&amp;utm_medium=social-media&amp;utm_campaign=addtoany<\/a><\/p>\n<p><strong>@vvtelevisio\u00a0<\/strong><a href=\"https:\/\/www.vallesvisio.cat\/2025\/05\/09\/els-alumnes-dintegracio-social-de-lins-gallecs-transformen-el-cinema-en-eina-de-consciencia-social\/\" data-saferedirecturl=\"https:\/\/www.google.com\/url?q=https:\/\/www.vallesvisio.cat\/2025\/05\/09\/els-alumnes-dintegracio-social-de-lins-gallecs-transformen-el-cinema-en-eina-de-consciencia-social\/&amp;source=gmail&amp;ust=1748161012478000&amp;usg=AOvVaw1fG8rWwloSrgiGaqsVGJti\">https:\/\/www.vallesvisio.cat\/2025\/05\/09\/els-alumnes-dintegracio-social-de-lins-gallecs-transformen-el-cinema-en-eina-de-consciencia-social\/<\/a><\/p>\n<p><strong>@betevecat<\/strong>\u00a0\u00a0<a href=\"https:\/\/beteve.cat\/via-15\/com-funciona-3\/\" data-saferedirecturl=\"https:\/\/www.google.com\/url?q=https:\/\/beteve.cat\/via-15\/com-funciona-3\/&amp;source=gmail&amp;ust=1748161012478000&amp;usg=AOvVaw2ez7gTpN1SwE3xpKC6iWS6\">https:\/\/beteve.cat\/via-15\/com-funciona-3\/<\/a><\/p>\n\r\n\t<div class=\"slideshow_container slideshow_container_style-light\" style=\"height: 300px; \" data-slideshow-id=\"6530\" data-style-name=\"style-light\" data-style-version=\"2.3.1\" >\r\n\r\n\t\t\t\t\t<div class=\"slideshow_loading_icon\"><\/div>\r\n\t\t\r\n\t\t<div class=\"slideshow_content\" style=\"display: none;\">\r\n\r\n\t\t\t<div class=\"slideshow_view\">\r\n\t\t\t\t<div class=\"slideshow_slide slideshow_slide_image\">\r\n\t\t\t\t\t\t\t\t\t\t\t<img src=\"https:\/\/agora.xtec.cat\/iesgallecs\/wp-content\/uploads\/usu1971\/2025\/05\/2.-dos-premis.jpg\" alt=\"2. dos premis\" width=\"2048\" height=\"1532\" \/>\r\n\t\t\t\t\t\t\t\t\t\t<div class=\"slideshow_description_box slideshow_transparent\">\r\n\t\t\t\t\t\t<div class=\"slideshow_title\">2. dos premis<\/div>\t\t\t\t\t\t\t\t\t\t\t<\/div>\r\n\t\t\t\t<\/div>\r\n\r\n\t\t\t\t\t\t<div style=\"clear: both;\"><\/div><\/div><div class=\"slideshow_view\">\r\n\t\t\t\t<div class=\"slideshow_slide slideshow_slide_image\">\r\n\t\t\t\t\t\t\t\t\t\t\t<img src=\"https:\/\/agora.xtec.cat\/iesgallecs\/wp-content\/uploads\/usu1971\/2025\/05\/1.-panoramic.jpg\" alt=\"1. panoramic\" width=\"2048\" height=\"1536\" \/>\r\n\t\t\t\t\t\t\t\t\t\t<div class=\"slideshow_description_box slideshow_transparent\">\r\n\t\t\t\t\t\t<div class=\"slideshow_title\">1. panoramic<\/div>\t\t\t\t\t\t\t\t\t\t\t<\/div>\r\n\t\t\t\t<\/div>\r\n\r\n\t\t\t\t\t\t<div style=\"clear: both;\"><\/div><\/div><div class=\"slideshow_view\">\r\n\t\t\t\t<div class=\"slideshow_slide slideshow_slide_image\">\r\n\t\t\t\t\t\t\t\t\t\t\t<img src=\"https:\/\/agora.xtec.cat\/iesgallecs\/wp-content\/uploads\/usu1971\/2025\/05\/6.-amb-els-mitjans.jpg\" alt=\"6.. amb els mitjans\" width=\"1500\" height=\"2000\" \/>\r\n\t\t\t\t\t\t\t\t\t\t<div class=\"slideshow_description_box slideshow_transparent\">\r\n\t\t\t\t\t\t<div class=\"slideshow_title\">6.. amb els mitjans<\/div>\t\t\t\t\t\t\t\t\t\t\t<\/div>\r\n\t\t\t\t<\/div>\r\n\r\n\t\t\t\t\t\t<div style=\"clear: both;\"><\/div><\/div><div class=\"slideshow_view\">\r\n\t\t\t\t<div class=\"slideshow_slide slideshow_slide_image\">\r\n\t\t\t\t\t\t\t\t\t\t\t<img src=\"https:\/\/agora.xtec.cat\/iesgallecs\/wp-content\/uploads\/usu1971\/2025\/05\/5.amb-albert.jpg\" alt=\"5.amb albert\" width=\"1536\" height=\"2048\" \/>\r\n\t\t\t\t\t\t\t\t\t\t<div class=\"slideshow_description_box slideshow_transparent\">\r\n\t\t\t\t\t\t<div class=\"slideshow_title\">5.amb albert<\/div>\t\t\t\t\t\t\t\t\t\t\t<\/div>\r\n\t\t\t\t<\/div>\r\n\r\n\t\t\t\t\t\t<div style=\"clear: both;\"><\/div><\/div><div class=\"slideshow_view\">\r\n\t\t\t\t<div class=\"slideshow_slide slideshow_slide_image\">\r\n\t\t\t\t\t\t\t\t\t\t\t<img src=\"https:\/\/agora.xtec.cat\/iesgallecs\/wp-content\/uploads\/usu1971\/2025\/05\/4.-amb-lara.jpg\" alt=\"4. amb lara\" width=\"2048\" height=\"1536\" \/>\r\n\t\t\t\t\t\t\t\t\t\t<div class=\"slideshow_description_box slideshow_transparent\">\r\n\t\t\t\t\t\t<div class=\"slideshow_title\">4. amb lara<\/div>\t\t\t\t\t\t\t\t\t\t\t<\/div>\r\n\t\t\t\t<\/div>\r\n\r\n\t\t\t\t\t\t<div style=\"clear: both;\"><\/div><\/div><div class=\"slideshow_view\">\r\n\t\t\t\t<div class=\"slideshow_slide slideshow_slide_image\">\r\n\t\t\t\t\t\t\t\t\t\t\t<img src=\"https:\/\/agora.xtec.cat\/iesgallecs\/wp-content\/uploads\/usu1971\/2025\/05\/3.-amb-franco.jpg\" alt=\"3. amb franco\" width=\"1536\" height=\"2048\" \/>\r\n\t\t\t\t\t\t\t\t\t\t<div class=\"slideshow_description_box slideshow_transparent\">\r\n\t\t\t\t\t\t<div class=\"slideshow_title\">3. amb franco<\/div>\t\t\t\t\t\t\t\t\t\t\t<\/div>\r\n\t\t\t\t<\/div>\r\n\r\n\t\t\t\t\t\t<div style=\"clear: both;\"><\/div><\/div>\r\n\t\t<\/div>\r\n\r\n\t\t<div class=\"slideshow_controlPanel slideshow_transparent\" style=\"display: none;\"><ul><li class=\"slideshow_togglePlay\" data-play-text=\"Visualitza\" data-pause-text=\"Pausa\"><\/li><\/ul><\/div>\r\n\r\n\t\t<div class=\"slideshow_button slideshow_previous slideshow_transparent\" role=\"button\" data-previous-text=\"Anterior\" style=\"display: none;\"><\/div>\r\n\t\t<div class=\"slideshow_button slideshow_next slideshow_transparent\" role=\"button\" data-next-text=\"Seg\u00fcent\" style=\"display: none;\"><\/div>\r\n\r\n\t\t<div class=\"slideshow_pagination\" style=\"display: none;\" data-go-to-text=\"V\u00e9s a la diapositiva\"><div class=\"slideshow_pagination_center\"><\/div><\/div>\r\n\r\n\t\t<!-- WordPress Slideshow Version 2.3.1 -->\r\n\r\n\t\t\t<\/div>\r\n\r\n\n","protected":false},"excerpt":{"rendered":"<p>El passat\u00a08 de maig\u00a0vam celebrar la\u00a03a edici\u00f3 del Fest Curts, una tarda molt especial de\u00a0Cinema Social\u00a0al nostre centre! L\u2019alumnat de\u00a02n del CFGS d&#8217;Integraci\u00f3 Social\u00a0va presentar els seus curtmetratges, fruit d&#8217;un treball intens i comprom\u00e8s dins del\u00a0m\u00f2dul de projecte d\u2019intervenci\u00f3 social. Aquests curts no nom\u00e9s s\u00f3n peces art\u00edstiques: s\u00f3n\u00a0veus valentes\u00a0que expressen, comuniquen i\u00a0visibilitzen realitats que ens [&hellip;]<\/p>\n","protected":false},"author":36,"featured_media":6535,"comment_status":"closed","ping_status":"closed","sticky":false,"template":"","format":"standard","meta":{"site-sidebar-layout":"default","site-content-layout":"","ast-site-content-layout":"","site-content-style":"default","site-sidebar-style":"default","ast-global-header-display":"","ast-banner-title-visibility":"","ast-main-header-display":"","ast-hfb-above-header-display":"","ast-hfb-below-header-display":"","ast-hfb-mobile-header-display":"","site-post-title":"","ast-breadcrumbs-content":"","ast-featured-img":"","footer-sml-layout":"","theme-transparent-header-meta":"","adv-header-id-meta":"","stick-header-meta":"","header-above-stick-meta":"","header-main-stick-meta":"","header-below-stick-meta":"","astra-migrate-meta-layouts":"default","ast-page-background-enabled":"default","ast-page-background-meta":{"desktop":{"background-color":"var(--ast-global-color-5)","background-image":"","background-repeat":"repeat","background-position":"center center","background-size":"auto","background-attachment":"scroll","background-type":"","background-media":"","overlay-type":"","overlay-color":"","overlay-opacity":"","overlay-gradient":""},"tablet":{"background-color":"","background-image":"","background-repeat":"repeat","background-position":"center center","background-size":"auto","background-attachment":"scroll","background-type":"","background-media":"","overlay-type":"","overlay-color":"","overlay-opacity":"","overlay-gradient":""},"mobile":{"background-color":"","background-image":"","background-repeat":"repeat","background-position":"center center","background-size":"auto","background-attachment":"scroll","background-type":"","background-media":"","overlay-type":"","overlay-color":"","overlay-opacity":"","overlay-gradient":""}},"ast-content-background-meta":{"desktop":{"background-color":"var(--ast-global-color-4)","background-image":"","background-repeat":"repeat","background-position":"center center","background-size":"auto","background-attachment":"scroll","background-type":"","background-media":"","overlay-type":"","overlay-color":"","overlay-opacity":"","overlay-gradient":""},"tablet":{"background-color":"var(--ast-global-color-4)","background-image":"","background-repeat":"repeat","background-position":"center center","background-size":"auto","background-attachment":"scroll","background-type":"","background-media":"","overlay-type":"","overlay-color":"","overlay-opacity":"","overlay-gradient":""},"mobile":{"background-color":"var(--ast-global-color-4)","background-image":"","background-repeat":"repeat","background-position":"center center","background-size":"auto","background-attachment":"scroll","background-type":"","background-media":"","overlay-type":"","overlay-color":"","overlay-opacity":"","overlay-gradient":""}},"footnotes":""},"categories":[1,29],"tags":[193,238],"class_list":["post-6528","post","type-post","status-publish","format-standard","has-post-thumbnail","hentry","category-general","category-portada","tag-cicles-formatius","tag-curs-24-25"],"post_mailing_queue_ids":[],"_links":{"self":[{"href":"https:\/\/agora.xtec.cat\/iesgallecs\/wp-json\/wp\/v2\/posts\/6528","targetHints":{"allow":["GET"]}}],"collection":[{"href":"https:\/\/agora.xtec.cat\/iesgallecs\/wp-json\/wp\/v2\/posts"}],"about":[{"href":"https:\/\/agora.xtec.cat\/iesgallecs\/wp-json\/wp\/v2\/types\/post"}],"author":[{"embeddable":true,"href":"https:\/\/agora.xtec.cat\/iesgallecs\/wp-json\/wp\/v2\/users\/36"}],"replies":[{"embeddable":true,"href":"https:\/\/agora.xtec.cat\/iesgallecs\/wp-json\/wp\/v2\/comments?post=6528"}],"version-history":[{"count":4,"href":"https:\/\/agora.xtec.cat\/iesgallecs\/wp-json\/wp\/v2\/posts\/6528\/revisions"}],"predecessor-version":[{"id":6540,"href":"https:\/\/agora.xtec.cat\/iesgallecs\/wp-json\/wp\/v2\/posts\/6528\/revisions\/6540"}],"wp:featuredmedia":[{"embeddable":true,"href":"https:\/\/agora.xtec.cat\/iesgallecs\/wp-json\/wp\/v2\/media\/6535"}],"wp:attachment":[{"href":"https:\/\/agora.xtec.cat\/iesgallecs\/wp-json\/wp\/v2\/media?parent=6528"}],"wp:term":[{"taxonomy":"category","embeddable":true,"href":"https:\/\/agora.xtec.cat\/iesgallecs\/wp-json\/wp\/v2\/categories?post=6528"},{"taxonomy":"post_tag","embeddable":true,"href":"https:\/\/agora.xtec.cat\/iesgallecs\/wp-json\/wp\/v2\/tags?post=6528"}],"curies":[{"name":"wp","href":"https:\/\/api.w.org\/{rel}","templated":true}]}}