{"id":6441,"date":"2025-03-18T17:19:52","date_gmt":"2025-03-18T16:19:52","guid":{"rendered":"https:\/\/agora.xtec.cat\/iesgallecs\/?p=6441"},"modified":"2025-03-19T10:27:20","modified_gmt":"2025-03-19T09:27:20","slug":"jornada-de-portes-de-cicles-formatius-a-linstitut-gallecs","status":"publish","type":"post","link":"https:\/\/agora.xtec.cat\/iesgallecs\/general\/jornada-de-portes-de-cicles-formatius-a-linstitut-gallecs\/","title":{"rendered":"Jornada de portes de Cicles formatius a l&#8217;Institut Gallecs"},"content":{"rendered":"<p>Us informem que la jornada de portes obertes de cicles formatius pel curs 25-26, tant de grau mitj\u00e0 com superior, ser\u00e0 el dimecres 14 de maig de 2025.<\/p>\n<h5><strong>Per venir a les portes obertes ser\u00e0 obligatori inscriure\u2019s en un formulari que s\u2019obrir\u00e0 el dia 30 d\u2019abril i que es publicar\u00e0 a la p\u00e0gina web.<\/strong><\/h5>\n<p>Les notes de tall per accedir als cicles formatius estant publicades, les podeu consultar a trav\u00e9s d\u2019aquest:<\/p>\n<h4><strong><span style=\"color: #ff0000;\"><a style=\"color: #ff0000;\" href=\"https:\/\/preinscripcio.gencat.cat\/ca\/estudis\/fp-grau-mitja\/informat\/consulta-notes-tall\/\" target=\"_blank\" rel=\"noopener\">Consulta de la nota de tall de cicles formatius de grau mitj\u00e0.<\/a><\/span><\/strong><\/h4>\n<h4><strong><span style=\"color: #ff0000;\"><a style=\"color: #ff0000;\" href=\"https:\/\/preinscripcio.gencat.cat\/ca\/estudis\/fp-grau-superior\/informat\/consulta-notes-tall\/index.html\" target=\"_blank\" rel=\"noopener\">Consulta de la nota de tall de cicles formatius de grau superior.<\/a><\/span><\/strong><\/h4>\n<p>Podeu consultar el nostre cat\u00e0leg de serveis d&#8217;FP a trav\u00e9s d&#8217;aquests dos enlla\u00e7os o escanejant els dos codis QR.<\/p>\n<h4><strong><span style=\"color: #ff0000;\"><a style=\"color: #ff0000;\" href=\"https:\/\/drive.google.com\/file\/d\/1MY3rSxVCt4U0FGAcNWAOI-Tni3FJLLl_\/view?usp=sharing\" target=\"_blank\" rel=\"noopener\">Cat\u00e0leg de serveis d&#8217;FP a l&#8217;Institut Gallecs<\/a><\/span><\/strong><\/h4>\n<h4><strong><span style=\"color: #ff0000;\"><a style=\"color: #ff0000;\" href=\"https:\/\/drive.google.com\/file\/d\/1YP3tutfc5nUmx9es3JFafkuAk-wfW9Bc\/view?usp=sharing\" target=\"_blank\" rel=\"noopener\">Cat\u00e0leg de cicles formatius Institut Gallecs pel curs 25-26<\/a><\/span><\/strong><\/h4>\n<p><a href=\"https:\/\/agora.xtec.cat\/iesgallecs\/wp-content\/uploads\/usu1971\/2025\/03\/QR.jpg\"><img loading=\"lazy\" decoding=\"async\" class=\"aligncenter size-full wp-image-6442\" src=\"https:\/\/agora.xtec.cat\/iesgallecs\/wp-content\/uploads\/usu1971\/2025\/03\/QR.jpg\" alt=\"\" width=\"906\" height=\"463\" srcset=\"https:\/\/agora.xtec.cat\/iesgallecs\/wp-content\/uploads\/usu1971\/2025\/03\/QR.jpg 906w, https:\/\/agora.xtec.cat\/iesgallecs\/wp-content\/uploads\/usu1971\/2025\/03\/QR-300x153.jpg 300w, https:\/\/agora.xtec.cat\/iesgallecs\/wp-content\/uploads\/usu1971\/2025\/03\/QR-768x392.jpg 768w\" sizes=\"auto, (max-width: 906px) 100vw, 906px\" \/><\/a><\/p>\n<p>&nbsp;<\/p>\n","protected":false},"excerpt":{"rendered":"<p>Us informem que la jornada de portes obertes de cicles formatius pel curs 25-26, tant de grau mitj\u00e0 com superior, ser\u00e0 el dimecres 14 de maig de 2025. Per venir a les portes obertes ser\u00e0 obligatori inscriure\u2019s en un formulari que s\u2019obrir\u00e0 el dia 30 d\u2019abril i que es publicar\u00e0 a la p\u00e0gina web. Les [&hellip;]<\/p>\n","protected":false},"author":36,"featured_media":6444,"comment_status":"closed","ping_status":"closed","sticky":false,"template":"","format":"standard","meta":{"site-sidebar-layout":"default","site-content-layout":"","ast-site-content-layout":"","site-content-style":"default","site-sidebar-style":"default","ast-global-header-display":"","ast-banner-title-visibility":"","ast-main-header-display":"","ast-hfb-above-header-display":"","ast-hfb-below-header-display":"","ast-hfb-mobile-header-display":"","site-post-title":"","ast-breadcrumbs-content":"","ast-featured-img":"","footer-sml-layout":"","theme-transparent-header-meta":"","adv-header-id-meta":"","stick-header-meta":"","header-above-stick-meta":"","header-main-stick-meta":"","header-below-stick-meta":"","astra-migrate-meta-layouts":"default","ast-page-background-enabled":"default","ast-page-background-meta":{"desktop":{"background-color":"var(--ast-global-color-5)","background-image":"","background-repeat":"repeat","background-position":"center center","background-size":"auto","background-attachment":"scroll","background-type":"","background-media":"","overlay-type":"","overlay-color":"","overlay-opacity":"","overlay-gradient":""},"tablet":{"background-color":"","background-image":"","background-repeat":"repeat","background-position":"center center","background-size":"auto","background-attachment":"scroll","background-type":"","background-media":"","overlay-type":"","overlay-color":"","overlay-opacity":"","overlay-gradient":""},"mobile":{"background-color":"","background-image":"","background-repeat":"repeat","background-position":"center center","background-size":"auto","background-attachment":"scroll","background-type":"","background-media":"","overlay-type":"","overlay-color":"","overlay-opacity":"","overlay-gradient":""}},"ast-content-background-meta":{"desktop":{"background-color":"var(--ast-global-color-4)","background-image":"","background-repeat":"repeat","background-position":"center center","background-size":"auto","background-attachment":"scroll","background-type":"","background-media":"","overlay-type":"","overlay-color":"","overlay-opacity":"","overlay-gradient":""},"tablet":{"background-color":"var(--ast-global-color-4)","background-image":"","background-repeat":"repeat","background-position":"center center","background-size":"auto","background-attachment":"scroll","background-type":"","background-media":"","overlay-type":"","overlay-color":"","overlay-opacity":"","overlay-gradient":""},"mobile":{"background-color":"var(--ast-global-color-4)","background-image":"","background-repeat":"repeat","background-position":"center center","background-size":"auto","background-attachment":"scroll","background-type":"","background-media":"","overlay-type":"","overlay-color":"","overlay-opacity":"","overlay-gradient":""}},"footnotes":""},"categories":[1,29],"tags":[],"class_list":["post-6441","post","type-post","status-publish","format-standard","has-post-thumbnail","hentry","category-general","category-portada"],"post_mailing_queue_ids":[],"_links":{"self":[{"href":"https:\/\/agora.xtec.cat\/iesgallecs\/wp-json\/wp\/v2\/posts\/6441","targetHints":{"allow":["GET"]}}],"collection":[{"href":"https:\/\/agora.xtec.cat\/iesgallecs\/wp-json\/wp\/v2\/posts"}],"about":[{"href":"https:\/\/agora.xtec.cat\/iesgallecs\/wp-json\/wp\/v2\/types\/post"}],"author":[{"embeddable":true,"href":"https:\/\/agora.xtec.cat\/iesgallecs\/wp-json\/wp\/v2\/users\/36"}],"replies":[{"embeddable":true,"href":"https:\/\/agora.xtec.cat\/iesgallecs\/wp-json\/wp\/v2\/comments?post=6441"}],"version-history":[{"count":4,"href":"https:\/\/agora.xtec.cat\/iesgallecs\/wp-json\/wp\/v2\/posts\/6441\/revisions"}],"predecessor-version":[{"id":6448,"href":"https:\/\/agora.xtec.cat\/iesgallecs\/wp-json\/wp\/v2\/posts\/6441\/revisions\/6448"}],"wp:featuredmedia":[{"embeddable":true,"href":"https:\/\/agora.xtec.cat\/iesgallecs\/wp-json\/wp\/v2\/media\/6444"}],"wp:attachment":[{"href":"https:\/\/agora.xtec.cat\/iesgallecs\/wp-json\/wp\/v2\/media?parent=6441"}],"wp:term":[{"taxonomy":"category","embeddable":true,"href":"https:\/\/agora.xtec.cat\/iesgallecs\/wp-json\/wp\/v2\/categories?post=6441"},{"taxonomy":"post_tag","embeddable":true,"href":"https:\/\/agora.xtec.cat\/iesgallecs\/wp-json\/wp\/v2\/tags?post=6441"}],"curies":[{"name":"wp","href":"https:\/\/api.w.org\/{rel}","templated":true}]}}