{"id":6131,"date":"2024-09-25T17:35:38","date_gmt":"2024-09-25T15:35:38","guid":{"rendered":"https:\/\/agora.xtec.cat\/iesgallecs\/?p=6131"},"modified":"2024-09-26T11:38:48","modified_gmt":"2024-09-26T09:38:48","slug":"premis-impuls-fp-a-linstitut-gallecs","status":"publish","type":"post","link":"https:\/\/agora.xtec.cat\/iesgallecs\/general\/premis-impuls-fp-a-linstitut-gallecs\/","title":{"rendered":"Premis Impuls FP a l&#8217;Institut Gallecs"},"content":{"rendered":"<p>Aquest curs 2024-2025, el<strong>\u00a0lliurament dels\u00a0<a href=\"https:\/\/sites.google.com\/xtec.cat\/premis-impulsfp\/inici?authuser=0\" target=\"_blank\" rel=\"noopener\">Premis Impuls FP<\/a><\/strong>\u00a0tindr\u00e0 lloc\u00a0<strong>divendres 4 d\u2019octubre\u00a0<\/strong>a l\u2019<strong>Institut Gallecs<\/strong>.<\/p>\n<p>El centre organitzar\u00e0 una trobada institucional i festiva en qu\u00e8 es lliuraran els diferents premis a la innovaci\u00f3, l\u2019emprenedoria i l\u2019excel\u00b7l\u00e8ncia docen<strong>t<\/strong>.<\/p>\n<p>Durant aquest acte gaudirem del talent de la Formaci\u00f3 Professional que hi ha en el nostre territori amb diferents activitats i confer\u00e8ncies a c\u00e0rrec de grans ponents del sector.<\/p>\n<p>Us hi esperem a tots i totes!<\/p>\n<p><a href=\"https:\/\/agora.xtec.cat\/iesgallecs\/wp-content\/uploads\/usu1971\/2024\/09\/2.png\"><img loading=\"lazy\" decoding=\"async\" class=\"aligncenter wp-image-6125\" src=\"https:\/\/agora.xtec.cat\/iesgallecs\/wp-content\/uploads\/usu1971\/2024\/09\/2.png\" alt=\"\" width=\"261\" height=\"614\" srcset=\"https:\/\/agora.xtec.cat\/iesgallecs\/wp-content\/uploads\/usu1971\/2024\/09\/2.png 207w, https:\/\/agora.xtec.cat\/iesgallecs\/wp-content\/uploads\/usu1971\/2024\/09\/2-128x300.png 128w\" sizes=\"auto, (max-width: 261px) 100vw, 261px\" \/><\/a><\/p>\n","protected":false},"excerpt":{"rendered":"<p>Aquest curs 2024-2025, el\u00a0lliurament dels\u00a0Premis Impuls FP\u00a0tindr\u00e0 lloc\u00a0divendres 4 d\u2019octubre\u00a0a l\u2019Institut Gallecs. El centre organitzar\u00e0 una trobada institucional i festiva en qu\u00e8 es lliuraran els diferents premis a la innovaci\u00f3, l\u2019emprenedoria i l\u2019excel\u00b7l\u00e8ncia docent. Durant aquest acte gaudirem del talent de la Formaci\u00f3 Professional que hi ha en el nostre territori amb diferents activitats i [&hellip;]<\/p>\n","protected":false},"author":36,"featured_media":6134,"comment_status":"closed","ping_status":"closed","sticky":false,"template":"","format":"standard","meta":{"site-sidebar-layout":"default","site-content-layout":"","ast-site-content-layout":"","site-content-style":"default","site-sidebar-style":"default","ast-global-header-display":"","ast-banner-title-visibility":"","ast-main-header-display":"","ast-hfb-above-header-display":"","ast-hfb-below-header-display":"","ast-hfb-mobile-header-display":"","site-post-title":"","ast-breadcrumbs-content":"","ast-featured-img":"","footer-sml-layout":"","theme-transparent-header-meta":"","adv-header-id-meta":"","stick-header-meta":"","header-above-stick-meta":"","header-main-stick-meta":"","header-below-stick-meta":"","astra-migrate-meta-layouts":"default","ast-page-background-enabled":"default","ast-page-background-meta":{"desktop":{"background-color":"var(--ast-global-color-5)","background-image":"","background-repeat":"repeat","background-position":"center center","background-size":"auto","background-attachment":"scroll","background-type":"","background-media":"","overlay-type":"","overlay-color":"","overlay-opacity":"","overlay-gradient":""},"tablet":{"background-color":"","background-image":"","background-repeat":"repeat","background-position":"center center","background-size":"auto","background-attachment":"scroll","background-type":"","background-media":"","overlay-type":"","overlay-color":"","overlay-opacity":"","overlay-gradient":""},"mobile":{"background-color":"","background-image":"","background-repeat":"repeat","background-position":"center center","background-size":"auto","background-attachment":"scroll","background-type":"","background-media":"","overlay-type":"","overlay-color":"","overlay-opacity":"","overlay-gradient":""}},"ast-content-background-meta":{"desktop":{"background-color":"var(--ast-global-color-4)","background-image":"","background-repeat":"repeat","background-position":"center center","background-size":"auto","background-attachment":"scroll","background-type":"","background-media":"","overlay-type":"","overlay-color":"","overlay-opacity":"","overlay-gradient":""},"tablet":{"background-color":"var(--ast-global-color-4)","background-image":"","background-repeat":"repeat","background-position":"center center","background-size":"auto","background-attachment":"scroll","background-type":"","background-media":"","overlay-type":"","overlay-color":"","overlay-opacity":"","overlay-gradient":""},"mobile":{"background-color":"var(--ast-global-color-4)","background-image":"","background-repeat":"repeat","background-position":"center center","background-size":"auto","background-attachment":"scroll","background-type":"","background-media":"","overlay-type":"","overlay-color":"","overlay-opacity":"","overlay-gradient":""}},"footnotes":""},"categories":[1,29],"tags":[193,246,245],"class_list":["post-6131","post","type-post","status-publish","format-standard","has-post-thumbnail","hentry","category-general","category-portada","tag-cicles-formatius","tag-impuls-fp","tag-premis"],"post_mailing_queue_ids":[],"_links":{"self":[{"href":"https:\/\/agora.xtec.cat\/iesgallecs\/wp-json\/wp\/v2\/posts\/6131","targetHints":{"allow":["GET"]}}],"collection":[{"href":"https:\/\/agora.xtec.cat\/iesgallecs\/wp-json\/wp\/v2\/posts"}],"about":[{"href":"https:\/\/agora.xtec.cat\/iesgallecs\/wp-json\/wp\/v2\/types\/post"}],"author":[{"embeddable":true,"href":"https:\/\/agora.xtec.cat\/iesgallecs\/wp-json\/wp\/v2\/users\/36"}],"replies":[{"embeddable":true,"href":"https:\/\/agora.xtec.cat\/iesgallecs\/wp-json\/wp\/v2\/comments?post=6131"}],"version-history":[{"count":1,"href":"https:\/\/agora.xtec.cat\/iesgallecs\/wp-json\/wp\/v2\/posts\/6131\/revisions"}],"predecessor-version":[{"id":6132,"href":"https:\/\/agora.xtec.cat\/iesgallecs\/wp-json\/wp\/v2\/posts\/6131\/revisions\/6132"}],"wp:featuredmedia":[{"embeddable":true,"href":"https:\/\/agora.xtec.cat\/iesgallecs\/wp-json\/wp\/v2\/media\/6134"}],"wp:attachment":[{"href":"https:\/\/agora.xtec.cat\/iesgallecs\/wp-json\/wp\/v2\/media?parent=6131"}],"wp:term":[{"taxonomy":"category","embeddable":true,"href":"https:\/\/agora.xtec.cat\/iesgallecs\/wp-json\/wp\/v2\/categories?post=6131"},{"taxonomy":"post_tag","embeddable":true,"href":"https:\/\/agora.xtec.cat\/iesgallecs\/wp-json\/wp\/v2\/tags?post=6131"}],"curies":[{"name":"wp","href":"https:\/\/api.w.org\/{rel}","templated":true}]}}