{"id":6065,"date":"2024-09-02T11:17:53","date_gmt":"2024-09-02T09:17:53","guid":{"rendered":"https:\/\/agora.xtec.cat\/iesgallecs\/?p=6065"},"modified":"2024-09-02T11:17:53","modified_gmt":"2024-09-02T09:17:53","slug":"instruccions-per-formalitzar-la-matricula-dels-cicles-formatius-grau-mitja-i-superior-curs-academic-2024-2025","status":"publish","type":"post","link":"https:\/\/agora.xtec.cat\/iesgallecs\/general\/instruccions-per-formalitzar-la-matricula-dels-cicles-formatius-grau-mitja-i-superior-curs-academic-2024-2025\/","title":{"rendered":"INSTRUCCIONS PER FORMALITZAR LA MATR\u00cdCULA DELS CICLES FORMATIUS GRAU MITJ\u00c0 I SUPERIOR. CURS ACAD\u00c8MIC 2024-2025"},"content":{"rendered":"<p><strong><u>INSTRUCCIONS PER FORMALITZAR LA MATR\u00cdCULA DELS CICLES FORMATIUS DE GRAU MITJ\u00c0. CURS ACAD\u00c8MIC 2024-2025<\/u><\/strong><\/p>\n<p>El per\u00edode de matriculaci\u00f3 dels Cicles Formatius de Grau Mitj\u00e0 \u00e9s des del dia <strong>2 al 6 de setembre de 2024<\/strong>. Si no formalitzes la matr\u00edcula en aquestes dates, es considerar\u00e0 que ren\u00fancies i perds la pla\u00e7a.<\/p>\n<p>Prepara la documentaci\u00f3 per formalitzar la matr\u00edcula :<\/p>\n<ul>\n<li>Fotografia<\/li>\n<li>C\u00f2pia de la targeta sanit\u00e0ria<\/li>\n<li>C\u00f2pia DNI (per les dues cares)<\/li>\n<li>C\u00f2pia T\u00edtol d\u2019ESO o altres titulacions que donin acc\u00e9s al cicle<\/li>\n<\/ul>\n<p>A continuaci\u00f3 has d\u2019accedir al formulari del cicle al qual t\u2019has de matricular:<\/p>\n<p><strong>RECORDEU QUE ELS ENLLA\u00c7OS ESTARAN ACTIUS FINS EL 6 DE SETEMBRE DE 2024<\/strong><\/p>\n<p><strong><u>CICLE FORMATIU DE GRAU MIJT\u00c0 DE CURES AUXILIARS D\u2019INFERMERIA 2024-2025<\/u><\/strong><\/p>\n<p><a href=\"https:\/\/docs.google.com\/forms\/d\/e\/1FAIpQLSeTEXqmLYS6HZT36hbf5AOSBP8jb8R3SMRcdpz7MJ8kdUffBg\/viewform?usp=sf_link\">https:\/\/docs.google.com\/forms\/d\/e\/1FAIpQLSeTEXqmLYS6HZT36hbf5AOSBP8jb8R3SMRcdpz7MJ8kdUffBg\/viewform?usp=sf_link<\/a><\/p>\n<p><strong><u>CICLE FORMATIU DE GRAU MIJT\u00c0 D\u2019ATENCI\u00d3 A PERSONES EN SITUACI\u00d3 DE DEPEND\u00c8NCIA 2024-2025<\/u><\/strong><\/p>\n<p><a href=\"https:\/\/docs.google.com\/forms\/d\/e\/1FAIpQLSd6_8-si4uGMI8OQ5WCCJknvrHGbqvkvQjUK2tPVBaNlkH_Gw\/viewform?usp=sf_link\">https:\/\/docs.google.com\/forms\/d\/e\/1FAIpQLSd6_8-si4uGMI8OQ5WCCJknvrHGbqvkvQjUK2tPVBaNlkH_Gw\/viewform?usp=sf_link<\/a><\/p>\n<p><strong><u>CICLE FORMATIU DE GRAU MIJT\u00c0 DE FARM\u00c0CIA I PARAFARM\u00c0CIA 2024-2025<\/u><\/strong><\/p>\n<p><a href=\"https:\/\/docs.google.com\/forms\/d\/e\/1FAIpQLSc2v_idLQiZRc0kRcmGzl1k9wLS3SaC2kxEop2BEdeLjbsTqA\/viewform?usp=sf_link\">https:\/\/docs.google.com\/forms\/d\/e\/1FAIpQLSc2v_idLQiZRc0kRcmGzl1k9wLS3SaC2kxEop2BEdeLjbsTqA\/viewform?usp=sf_link<\/a><\/p>\n<p><strong><u>CICLE FORMATIU DE GRAU MIJT\u00c0 DE GESTI\u00d3 ADMINISTRATIVA 2024-2025<\/u><\/strong><\/p>\n<p><a href=\"https:\/\/docs.google.com\/forms\/d\/e\/1FAIpQLSembFYkjFa0uwS1o7WKb6AOLn-znpc5HEXnpCt2nEleeF7v6Q\/viewform?usp=sf_link\">https:\/\/docs.google.com\/forms\/d\/e\/1FAIpQLSembFYkjFa0uwS1o7WKb6AOLn-znpc5HEXnpCt2nEleeF7v6Q\/viewform?usp=sf_link<\/a><\/p>\n<p>&nbsp;<\/p>\n<p><strong><u>INSTRUCCIONS PER FORMALITZAR LA MATR\u00cdCULA DELS CICLES FORMATIUS DE GRAU SUPERIOR. CURS ACAD\u00c8MIC 2024-2025<\/u><\/strong><\/p>\n<p>El per\u00edode de matriculaci\u00f3 dels Cicles Formatius de Grau Superior \u00e9s des del dia <strong>2 al 6 de setembre de 2024<\/strong>. Si no formalitzes la matr\u00edcula en aquestes dates, es considerar\u00e0 que ren\u00fancies i perds la pla\u00e7a.<\/p>\n<p>Prepara la documentaci\u00f3 per formalitzar la matr\u00edcula :<\/p>\n<ul>\n<li>Fotografia<\/li>\n<li>C\u00f2pia de la targeta sanit\u00e0ria<\/li>\n<li>C\u00f2pia DNI (per les dues cares)<\/li>\n<li>C\u00f2pia T\u00edtol de Batxillerat \/T\u00edtol CFGM\/ o altres titulacions que donin acc\u00e9s al cicle<\/li>\n<li>C\u00f2pia del de document que dona dret a bonificaci\u00f3 o exempci\u00f3 del preu p\u00fablic<\/li>\n<\/ul>\n<p>A continuaci\u00f3 has d\u2019accedir al formulari del cicle al qual t\u2019has de matricular:<\/p>\n<p><strong>RECORDEU QUE ELS ENLLA\u00c7OS ESTARAN ACTIUS FINS EL 6 DE SETEMBRE DE 2024<\/strong><\/p>\n<p><strong>CICLE FORMATIU DE GRAU SUPERIOR D\u2019INTEGRACI\u00d3 SOCIAL 2024-2025<\/strong><\/p>\n<p><a href=\"https:\/\/docs.google.com\/forms\/d\/e\/1FAIpQLSdX5VSVthSFggCItEBhOq0Fm4gOQgL4mjtNx17jDzJlRTKkFg\/viewform?usp=sf_link\">https:\/\/docs.google.com\/forms\/d\/e\/1FAIpQLSdX5VSVthSFggCItEBhOq0Fm4gOQgL4mjtNx17jDzJlRTKkFg\/viewform?usp=sf_link<\/a><\/p>\n<p><strong>CICLE FORMATIU DE GRAU SUPERIOR D\u2019EDUCACI\u00d3 INFANTIL 2024-2025<\/strong><\/p>\n<p><a href=\"https:\/\/docs.google.com\/forms\/d\/e\/1FAIpQLSdXWO78ebB7NGLmM1klVGVFGnc42y5AcVH_oXL-Drm5pjW4tg\/viewform?usp=sf_link\">https:\/\/docs.google.com\/forms\/d\/e\/1FAIpQLSdXWO78ebB7NGLmM1klVGVFGnc42y5AcVH_oXL-Drm5pjW4tg\/viewform?usp=sf_link<\/a><\/p>\n<p><strong>CICLE FORMATIU DE GRAU SUPERIOR D\u2019ANATOMIA PATOL\u00d2GICA I CITODIAGN\u00d2STIC 2024-2025<\/strong><\/p>\n<p><a href=\"https:\/\/docs.google.com\/forms\/d\/e\/1FAIpQLSfUI8hSS9Z8CLdi_VmaO7_58bywPLEuje2x8cmm1uCOHeQSCQ\/viewform?usp=sf_link\">https:\/\/docs.google.com\/forms\/d\/e\/1FAIpQLSfUI8hSS9Z8CLdi_VmaO7_58bywPLEuje2x8cmm1uCOHeQSCQ\/viewform?usp=sf_link<\/a><\/p>\n<p><strong>CICLE FORMATIU DE GRAU SUPERIOR HIGIENE BUCODENTAL 2024-2025<\/strong><\/p>\n<p><a href=\"https:\/\/docs.google.com\/forms\/d\/e\/1FAIpQLSejhjYUVdmGopioJSGPkp2DF0tZwoonju7Ux1_2veKB87rAVA\/viewform?usp=sf_link\">https:\/\/docs.google.com\/forms\/d\/e\/1FAIpQLSejhjYUVdmGopioJSGPkp2DF0tZwoonju7Ux1_2veKB87rAVA\/viewform?usp=sf_link<\/a><\/p>\n<p><strong>CICLE FORMATIU DE GRAU SUPERIOR DE DOCUMENTACI\u00d3 I ADMINISTRACI\u00d3 SANIT\u00c0RIES 2024-2025<\/strong><\/p>\n<p><a href=\"https:\/\/docs.google.com\/forms\/d\/e\/1FAIpQLSckxRf07HoHOHWNl-MKljHT801REl-5l3sxEaR5JI_fHOkuAw\/viewform?usp=sf_link\">https:\/\/docs.google.com\/forms\/d\/e\/1FAIpQLSckxRf07HoHOHWNl-MKljHT801REl-5l3sxEaR5JI_fHOkuAw\/viewform?usp=sf_link<\/a><\/p>\n<p><strong>CICLE FORMATIU DE GRAU SUPERIOR D\u2019ADMINISTRACI\u00d3 I FINANCES 2024-2025<\/strong><\/p>\n<p><a href=\"https:\/\/docs.google.com\/forms\/d\/e\/1FAIpQLSfEQs68FVZQSJRl5UtvaRJpgpJxrC557bTv4w3TQnyAZLjTMQ\/viewform?usp=sf_link\">https:\/\/docs.google.com\/forms\/d\/e\/1FAIpQLSfEQs68FVZQSJRl5UtvaRJpgpJxrC557bTv4w3TQnyAZLjTMQ\/viewform?usp=sf_link<\/a><\/p>\n<p>&nbsp;<\/p>\n","protected":false},"excerpt":{"rendered":"<p>INSTRUCCIONS PER FORMALITZAR LA MATR\u00cdCULA DELS CICLES FORMATIUS DE GRAU MITJ\u00c0. CURS ACAD\u00c8MIC 2024-2025 El per\u00edode de matriculaci\u00f3 dels Cicles Formatius de Grau Mitj\u00e0 \u00e9s des del dia 2 al 6 de setembre de 2024. Si no formalitzes la matr\u00edcula en aquestes dates, es considerar\u00e0 que ren\u00fancies i perds la pla\u00e7a. Prepara la documentaci\u00f3 per [&hellip;]<\/p>\n","protected":false},"author":36,"featured_media":6066,"comment_status":"closed","ping_status":"closed","sticky":false,"template":"","format":"standard","meta":{"site-sidebar-layout":"default","site-content-layout":"","ast-site-content-layout":"","site-content-style":"default","site-sidebar-style":"default","ast-global-header-display":"","ast-banner-title-visibility":"","ast-main-header-display":"","ast-hfb-above-header-display":"","ast-hfb-below-header-display":"","ast-hfb-mobile-header-display":"","site-post-title":"","ast-breadcrumbs-content":"","ast-featured-img":"","footer-sml-layout":"","theme-transparent-header-meta":"","adv-header-id-meta":"","stick-header-meta":"","header-above-stick-meta":"","header-main-stick-meta":"","header-below-stick-meta":"","astra-migrate-meta-layouts":"default","ast-page-background-enabled":"default","ast-page-background-meta":{"desktop":{"background-color":"var(--ast-global-color-5)","background-image":"","background-repeat":"repeat","background-position":"center center","background-size":"auto","background-attachment":"scroll","background-type":"","background-media":"","overlay-type":"","overlay-color":"","overlay-opacity":"","overlay-gradient":""},"tablet":{"background-color":"","background-image":"","background-repeat":"repeat","background-position":"center center","background-size":"auto","background-attachment":"scroll","background-type":"","background-media":"","overlay-type":"","overlay-color":"","overlay-opacity":"","overlay-gradient":""},"mobile":{"background-color":"","background-image":"","background-repeat":"repeat","background-position":"center center","background-size":"auto","background-attachment":"scroll","background-type":"","background-media":"","overlay-type":"","overlay-color":"","overlay-opacity":"","overlay-gradient":""}},"ast-content-background-meta":{"desktop":{"background-color":"var(--ast-global-color-4)","background-image":"","background-repeat":"repeat","background-position":"center center","background-size":"auto","background-attachment":"scroll","background-type":"","background-media":"","overlay-type":"","overlay-color":"","overlay-opacity":"","overlay-gradient":""},"tablet":{"background-color":"var(--ast-global-color-4)","background-image":"","background-repeat":"repeat","background-position":"center center","background-size":"auto","background-attachment":"scroll","background-type":"","background-media":"","overlay-type":"","overlay-color":"","overlay-opacity":"","overlay-gradient":""},"mobile":{"background-color":"var(--ast-global-color-4)","background-image":"","background-repeat":"repeat","background-position":"center center","background-size":"auto","background-attachment":"scroll","background-type":"","background-media":"","overlay-type":"","overlay-color":"","overlay-opacity":"","overlay-gradient":""}},"footnotes":""},"categories":[1,29],"tags":[193,238,219],"class_list":["post-6065","post","type-post","status-publish","format-standard","has-post-thumbnail","hentry","category-general","category-portada","tag-cicles-formatius","tag-curs-24-25","tag-matricula"],"post_mailing_queue_ids":[],"_links":{"self":[{"href":"https:\/\/agora.xtec.cat\/iesgallecs\/wp-json\/wp\/v2\/posts\/6065","targetHints":{"allow":["GET"]}}],"collection":[{"href":"https:\/\/agora.xtec.cat\/iesgallecs\/wp-json\/wp\/v2\/posts"}],"about":[{"href":"https:\/\/agora.xtec.cat\/iesgallecs\/wp-json\/wp\/v2\/types\/post"}],"author":[{"embeddable":true,"href":"https:\/\/agora.xtec.cat\/iesgallecs\/wp-json\/wp\/v2\/users\/36"}],"replies":[{"embeddable":true,"href":"https:\/\/agora.xtec.cat\/iesgallecs\/wp-json\/wp\/v2\/comments?post=6065"}],"version-history":[{"count":1,"href":"https:\/\/agora.xtec.cat\/iesgallecs\/wp-json\/wp\/v2\/posts\/6065\/revisions"}],"predecessor-version":[{"id":6067,"href":"https:\/\/agora.xtec.cat\/iesgallecs\/wp-json\/wp\/v2\/posts\/6065\/revisions\/6067"}],"wp:featuredmedia":[{"embeddable":true,"href":"https:\/\/agora.xtec.cat\/iesgallecs\/wp-json\/wp\/v2\/media\/6066"}],"wp:attachment":[{"href":"https:\/\/agora.xtec.cat\/iesgallecs\/wp-json\/wp\/v2\/media?parent=6065"}],"wp:term":[{"taxonomy":"category","embeddable":true,"href":"https:\/\/agora.xtec.cat\/iesgallecs\/wp-json\/wp\/v2\/categories?post=6065"},{"taxonomy":"post_tag","embeddable":true,"href":"https:\/\/agora.xtec.cat\/iesgallecs\/wp-json\/wp\/v2\/tags?post=6065"}],"curies":[{"name":"wp","href":"https:\/\/api.w.org\/{rel}","templated":true}]}}